{"id":41735,"date":"2026-05-01T22:44:57","date_gmt":"2026-05-02T05:44:57","guid":{"rendered":"https:\/\/visionciudadana.com.mx\/oficial\/?p=41735"},"modified":"2026-05-01T22:44:57","modified_gmt":"2026-05-02T05:44:57","slug":"cabildo-de-culiacan-designa-a-ana-miriam-ramos-villarreal-como-alcaldesa-provisional-tras-licencia-de-gamez-mendivil","status":"publish","type":"post","link":"https:\/\/visionciudadana.com.mx\/oficial\/2026\/05\/01\/cabildo-de-culiacan-designa-a-ana-miriam-ramos-villarreal-como-alcaldesa-provisional-tras-licencia-de-gamez-mendivil\/","title":{"rendered":"Cabildo de Culiac\u00e1n designa a Ana Miriam Ramos Villarreal como alcaldesa provisional tras licencia de G\u00e1mez Mend\u00edvil"},"content":{"rendered":"\n<p><\/p>\n\n\n\n<figure class=\"wp-block-image size-large\"><img fetchpriority=\"high\" decoding=\"async\" width=\"1024\" height=\"565\" src=\"https:\/\/visionciudadana.com.mx\/oficial\/wp-content\/uploads\/2026\/05\/img_8610-1024x565.jpg\" class=\"wp-image-41733\" srcset=\"https:\/\/visionciudadana.com.mx\/oficial\/wp-content\/uploads\/2026\/05\/img_8610-1024x565.jpg 1024w, https:\/\/visionciudadana.com.mx\/oficial\/wp-content\/uploads\/2026\/05\/img_8610-300x165.jpg 300w, https:\/\/visionciudadana.com.mx\/oficial\/wp-content\/uploads\/2026\/05\/img_8610-768x423.jpg 768w, https:\/\/visionciudadana.com.mx\/oficial\/wp-content\/uploads\/2026\/05\/img_8610.jpg 1206w\" sizes=\"(max-width: 1024px) 100vw, 1024px\" \/><\/figure>\n\n\n\n<p class=\"p1\">Culiac\u00e1n, Sinaloa; 01 de mayo de 2026.- En sesi\u00f3n extraordinaria de Cabildo celebrada la noche de este viernes, Ana Miriam Ramos Villarreal, quien se desempe\u00f1aba como s\u00edndica procuradora, rindi\u00f3 protesta como presidenta municipal provisional del Ayuntamiento de Culiac\u00e1n, tras la solicitud de licencia temporal presentada por el alcalde Juan de Dios G\u00e1mez Mend\u00edvil.<\/p>\n\n\n\n<p class=\"p1\">La designaci\u00f3n se llev\u00f3 a cabo conforme a los procedimientos establecidos, luego de que el Cabildo analizara y aprobara la separaci\u00f3n temporal del cargo del presidente municipal. En este contexto, Ramos Villarreal asumi\u00f3 la responsabilidad de encabezar la administraci\u00f3n municipal durante el periodo que dure la licencia.<\/p>\n\n\n\n<p>Cabe destacar que la separaci\u00f3n del cargo se da en el contexto de investigaciones que ser\u00e1n realizadas por autoridades de Estados Unidos, situaci\u00f3n que motiv\u00f3 la solicitud de licencia del presidente municipal.<\/p>\n\n\n\n<p><\/p>\n\n\n\n<p><\/p>\n\n\n\n<p><\/p>\n\n\n\n<p><\/p>\n\n\n\n<p>REDACCI\u00d3N\/CELINA FONSECA. <\/p>\n","protected":false},"excerpt":{"rendered":"<p>Culiac\u00e1n, Sinaloa; 01 de mayo de 2026.- En sesi\u00f3n extraordinaria de Cabildo celebrada la noche de este viernes, Ana Miriam Ramos Villarreal, quien se desempe\u00f1aba como s\u00edndica procuradora, rindi\u00f3 protesta como presidenta municipal provisional del Ayuntamiento de Culiac\u00e1n, tras la solicitud de licencia temporal presentada por el alcalde Juan de Dios G\u00e1mez Mend\u00edvil. La designaci\u00f3n [&hellip;]<\/p>\n","protected":false},"author":11,"featured_media":41734,"comment_status":"closed","ping_status":"closed","sticky":false,"template":"","format":"standard","meta":{"footnotes":""},"categories":[13,24],"tags":[],"ppma_author":[42],"class_list":["post-41735","post","type-post","status-publish","format-standard","has-post-thumbnail","hentry","category-locales","category-relevantes"],"aioseo_notices":[],"authors":[{"term_id":42,"user_id":11,"is_guest":0,"slug":"celinavision","display_name":"Redacci\u00f3n Vision Ciudadana","avatar_url":"https:\/\/secure.gravatar.com\/avatar\/5974f79b452df50dc11600a3c0f261022fc34eb0879d83b503e86107cd3e64cc?s=96&d=mm&r=g","0":null,"1":"","2":"","3":"","4":"","5":"","6":"","7":"","8":""}],"_links":{"self":[{"href":"https:\/\/visionciudadana.com.mx\/oficial\/wp-json\/wp\/v2\/posts\/41735","targetHints":{"allow":["GET"]}}],"collection":[{"href":"https:\/\/visionciudadana.com.mx\/oficial\/wp-json\/wp\/v2\/posts"}],"about":[{"href":"https:\/\/visionciudadana.com.mx\/oficial\/wp-json\/wp\/v2\/types\/post"}],"author":[{"embeddable":true,"href":"https:\/\/visionciudadana.com.mx\/oficial\/wp-json\/wp\/v2\/users\/11"}],"replies":[{"embeddable":true,"href":"https:\/\/visionciudadana.com.mx\/oficial\/wp-json\/wp\/v2\/comments?post=41735"}],"version-history":[{"count":1,"href":"https:\/\/visionciudadana.com.mx\/oficial\/wp-json\/wp\/v2\/posts\/41735\/revisions"}],"predecessor-version":[{"id":41736,"href":"https:\/\/visionciudadana.com.mx\/oficial\/wp-json\/wp\/v2\/posts\/41735\/revisions\/41736"}],"wp:featuredmedia":[{"embeddable":true,"href":"https:\/\/visionciudadana.com.mx\/oficial\/wp-json\/wp\/v2\/media\/41734"}],"wp:attachment":[{"href":"https:\/\/visionciudadana.com.mx\/oficial\/wp-json\/wp\/v2\/media?parent=41735"}],"wp:term":[{"taxonomy":"category","embeddable":true,"href":"https:\/\/visionciudadana.com.mx\/oficial\/wp-json\/wp\/v2\/categories?post=41735"},{"taxonomy":"post_tag","embeddable":true,"href":"https:\/\/visionciudadana.com.mx\/oficial\/wp-json\/wp\/v2\/tags?post=41735"},{"taxonomy":"author","embeddable":true,"href":"https:\/\/visionciudadana.com.mx\/oficial\/wp-json\/wp\/v2\/ppma_author?post=41735"}],"curies":[{"name":"wp","href":"https:\/\/api.w.org\/{rel}","templated":true}]}}