{"id":41730,"date":"2026-05-01T22:02:34","date_gmt":"2026-05-02T05:02:34","guid":{"rendered":"https:\/\/visionciudadana.com.mx\/oficial\/?p=41730"},"modified":"2026-05-01T22:02:57","modified_gmt":"2026-05-02T05:02:57","slug":"gobernador-de-sinaloa-solicita-licencia-temporal-para-separarse-del-cargo-mientras-avanzan-investigaciones","status":"publish","type":"post","link":"https:\/\/visionciudadana.com.mx\/oficial\/2026\/05\/01\/gobernador-de-sinaloa-solicita-licencia-temporal-para-separarse-del-cargo-mientras-avanzan-investigaciones\/","title":{"rendered":"Gobernador de Sinaloa solicita licencia temporal para separarse del cargo mientras avanzan investigaciones"},"content":{"rendered":"\n<p><\/p>\n\n\n\n<figure class=\"wp-block-image size-large\"><img fetchpriority=\"high\" decoding=\"async\" width=\"300\" height=\"225\" src=\"https:\/\/visionciudadana.com.mx\/oficial\/wp-content\/uploads\/2026\/05\/a12ca052-d24b-48b2-955c-1f05be53a364-300x225.jpg\" alt=\"\" class=\"wp-image-41728\" srcset=\"https:\/\/visionciudadana.com.mx\/oficial\/wp-content\/uploads\/2026\/05\/a12ca052-d24b-48b2-955c-1f05be53a364-300x225.jpg 300w, https:\/\/visionciudadana.com.mx\/oficial\/wp-content\/uploads\/2026\/05\/a12ca052-d24b-48b2-955c-1f05be53a364.jpg 732w\" sizes=\"(max-width: 300px) 100vw, 300px\" \/><\/figure>\n\n\n\n<p>*Tengo la conciencia tranquila, nunca traicionar\u00eda ni a mi pueblo, no a mi familia\u201d.<\/p>\n\n\n\n<p class=\"p1\">Culiac\u00e1n, Sinaloa; mayo 1 de 2026.- En medio de un contexto de se\u00f1alamientos en su contra, el gobernador de Sinaloa anunci\u00f3 que solicit\u00f3 licencia temporal al cargo ante el Congreso del Estado, con el objetivo de separarse de sus funciones mientras se desarrollan las investigaciones correspondientes.<\/p>\n\n\n\n<p class=\"p1\">A trav\u00e9s de un mensaje dirigido a la ciudadan\u00eda, el mandatario asegur\u00f3 que enfrenta las acusaciones con tranquilidad y rechaz\u00f3 de manera categ\u00f3rica los se\u00f1alamientos, al calificarlos como infundados. \u201cTengo la conciencia tranquila, una vida de trabajo respalda mis palabras. Lo digo clara y contundentemente: son falsas y dolosas las acusaciones que se han vertido en mi contra\u201d, expres\u00f3.<\/p>\n\n\n\n<p class=\"p1\">El titular del Ejecutivo estatal sostuvo que puede dirigirse de frente a la poblaci\u00f3n sinaloense, al afirmar que no ha fallado a la confianza depositada en \u00e9l. \u201cA mi pueblo y a mi familia los puedo ver de frente porque no los he traicionado y nunca, nunca lo traicionar\u00e9\u201d, puntualiz\u00f3.<\/p>\n\n\n\n<p class=\"p1\">Asimismo, subray\u00f3 que ser\u00e1 en el marco institucional donde demostrar\u00e1 su postura. \u201cEso lo demostrar\u00e9 con firmeza en el momento que las instituciones de justicia de nuestro pa\u00eds lo requieran\u201d, indic\u00f3, al tiempo que rechaz\u00f3 cualquier intento de utilizar su caso para afectar al movimiento pol\u00edtico al que pertenece.<\/p>\n\n\n\n<p class=\"p1\">En su posicionamiento, el gobernador defendi\u00f3 los avances de dicho movimiento y asegur\u00f3 que ha contribuido a mejorar las condiciones de millones de mexicanos. \u201cNo voy a permitir que me utilicen para da\u00f1ar al movimiento al que pertenezco y que ha cambiado para bien la vida de millones de mexicanas y mexicanos\u201d, afirm\u00f3.<\/p>\n\n\n\n<p class=\"p2\">Finalmente, confirm\u00f3 que la decisi\u00f3n de separarse temporalmente del cargo responde a la intenci\u00f3n de facilitar el desarrollo de las investigaciones. \u201cHoy present\u00e9 ante el Congreso del Estado la solicitud de licencia temporal al cargo de gobernador, mientras dure el proceso de investigaci\u00f3n\u2026 lo hago con la finalidad de facilitar la actuaci\u00f3n de las autoridades mexicanas en el proceso de investigaci\u00f3n ya citado\u201d, concluy\u00f3.<\/p>\n\n\n\n<p><\/p>\n\n\n\n<p><\/p>\n\n\n\n<p><\/p>\n\n\n\n<p><\/p>\n\n\n\n<p>REDACCI\u00d3N\/CELINA FONSECA <\/p>\n","protected":false},"excerpt":{"rendered":"<p>*Tengo la conciencia tranquila, nunca traicionar\u00eda ni a mi pueblo, no a mi familia\u201d. Culiac\u00e1n, Sinaloa; mayo 1 de 2026.- En medio de un contexto de se\u00f1alamientos en su contra, el gobernador de Sinaloa anunci\u00f3 que solicit\u00f3 licencia temporal al cargo ante el Congreso del Estado, con el objetivo de separarse de sus funciones mientras [&hellip;]<\/p>\n","protected":false},"author":11,"featured_media":41729,"comment_status":"closed","ping_status":"closed","sticky":false,"template":"","format":"standard","meta":{"footnotes":""},"categories":[13,24],"tags":[],"ppma_author":[42],"class_list":["post-41730","post","type-post","status-publish","format-standard","has-post-thumbnail","hentry","category-locales","category-relevantes"],"aioseo_notices":[],"authors":[{"term_id":42,"user_id":11,"is_guest":0,"slug":"celinavision","display_name":"Redacci\u00f3n Vision Ciudadana","avatar_url":"https:\/\/secure.gravatar.com\/avatar\/5974f79b452df50dc11600a3c0f261022fc34eb0879d83b503e86107cd3e64cc?s=96&d=mm&r=g","0":null,"1":"","2":"","3":"","4":"","5":"","6":"","7":"","8":""}],"_links":{"self":[{"href":"https:\/\/visionciudadana.com.mx\/oficial\/wp-json\/wp\/v2\/posts\/41730","targetHints":{"allow":["GET"]}}],"collection":[{"href":"https:\/\/visionciudadana.com.mx\/oficial\/wp-json\/wp\/v2\/posts"}],"about":[{"href":"https:\/\/visionciudadana.com.mx\/oficial\/wp-json\/wp\/v2\/types\/post"}],"author":[{"embeddable":true,"href":"https:\/\/visionciudadana.com.mx\/oficial\/wp-json\/wp\/v2\/users\/11"}],"replies":[{"embeddable":true,"href":"https:\/\/visionciudadana.com.mx\/oficial\/wp-json\/wp\/v2\/comments?post=41730"}],"version-history":[{"count":2,"href":"https:\/\/visionciudadana.com.mx\/oficial\/wp-json\/wp\/v2\/posts\/41730\/revisions"}],"predecessor-version":[{"id":41732,"href":"https:\/\/visionciudadana.com.mx\/oficial\/wp-json\/wp\/v2\/posts\/41730\/revisions\/41732"}],"wp:featuredmedia":[{"embeddable":true,"href":"https:\/\/visionciudadana.com.mx\/oficial\/wp-json\/wp\/v2\/media\/41729"}],"wp:attachment":[{"href":"https:\/\/visionciudadana.com.mx\/oficial\/wp-json\/wp\/v2\/media?parent=41730"}],"wp:term":[{"taxonomy":"category","embeddable":true,"href":"https:\/\/visionciudadana.com.mx\/oficial\/wp-json\/wp\/v2\/categories?post=41730"},{"taxonomy":"post_tag","embeddable":true,"href":"https:\/\/visionciudadana.com.mx\/oficial\/wp-json\/wp\/v2\/tags?post=41730"},{"taxonomy":"author","embeddable":true,"href":"https:\/\/visionciudadana.com.mx\/oficial\/wp-json\/wp\/v2\/ppma_author?post=41730"}],"curies":[{"name":"wp","href":"https:\/\/api.w.org\/{rel}","templated":true}]}}