{"id":41726,"date":"2026-05-01T17:10:52","date_gmt":"2026-05-02T00:10:52","guid":{"rendered":"https:\/\/visionciudadana.com.mx\/oficial\/?p=41726"},"modified":"2026-05-01T17:10:52","modified_gmt":"2026-05-02T00:10:52","slug":"fgr-descarta-por-ahora-detencion-provisional-con-fines-de-extradicion-ante-falta-de-pruebas-y-urgencia-en-solicitud-de-ee-uu","status":"publish","type":"post","link":"https:\/\/visionciudadana.com.mx\/oficial\/2026\/05\/01\/fgr-descarta-por-ahora-detencion-provisional-con-fines-de-extradicion-ante-falta-de-pruebas-y-urgencia-en-solicitud-de-ee-uu\/","title":{"rendered":"FGR descarta, por ahora, detenci\u00f3n provisional con fines de extradici\u00f3n ante falta de pruebas y urgencia en solicitud de EE.UU."},"content":{"rendered":"\n<p><\/p>\n\n\n\n<figure class=\"wp-block-image size-large\"><img fetchpriority=\"high\" decoding=\"async\" width=\"1024\" height=\"768\" src=\"https:\/\/visionciudadana.com.mx\/oficial\/wp-content\/uploads\/2026\/05\/44561953-6f04-4004-9ef6-4bd87d05338c-1024x768.jpg\" class=\"wp-image-41724\" srcset=\"https:\/\/visionciudadana.com.mx\/oficial\/wp-content\/uploads\/2026\/05\/44561953-6f04-4004-9ef6-4bd87d05338c-1024x768.jpg 1024w, https:\/\/visionciudadana.com.mx\/oficial\/wp-content\/uploads\/2026\/05\/44561953-6f04-4004-9ef6-4bd87d05338c-300x225.jpg 300w, https:\/\/visionciudadana.com.mx\/oficial\/wp-content\/uploads\/2026\/05\/44561953-6f04-4004-9ef6-4bd87d05338c-768x576.jpg 768w, https:\/\/visionciudadana.com.mx\/oficial\/wp-content\/uploads\/2026\/05\/44561953-6f04-4004-9ef6-4bd87d05338c.jpg 1525w\" sizes=\"(max-width: 1024px) 100vw, 1024px\" \/><\/figure>\n\n\n\n<p class=\"p1\"><strong>Ciudad de M\u00e9xico, 01 de mayo de 2026.-<\/strong> La Fiscal\u00eda General de la Rep\u00fablica (FGR) inform\u00f3 que la solicitud presentada por autoridades de Estados Unidos para la detenci\u00f3n provisional de diez ciudadanos mexicanos, con fines de extradici\u00f3n, carece de elementos suficientes para justificar su aplicaci\u00f3n en este momento.<\/p>\n\n\n\n<p class=\"p1\">De acuerdo con el comunicado oficial, la petici\u00f3n fue canalizada a trav\u00e9s de la Secretar\u00eda de Relaciones Exteriores (SRE), tras ser emitida por la Fiscal\u00eda Federal del Distrito Sur de Nueva York, dependiente del Departamento de Justicia de Estados Unidos. La FGR precis\u00f3 que el procedimiento no corresponde a una solicitud formal de extradici\u00f3n, sino a una medida cautelar previa.<\/p>\n\n\n\n<p class=\"p1\">La instituci\u00f3n explic\u00f3 que la detenci\u00f3n provisional, contemplada en el art\u00edculo 11 del Tratado de Extradici\u00f3n Bilateral entre M\u00e9xico y Estados Unidos y en la Ley de Extradici\u00f3n Internacional, implica una restricci\u00f3n a derechos humanos, por lo que su otorgamiento exige la existencia de fundamentos s\u00f3lidos, as\u00ed como la acreditaci\u00f3n de urgencia para evitar la evasi\u00f3n de la justicia.<\/p>\n\n\n\n<p class=\"p1\">Tras el an\u00e1lisis inicial del expediente, la Fiscal\u00eda determin\u00f3 que el pedimento no contiene argumentos ni evidencias que sustenten la necesidad inmediata de aplicar dicha medida. Asimismo, se\u00f1al\u00f3 la ausencia de pruebas que acrediten la comisi\u00f3n de delitos que hagan impostergable la detenci\u00f3n de las personas se\u00f1aladas.<\/p>\n\n\n\n<p class=\"p1\">Ante este escenario, la FGR notificar\u00e1 a la Canciller\u00eda para que solicite formalmente a la autoridad requirente la documentaci\u00f3n complementaria necesaria, bajo esquemas que garanticen la confidencialidad del proceso, con el fin de realizar una valoraci\u00f3n jur\u00eddica integral.<\/p>\n\n\n\n<p class=\"p2\">La dependencia reiter\u00f3 que, de manera paralela, mantiene investigaciones en territorio nacional relacionadas con los hechos referidos, conforme al marco legal vigente, y sostuvo que su actuaci\u00f3n se rige por el respeto a la legalidad, el debido proceso y la defensa de la soberan\u00eda nacional.<\/p>\n\n\n\n<p><\/p>\n\n\n\n<p><\/p>\n\n\n\n<p><\/p>\n\n\n\n<p><\/p>\n\n\n\n<p>REDACCI\u00d3N\/VISION CIUDADANA. <\/p>\n","protected":false},"excerpt":{"rendered":"<p>Ciudad de M\u00e9xico, 01 de mayo de 2026.- La Fiscal\u00eda General de la Rep\u00fablica (FGR) inform\u00f3 que la solicitud presentada por autoridades de Estados Unidos para la detenci\u00f3n provisional de diez ciudadanos mexicanos, con fines de extradici\u00f3n, carece de elementos suficientes para justificar su aplicaci\u00f3n en este momento. De acuerdo con el comunicado oficial, la [&hellip;]<\/p>\n","protected":false},"author":11,"featured_media":41725,"comment_status":"closed","ping_status":"closed","sticky":false,"template":"","format":"standard","meta":{"footnotes":""},"categories":[24,14],"tags":[],"ppma_author":[42],"class_list":["post-41726","post","type-post","status-publish","format-standard","has-post-thumbnail","hentry","category-relevantes","category-seguridad"],"aioseo_notices":[],"authors":[{"term_id":42,"user_id":11,"is_guest":0,"slug":"celinavision","display_name":"Redacci\u00f3n Vision Ciudadana","avatar_url":"https:\/\/secure.gravatar.com\/avatar\/5974f79b452df50dc11600a3c0f261022fc34eb0879d83b503e86107cd3e64cc?s=96&d=mm&r=g","0":null,"1":"","2":"","3":"","4":"","5":"","6":"","7":"","8":""}],"_links":{"self":[{"href":"https:\/\/visionciudadana.com.mx\/oficial\/wp-json\/wp\/v2\/posts\/41726","targetHints":{"allow":["GET"]}}],"collection":[{"href":"https:\/\/visionciudadana.com.mx\/oficial\/wp-json\/wp\/v2\/posts"}],"about":[{"href":"https:\/\/visionciudadana.com.mx\/oficial\/wp-json\/wp\/v2\/types\/post"}],"author":[{"embeddable":true,"href":"https:\/\/visionciudadana.com.mx\/oficial\/wp-json\/wp\/v2\/users\/11"}],"replies":[{"embeddable":true,"href":"https:\/\/visionciudadana.com.mx\/oficial\/wp-json\/wp\/v2\/comments?post=41726"}],"version-history":[{"count":1,"href":"https:\/\/visionciudadana.com.mx\/oficial\/wp-json\/wp\/v2\/posts\/41726\/revisions"}],"predecessor-version":[{"id":41727,"href":"https:\/\/visionciudadana.com.mx\/oficial\/wp-json\/wp\/v2\/posts\/41726\/revisions\/41727"}],"wp:featuredmedia":[{"embeddable":true,"href":"https:\/\/visionciudadana.com.mx\/oficial\/wp-json\/wp\/v2\/media\/41725"}],"wp:attachment":[{"href":"https:\/\/visionciudadana.com.mx\/oficial\/wp-json\/wp\/v2\/media?parent=41726"}],"wp:term":[{"taxonomy":"category","embeddable":true,"href":"https:\/\/visionciudadana.com.mx\/oficial\/wp-json\/wp\/v2\/categories?post=41726"},{"taxonomy":"post_tag","embeddable":true,"href":"https:\/\/visionciudadana.com.mx\/oficial\/wp-json\/wp\/v2\/tags?post=41726"},{"taxonomy":"author","embeddable":true,"href":"https:\/\/visionciudadana.com.mx\/oficial\/wp-json\/wp\/v2\/ppma_author?post=41726"}],"curies":[{"name":"wp","href":"https:\/\/api.w.org\/{rel}","templated":true}]}}