{"id":41722,"date":"2026-05-01T07:05:00","date_gmt":"2026-05-01T14:05:00","guid":{"rendered":"https:\/\/visionciudadana.com.mx\/oficial\/?p=41722"},"modified":"2026-05-01T12:37:12","modified_gmt":"2026-05-01T19:37:12","slug":"mente-sana-mejor-desempeno-realiza-la-facultad-de-arquitectura-de-la-uas-conferencia-sobre-manejo-de-estres-y-bienestar-estudiantil","status":"publish","type":"post","link":"https:\/\/visionciudadana.com.mx\/oficial\/2026\/05\/01\/mente-sana-mejor-desempeno-realiza-la-facultad-de-arquitectura-de-la-uas-conferencia-sobre-manejo-de-estres-y-bienestar-estudiantil\/","title":{"rendered":"\u00a1Mente sana, mejor desempe\u00f1o! Realiza la Facultad de Arquitectura de la UAS conferencia sobre manejo de estr\u00e9s y bienestar estudiantil"},"content":{"rendered":"\n<p><\/p>\n\n\n\n<figure class=\"wp-block-image size-large\"><img fetchpriority=\"high\" decoding=\"async\" width=\"1024\" height=\"768\" src=\"https:\/\/visionciudadana.com.mx\/oficial\/wp-content\/uploads\/2026\/05\/723125e8-a9d6-4e64-989b-434e8a61f307-1024x768.jpg\" class=\"wp-image-41720\" srcset=\"https:\/\/visionciudadana.com.mx\/oficial\/wp-content\/uploads\/2026\/05\/723125e8-a9d6-4e64-989b-434e8a61f307-1024x768.jpg 1024w, https:\/\/visionciudadana.com.mx\/oficial\/wp-content\/uploads\/2026\/05\/723125e8-a9d6-4e64-989b-434e8a61f307-300x225.jpg 300w, https:\/\/visionciudadana.com.mx\/oficial\/wp-content\/uploads\/2026\/05\/723125e8-a9d6-4e64-989b-434e8a61f307-768x576.jpg 768w, https:\/\/visionciudadana.com.mx\/oficial\/wp-content\/uploads\/2026\/05\/723125e8-a9d6-4e64-989b-434e8a61f307.jpg 1419w\" sizes=\"(max-width: 1024px) 100vw, 1024px\" \/><\/figure>\n\n\n\n<p>Culiac\u00e1n, Sinaloa; mayo 01 de 2026.- La Facultad de Arquitectura (FAUAS) de la Universidad Aut\u00f3noma de Sinaloa (UAS) llev\u00f3 a cabo la conferencia \u201cRendimiento contra estr\u00e9s: la ciencia de c\u00f3mo percibes la carga para no quemarte\u201d en el Auditorio Germ\u00e1n Ben\u00edtez. La actividad estuvo dirigida principalmente a estudiantes, con el objetivo de fortalecer su bienestar mental y mejorar su desempe\u00f1o acad\u00e9mico.<\/p>\n\n\n\n<p>El evento fue organizado por el Departamento de Tutor\u00edas de la facultad, encabezado por la coordinadora, la maestra Andrea de Jes\u00fas Loaiza Villa, quien destac\u00f3 que estas acciones forman parte de una estrategia institucional enfocada en la salud integral. Asimismo, reconoci\u00f3 que el bienestar emocional es clave para un rendimiento acad\u00e9mico \u00f3ptimo.<\/p>\n\n\n\n<p>Durante su intervenci\u00f3n, Loaiza Villa explic\u00f3 que estas conferencias surgen a partir de un an\u00e1lisis de las principales problem\u00e1ticas que enfrentan los estudiantes, tales como el estr\u00e9s derivado de ex\u00e1menes y la carga escolar. Se\u00f1al\u00f3 que estas exigencias pueden escalar a situaciones m\u00e1s complejas si no se atienden a tiempo, por lo que enfatiz\u00f3 la importancia de la prevenci\u00f3n.<\/p>\n\n\n\n<p>La ponencia estuvo a cargo del psic\u00f3logo Jes\u00fas Ad\u00e1n Laurent Aceves, quien abord\u00f3 estrategias para regular el estr\u00e9s y replantear la forma en que los j\u00f3venes perciben sus responsabilidades. Adem\u00e1s, brind\u00f3 herramientas pr\u00e1cticas para evitar el desgaste emocional y fortalecer el equilibrio personal, acad\u00e9mico y social de los asistentes.<\/p>\n\n\n\n<p>Finalmente, Loaiza Villa resalt\u00f3 la necesidad de generar conciencia sobre la salud mental, se\u00f1alando: \u201cConcientizar realmente las cuestiones que afectan la salud mental ser\u00eda primordial para lograr un bienestar integral\u2026 porque a partir de esta base podemos combatir muchos problemas, no solo a nivel acad\u00e9mico, sino a nivel social\u201d.<\/p>\n\n\n\n<p>Con estas acciones, la UAS reafirma su compromiso con la formaci\u00f3n integral de sus estudiantes, promoviendo espacios que favorecen su desarrollo humano.<\/p>\n\n\n\n<p><\/p>\n\n\n\n<p><\/p>\n\n\n\n<p><\/p>\n\n\n\n<p><\/p>\n\n\n\n<p><\/p>\n\n\n\n<p>REDACCI\u00d3N\/VISION CIUDADANA <\/p>\n","protected":false},"excerpt":{"rendered":"<p>Culiac\u00e1n, Sinaloa; mayo 01 de 2026.- La Facultad de Arquitectura (FAUAS) de la Universidad Aut\u00f3noma de Sinaloa (UAS) llev\u00f3 a cabo la conferencia \u201cRendimiento contra estr\u00e9s: la ciencia de c\u00f3mo percibes la carga para no quemarte\u201d en el Auditorio Germ\u00e1n Ben\u00edtez. La actividad estuvo dirigida principalmente a estudiantes, con el objetivo de fortalecer su bienestar [&hellip;]<\/p>\n","protected":false},"author":11,"featured_media":41721,"comment_status":"closed","ping_status":"closed","sticky":false,"template":"","format":"standard","meta":{"footnotes":""},"categories":[13],"tags":[],"ppma_author":[42],"class_list":["post-41722","post","type-post","status-publish","format-standard","has-post-thumbnail","hentry","category-locales"],"aioseo_notices":[],"authors":[{"term_id":42,"user_id":11,"is_guest":0,"slug":"celinavision","display_name":"Redacci\u00f3n Vision Ciudadana","avatar_url":"https:\/\/secure.gravatar.com\/avatar\/5974f79b452df50dc11600a3c0f261022fc34eb0879d83b503e86107cd3e64cc?s=96&d=mm&r=g","0":null,"1":"","2":"","3":"","4":"","5":"","6":"","7":"","8":""}],"_links":{"self":[{"href":"https:\/\/visionciudadana.com.mx\/oficial\/wp-json\/wp\/v2\/posts\/41722","targetHints":{"allow":["GET"]}}],"collection":[{"href":"https:\/\/visionciudadana.com.mx\/oficial\/wp-json\/wp\/v2\/posts"}],"about":[{"href":"https:\/\/visionciudadana.com.mx\/oficial\/wp-json\/wp\/v2\/types\/post"}],"author":[{"embeddable":true,"href":"https:\/\/visionciudadana.com.mx\/oficial\/wp-json\/wp\/v2\/users\/11"}],"replies":[{"embeddable":true,"href":"https:\/\/visionciudadana.com.mx\/oficial\/wp-json\/wp\/v2\/comments?post=41722"}],"version-history":[{"count":1,"href":"https:\/\/visionciudadana.com.mx\/oficial\/wp-json\/wp\/v2\/posts\/41722\/revisions"}],"predecessor-version":[{"id":41723,"href":"https:\/\/visionciudadana.com.mx\/oficial\/wp-json\/wp\/v2\/posts\/41722\/revisions\/41723"}],"wp:featuredmedia":[{"embeddable":true,"href":"https:\/\/visionciudadana.com.mx\/oficial\/wp-json\/wp\/v2\/media\/41721"}],"wp:attachment":[{"href":"https:\/\/visionciudadana.com.mx\/oficial\/wp-json\/wp\/v2\/media?parent=41722"}],"wp:term":[{"taxonomy":"category","embeddable":true,"href":"https:\/\/visionciudadana.com.mx\/oficial\/wp-json\/wp\/v2\/categories?post=41722"},{"taxonomy":"post_tag","embeddable":true,"href":"https:\/\/visionciudadana.com.mx\/oficial\/wp-json\/wp\/v2\/tags?post=41722"},{"taxonomy":"author","embeddable":true,"href":"https:\/\/visionciudadana.com.mx\/oficial\/wp-json\/wp\/v2\/ppma_author?post=41722"}],"curies":[{"name":"wp","href":"https:\/\/api.w.org\/{rel}","templated":true}]}}