{"id":41712,"date":"2026-04-30T15:08:00","date_gmt":"2026-04-30T22:08:00","guid":{"rendered":"https:\/\/visionciudadana.com.mx\/oficial\/?p=41712"},"modified":"2026-04-30T16:25:18","modified_gmt":"2026-04-30T23:25:18","slug":"morena-es-el-cartel-mas-mortal-y-peligroso-del-mundo-paola-garate","status":"publish","type":"post","link":"https:\/\/visionciudadana.com.mx\/oficial\/2026\/04\/30\/morena-es-el-cartel-mas-mortal-y-peligroso-del-mundo-paola-garate\/","title":{"rendered":"Morena es el cartel m\u00e1s mortal y peligroso del mundo: Paola G\u00e1rate"},"content":{"rendered":"\n<p><\/p>\n\n\n\n<figure class=\"wp-block-image size-large\"><img fetchpriority=\"high\" decoding=\"async\" width=\"1024\" height=\"768\" src=\"https:\/\/visionciudadana.com.mx\/oficial\/wp-content\/uploads\/2026\/04\/b76fc1d9-0694-45e5-8182-c95c5c71411b-1024x768.jpg\" class=\"wp-image-41710\" srcset=\"https:\/\/visionciudadana.com.mx\/oficial\/wp-content\/uploads\/2026\/04\/b76fc1d9-0694-45e5-8182-c95c5c71411b-1024x768.jpg 1024w, https:\/\/visionciudadana.com.mx\/oficial\/wp-content\/uploads\/2026\/04\/b76fc1d9-0694-45e5-8182-c95c5c71411b-300x225.jpg 300w, https:\/\/visionciudadana.com.mx\/oficial\/wp-content\/uploads\/2026\/04\/b76fc1d9-0694-45e5-8182-c95c5c71411b-768x576.jpg 768w, https:\/\/visionciudadana.com.mx\/oficial\/wp-content\/uploads\/2026\/04\/b76fc1d9-0694-45e5-8182-c95c5c71411b.jpg 1427w\" sizes=\"(max-width: 1024px) 100vw, 1024px\" \/><\/figure>\n\n\n\n<p>*Un gran jurado estadunidense determin\u00f3 que hay elementos suficientes para llevar a los acusados ante una corte federal<\/p>\n\n\n\n<p>Culiac\u00e1n, Sinaloa; abril 30 de 2026.- La acusaci\u00f3n en contra del gobernador de Sinaloa, un senador, presidente municipal de Culiac\u00e1n y otros personajes del \u00e1rea de seguridad y justicia, no es pol\u00edtica, es una acusaci\u00f3n judicial con cargos precisos: asociaci\u00f3n delictuosa para proteger operaciones de narcotr\u00e1fico, recepci\u00f3n de millonarios sobornos y \u2014esto no puede perderse de vista\u2014 haber operado para que Morena ganara la elecci\u00f3n de 2021 mediante intimidaci\u00f3n y secuestro de operadores pol\u00edticos opositores, manifest\u00f3 la diputada priista Paola G\u00e1rate.<\/p>\n\n\n\n<p>Ante el pleno del congreso local, extern\u00f3 que para que ese documento llegara a ser p\u00fablico tuvo que superar el escrutinio de un Gran Jurado federal, que analiz\u00f3 las pruebas presentadas por la Fiscal\u00eda de los Estados Unidos y determin\u00f3 que hab\u00eda elementos suficientes para llevar a los acusados ante una corte federal.<\/p>\n\n\n\n<p>Ante los m\u00faltiples posicionamientos de personajes y funcionarios federales de primer nivel del partido de Morena, se\u00f1al\u00f3 que existe un gran peligro: ignorar la solicitud de detenci\u00f3n y extradici\u00f3n de los inculpados, envolverse en ret\u00f3rica nacionalista y negarse a agotar las v\u00edas jur\u00eddicas y diplom\u00e1ticas que los tratados internacionales en la materia establecen, no protege la soberan\u00eda de M\u00e9xico: la compromete.<\/p>\n\n\n\n<p>Paola G\u00e1rate advirti\u00f3: fractura acuerdos bilaterales vigentes pone en riesgo relaciones que nos costaron d\u00e9cadas construir y constituye una confesi\u00f3n t\u00e1cita de que quienes gobiernan este estado s\u00ed tienen v\u00ednculos con el crimen organizado.<\/p>\n\n\n\n<p>\u201cLa impunidad no es soberan\u00eda. Y mirar hacia otro lado frente a una acusaci\u00f3n de esta magnitud no es dignidad institucional: es complicidad\u201d.<\/p>\n\n\n\n<p>Hizo un llamado a los diputados y diputadas integrantes del congreso local a ponerse del lado de la gente de nuestro estado, a que ayuden a la presidenta de la rep\u00fablica a que asuma su responsabilidad constitucional como mandataria, como presidenta de las y los mexicanos y no s\u00f3lo como dirigente de un partido y especific\u00f3 \u201cel cartel m\u00e1s mortal y peligroso del mundo es morena\u201d.<\/p>\n\n\n\n<p>No estamos ante una invasi\u00f3n, se trata de cooperaci\u00f3n institucional ante delincuencia organizada que no debe ser tratada haciendo politiquer\u00eda, el Tratado de Extradici\u00f3n entre M\u00e9xico y Estados Unidos es claro: el est\u00e1ndar no exige sentencia condenatoria, exige prueba suficiente para justificar el enjuiciamiento.<br \/>Ese umbral ya fue superado. Y si el gobierno mexicano considerara que no, el propio Tratado le impone una obligaci\u00f3n: solicitar pruebas adicionales, no salir a la tribuna medi\u00e1tica a agitar banderas y gritar persecuci\u00f3n.<\/p>\n\n\n\n<p><\/p>\n\n\n\n<p><\/p>\n\n\n\n<p><\/p>\n\n\n\n<p><\/p>\n\n\n\n<p><\/p>\n\n\n\n<p><\/p>\n\n\n\n<p>REDACCION\/VISION CIUDADANA <\/p>\n","protected":false},"excerpt":{"rendered":"<p>*Un gran jurado estadunidense determin\u00f3 que hay elementos suficientes para llevar a los acusados ante una corte federal Culiac\u00e1n, Sinaloa; abril 30 de 2026.- La acusaci\u00f3n en contra del gobernador de Sinaloa, un senador, presidente municipal de Culiac\u00e1n y otros personajes del \u00e1rea de seguridad y justicia, no es pol\u00edtica, es una acusaci\u00f3n judicial con [&hellip;]<\/p>\n","protected":false},"author":11,"featured_media":41711,"comment_status":"closed","ping_status":"closed","sticky":false,"template":"","format":"standard","meta":{"footnotes":""},"categories":[24],"tags":[],"ppma_author":[42],"class_list":["post-41712","post","type-post","status-publish","format-standard","has-post-thumbnail","hentry","category-relevantes"],"aioseo_notices":[],"authors":[{"term_id":42,"user_id":11,"is_guest":0,"slug":"celinavision","display_name":"Redacci\u00f3n Vision Ciudadana","avatar_url":"https:\/\/secure.gravatar.com\/avatar\/5974f79b452df50dc11600a3c0f261022fc34eb0879d83b503e86107cd3e64cc?s=96&d=mm&r=g","0":null,"1":"","2":"","3":"","4":"","5":"","6":"","7":"","8":""}],"_links":{"self":[{"href":"https:\/\/visionciudadana.com.mx\/oficial\/wp-json\/wp\/v2\/posts\/41712","targetHints":{"allow":["GET"]}}],"collection":[{"href":"https:\/\/visionciudadana.com.mx\/oficial\/wp-json\/wp\/v2\/posts"}],"about":[{"href":"https:\/\/visionciudadana.com.mx\/oficial\/wp-json\/wp\/v2\/types\/post"}],"author":[{"embeddable":true,"href":"https:\/\/visionciudadana.com.mx\/oficial\/wp-json\/wp\/v2\/users\/11"}],"replies":[{"embeddable":true,"href":"https:\/\/visionciudadana.com.mx\/oficial\/wp-json\/wp\/v2\/comments?post=41712"}],"version-history":[{"count":1,"href":"https:\/\/visionciudadana.com.mx\/oficial\/wp-json\/wp\/v2\/posts\/41712\/revisions"}],"predecessor-version":[{"id":41713,"href":"https:\/\/visionciudadana.com.mx\/oficial\/wp-json\/wp\/v2\/posts\/41712\/revisions\/41713"}],"wp:featuredmedia":[{"embeddable":true,"href":"https:\/\/visionciudadana.com.mx\/oficial\/wp-json\/wp\/v2\/media\/41711"}],"wp:attachment":[{"href":"https:\/\/visionciudadana.com.mx\/oficial\/wp-json\/wp\/v2\/media?parent=41712"}],"wp:term":[{"taxonomy":"category","embeddable":true,"href":"https:\/\/visionciudadana.com.mx\/oficial\/wp-json\/wp\/v2\/categories?post=41712"},{"taxonomy":"post_tag","embeddable":true,"href":"https:\/\/visionciudadana.com.mx\/oficial\/wp-json\/wp\/v2\/tags?post=41712"},{"taxonomy":"author","embeddable":true,"href":"https:\/\/visionciudadana.com.mx\/oficial\/wp-json\/wp\/v2\/ppma_author?post=41712"}],"curies":[{"name":"wp","href":"https:\/\/api.w.org\/{rel}","templated":true}]}}