{"id":41708,"date":"2026-04-30T12:32:00","date_gmt":"2026-04-30T19:32:00","guid":{"rendered":"https:\/\/visionciudadana.com.mx\/oficial\/?p=41708"},"modified":"2026-04-30T12:51:07","modified_gmt":"2026-04-30T19:51:07","slug":"pri-exige-investigacion-a-fondo-y-claridad-ante-senalamientos-contra-ruben-rocha-moya","status":"publish","type":"post","link":"https:\/\/visionciudadana.com.mx\/oficial\/2026\/04\/30\/pri-exige-investigacion-a-fondo-y-claridad-ante-senalamientos-contra-ruben-rocha-moya\/","title":{"rendered":"PRI exige investigaci\u00f3n a fondo y claridad ante se\u00f1alamientos contra Rub\u00e9n Rocha Moya"},"content":{"rendered":"\n<p><\/p>\n\n\n\n<figure class=\"wp-block-image size-large\"><img fetchpriority=\"high\" decoding=\"async\" width=\"1024\" height=\"768\" src=\"https:\/\/visionciudadana.com.mx\/oficial\/wp-content\/uploads\/2026\/04\/img_8576-1024x768.jpg\" class=\"wp-image-41706\" srcset=\"https:\/\/visionciudadana.com.mx\/oficial\/wp-content\/uploads\/2026\/04\/img_8576-1024x768.jpg 1024w, https:\/\/visionciudadana.com.mx\/oficial\/wp-content\/uploads\/2026\/04\/img_8576-300x225.jpg 300w, https:\/\/visionciudadana.com.mx\/oficial\/wp-content\/uploads\/2026\/04\/img_8576-768x576.jpg 768w, https:\/\/visionciudadana.com.mx\/oficial\/wp-content\/uploads\/2026\/04\/img_8576-1536x1152.jpg 1536w, https:\/\/visionciudadana.com.mx\/oficial\/wp-content\/uploads\/2026\/04\/img_8576.jpg 2000w\" sizes=\"(max-width: 1024px) 100vw, 1024px\" \/><\/figure>\n\n\n\n<p class=\"p1\">Culiac\u00e1n, Sinaloa; abril 30 de 2026.- La coordinadora del grupo parlamentario del PRI en el Congreso del Estado, Irma Moreno Ovalles, acompa\u00f1ada de la diputada Paola Garate y el diputado Lauro Gallardo Castro, fij\u00f3 una postura institucional ante los se\u00f1alamientos provenientes de Estados Unidos en torno al gobernador Ruben Rocha Moya al subrayar que se trata de un tema serio que no debe minimizarse ni manejarse con ambig\u00fcedad.<\/p>\n\n\n\n<p class=\"p1\">En conferencia de prensa realizada en el Congreso del Estado, la legisladora se\u00f1alaron que la ciudadan\u00eda sinaloense merece respuestas claras y puntuales ante acusaciones de esta magnitud, por lo que insistieron en la necesidad de una investigaci\u00f3n a fondo, transparente y con apego a derecho. Afirmaron que no adelantar\u00e1n juicios, pero tampoco permanecer\u00e1n en silencio frente a un tema que, dijeron, impacta la credibilidad de Sinaloa y del pa\u00eds a nivel internacional.<\/p>\n\n\n\n<p class=\"p1\">Indicaron que corresponde a la Fiscal\u00eda General de la Rep\u00fablica (FGR) llevar a cabo las indagatorias, por lo que exigieron resultados oportunos y que se mantenga informada a la sociedad sobre los avances. Asimismo, expresaron su respaldo al posicionamiento del dirigente nacional del PRI, Alejandro Moreno, al advertir que Sinaloa enfrenta una situaci\u00f3n cr\u00edtica que requiere certeza institucional.<\/p>\n\n\n\n<p class=\"p1\">La coordinadora priista precis\u00f3 que el partido no act\u00faa fuera del marco legal y que su exigencia se centra en que se esclarezcan los hechos y se recupere la estabilidad en la entidad. Se\u00f1al\u00f3 adem\u00e1s que, de ser necesario para garantizar una investigaci\u00f3n imparcial, respaldar\u00edan medidas como la separaci\u00f3n del cargo mientras se desarrollan las indagatorias.<\/p>\n\n\n\n<p class=\"p1\">En otro tema, las y los legisladores lamentaron los recientes hechos de violencia registrados en la entidad, incluyendo el asesinato de Homar Salas quien el d\u00eda de ma\u00f1ana tomar\u00eda protesta como secretario del Sindicato de trabajadores al servicio del ayuntamiento de a Culiac\u00e1n y el homicidio de cuatro mujeres, al advertir que el clima de inseguridad ha generado indignaci\u00f3n social. Coincidieron en que estos hechos reflejan una crisis que requiere atenci\u00f3n inmediata y resultados concretos por parte de las autoridades.<\/p>\n\n\n\n<p class=\"p1\">Por lo que ante ello, reiteraron su exigencia de justicia, as\u00ed como de una investigaci\u00f3n exhaustiva que permita conocer la verdad y frenar la crisis de violencia que afecta a Sinaloa desde hace varios meses.<\/p>\n\n\n\n<p><\/p>\n\n\n\n<p><\/p>\n\n\n\n<p><\/p>\n\n\n\n<p><\/p>\n\n\n\n<p><\/p>\n\n\n\n<p>REDACCI\u00d3N\/CELINA FONSECA. <\/p>\n","protected":false},"excerpt":{"rendered":"<p>Culiac\u00e1n, Sinaloa; abril 30 de 2026.- La coordinadora del grupo parlamentario del PRI en el Congreso del Estado, Irma Moreno Ovalles, acompa\u00f1ada de la diputada Paola Garate y el diputado Lauro Gallardo Castro, fij\u00f3 una postura institucional ante los se\u00f1alamientos provenientes de Estados Unidos en torno al gobernador Ruben Rocha Moya al subrayar que se [&hellip;]<\/p>\n","protected":false},"author":11,"featured_media":41707,"comment_status":"closed","ping_status":"closed","sticky":false,"template":"","format":"standard","meta":{"footnotes":""},"categories":[13,24],"tags":[],"ppma_author":[42],"class_list":["post-41708","post","type-post","status-publish","format-standard","has-post-thumbnail","hentry","category-locales","category-relevantes"],"aioseo_notices":[],"authors":[{"term_id":42,"user_id":11,"is_guest":0,"slug":"celinavision","display_name":"Redacci\u00f3n Vision Ciudadana","avatar_url":"https:\/\/secure.gravatar.com\/avatar\/5974f79b452df50dc11600a3c0f261022fc34eb0879d83b503e86107cd3e64cc?s=96&d=mm&r=g","0":null,"1":"","2":"","3":"","4":"","5":"","6":"","7":"","8":""}],"_links":{"self":[{"href":"https:\/\/visionciudadana.com.mx\/oficial\/wp-json\/wp\/v2\/posts\/41708","targetHints":{"allow":["GET"]}}],"collection":[{"href":"https:\/\/visionciudadana.com.mx\/oficial\/wp-json\/wp\/v2\/posts"}],"about":[{"href":"https:\/\/visionciudadana.com.mx\/oficial\/wp-json\/wp\/v2\/types\/post"}],"author":[{"embeddable":true,"href":"https:\/\/visionciudadana.com.mx\/oficial\/wp-json\/wp\/v2\/users\/11"}],"replies":[{"embeddable":true,"href":"https:\/\/visionciudadana.com.mx\/oficial\/wp-json\/wp\/v2\/comments?post=41708"}],"version-history":[{"count":1,"href":"https:\/\/visionciudadana.com.mx\/oficial\/wp-json\/wp\/v2\/posts\/41708\/revisions"}],"predecessor-version":[{"id":41709,"href":"https:\/\/visionciudadana.com.mx\/oficial\/wp-json\/wp\/v2\/posts\/41708\/revisions\/41709"}],"wp:featuredmedia":[{"embeddable":true,"href":"https:\/\/visionciudadana.com.mx\/oficial\/wp-json\/wp\/v2\/media\/41707"}],"wp:attachment":[{"href":"https:\/\/visionciudadana.com.mx\/oficial\/wp-json\/wp\/v2\/media?parent=41708"}],"wp:term":[{"taxonomy":"category","embeddable":true,"href":"https:\/\/visionciudadana.com.mx\/oficial\/wp-json\/wp\/v2\/categories?post=41708"},{"taxonomy":"post_tag","embeddable":true,"href":"https:\/\/visionciudadana.com.mx\/oficial\/wp-json\/wp\/v2\/tags?post=41708"},{"taxonomy":"author","embeddable":true,"href":"https:\/\/visionciudadana.com.mx\/oficial\/wp-json\/wp\/v2\/ppma_author?post=41708"}],"curies":[{"name":"wp","href":"https:\/\/api.w.org\/{rel}","templated":true}]}}