{"id":41704,"date":"2026-04-30T11:53:04","date_gmt":"2026-04-30T18:53:04","guid":{"rendered":"https:\/\/visionciudadana.com.mx\/oficial\/?p=41704"},"modified":"2026-04-30T11:53:04","modified_gmt":"2026-04-30T18:53:04","slug":"morena-en-sinaloa-cierra-filas-con-rocha-moya-y-cuestiona-senalamientos-de-eua","status":"publish","type":"post","link":"https:\/\/visionciudadana.com.mx\/oficial\/2026\/04\/30\/morena-en-sinaloa-cierra-filas-con-rocha-moya-y-cuestiona-senalamientos-de-eua\/","title":{"rendered":"Morena en Sinaloa cierra filas con Rocha Moya y cuestiona se\u00f1alamientos de EUA"},"content":{"rendered":"\n<p><\/p>\n\n\n\n<figure class=\"wp-block-image size-large\"><img fetchpriority=\"high\" decoding=\"async\" width=\"1024\" height=\"768\" src=\"https:\/\/visionciudadana.com.mx\/oficial\/wp-content\/uploads\/2026\/04\/img_8566-1024x768.jpg\" class=\"wp-image-41702\" srcset=\"https:\/\/visionciudadana.com.mx\/oficial\/wp-content\/uploads\/2026\/04\/img_8566-1024x768.jpg 1024w, https:\/\/visionciudadana.com.mx\/oficial\/wp-content\/uploads\/2026\/04\/img_8566-300x225.jpg 300w, https:\/\/visionciudadana.com.mx\/oficial\/wp-content\/uploads\/2026\/04\/img_8566-768x576.jpg 768w, https:\/\/visionciudadana.com.mx\/oficial\/wp-content\/uploads\/2026\/04\/img_8566-1536x1152.jpg 1536w, https:\/\/visionciudadana.com.mx\/oficial\/wp-content\/uploads\/2026\/04\/img_8566.jpg 2000w\" sizes=\"(max-width: 1024px) 100vw, 1024px\" \/><\/figure>\n\n\n\n<p>Culiac\u00e1n, Sinaloa; abril 30 de 2026.- El grupo parlamentario de Morena en el Congreso de Sinaloa reiter\u00f3 su respaldo al gobernador Rub\u00e9n Rocha Moya ante los se\u00f1alamientos provenientes del gobierno de Estados Unidos, al considerar que carecen de sustento jur\u00eddico y evidencian un posible trasfondo pol\u00edtico.<\/p>\n\n\n\n<p class=\"p1\">Presentes en conferencia de prensa, las  y los legisladores se\u00f1alaron que no existe informaci\u00f3n oficial que respalde las acusaciones, por lo que advirtieron que emitir juicios sin pruebas vulnera el debido proceso y resta seriedad a cualquier procedimiento legal. Asimismo, coincidieron con la postura de la presidenta de M\u00e9xico, Claudia Sheinbaum, de priorizar la verdad, la justicia y la defensa de la soberan\u00eda nacional.<\/p>\n\n\n\n<p class=\"p1\">La diputada Mar\u00eda Teresa Guerra Ochoa, presidenta de la Junta de Coordinaci\u00f3n Pol\u00edtica en el Congreso del Estado (JUCOPO) sostuvo que este tipo de se\u00f1alamientos deben atenderse con responsabilidad institucional, al tratarse de un tema delicado en materia de seguridad p\u00fablica que involucra tanto a M\u00e9xico como a Estados Unidos.<\/p>\n\n\n\n<p class=\"p1\">\u201cSe advierte m\u00e1s inter\u00e9s pol\u00edtico que jur\u00eddico, porque no se han cuidado las formas. Esto resta seriedad y le da un cariz pol\u00edtico a algo que debiera ser esencialmente jur\u00eddico\u201d, expres\u00f3.<\/p>\n\n\n\n<p class=\"p1\">As\u00ed mismo, la legisladora Morenista, indic\u00f3 que  tambi\u00e9n hizo referencia a contextos de administraciones pasadas, al se\u00f1alar que \u201cestamos hablando de dos sexenios atr\u00e1s que involucran otros colores partidistas, y sin embargo se se\u00f1ala solamente a funcionarios de la cuarta transformaci\u00f3n, sin cuidar el debido proceso\u201d.<\/p>\n\n\n\n<p class=\"p2\">Por lo que ante esto en su participaci\u00f3n el diputado Ambrocio Ch\u00e1vez Ch\u00e1vez,  llam\u00f3 a la poblaci\u00f3n a mantener la calma y continuar con sus actividades, al asegurar que las instituciones en Sinaloa se mantienen firmes y en funcionamiento, y subrayaron que la cooperaci\u00f3n internacional en materia de seguridad debe conducirse con seriedad, respeto y apego a derecho.<\/p>\n\n\n\n<p><\/p>\n","protected":false},"excerpt":{"rendered":"<p>Culiac\u00e1n, Sinaloa; abril 30 de 2026.- El grupo parlamentario de Morena en el Congreso de Sinaloa reiter\u00f3 su respaldo al gobernador Rub\u00e9n Rocha Moya ante los se\u00f1alamientos provenientes del gobierno de Estados Unidos, al considerar que carecen de sustento jur\u00eddico y evidencian un posible trasfondo pol\u00edtico. Presentes en conferencia de prensa, las y los legisladores [&hellip;]<\/p>\n","protected":false},"author":11,"featured_media":41703,"comment_status":"closed","ping_status":"closed","sticky":false,"template":"","format":"standard","meta":{"footnotes":""},"categories":[13,24],"tags":[],"ppma_author":[42],"class_list":["post-41704","post","type-post","status-publish","format-standard","has-post-thumbnail","hentry","category-locales","category-relevantes"],"aioseo_notices":[],"authors":[{"term_id":42,"user_id":11,"is_guest":0,"slug":"celinavision","display_name":"Redacci\u00f3n Vision Ciudadana","avatar_url":"https:\/\/secure.gravatar.com\/avatar\/5974f79b452df50dc11600a3c0f261022fc34eb0879d83b503e86107cd3e64cc?s=96&d=mm&r=g","0":null,"1":"","2":"","3":"","4":"","5":"","6":"","7":"","8":""}],"_links":{"self":[{"href":"https:\/\/visionciudadana.com.mx\/oficial\/wp-json\/wp\/v2\/posts\/41704","targetHints":{"allow":["GET"]}}],"collection":[{"href":"https:\/\/visionciudadana.com.mx\/oficial\/wp-json\/wp\/v2\/posts"}],"about":[{"href":"https:\/\/visionciudadana.com.mx\/oficial\/wp-json\/wp\/v2\/types\/post"}],"author":[{"embeddable":true,"href":"https:\/\/visionciudadana.com.mx\/oficial\/wp-json\/wp\/v2\/users\/11"}],"replies":[{"embeddable":true,"href":"https:\/\/visionciudadana.com.mx\/oficial\/wp-json\/wp\/v2\/comments?post=41704"}],"version-history":[{"count":1,"href":"https:\/\/visionciudadana.com.mx\/oficial\/wp-json\/wp\/v2\/posts\/41704\/revisions"}],"predecessor-version":[{"id":41705,"href":"https:\/\/visionciudadana.com.mx\/oficial\/wp-json\/wp\/v2\/posts\/41704\/revisions\/41705"}],"wp:featuredmedia":[{"embeddable":true,"href":"https:\/\/visionciudadana.com.mx\/oficial\/wp-json\/wp\/v2\/media\/41703"}],"wp:attachment":[{"href":"https:\/\/visionciudadana.com.mx\/oficial\/wp-json\/wp\/v2\/media?parent=41704"}],"wp:term":[{"taxonomy":"category","embeddable":true,"href":"https:\/\/visionciudadana.com.mx\/oficial\/wp-json\/wp\/v2\/categories?post=41704"},{"taxonomy":"post_tag","embeddable":true,"href":"https:\/\/visionciudadana.com.mx\/oficial\/wp-json\/wp\/v2\/tags?post=41704"},{"taxonomy":"author","embeddable":true,"href":"https:\/\/visionciudadana.com.mx\/oficial\/wp-json\/wp\/v2\/ppma_author?post=41704"}],"curies":[{"name":"wp","href":"https:\/\/api.w.org\/{rel}","templated":true}]}}