{"id":41700,"date":"2026-04-30T11:12:23","date_gmt":"2026-04-30T18:12:23","guid":{"rendered":"https:\/\/visionciudadana.com.mx\/oficial\/?p=41700"},"modified":"2026-04-30T11:12:23","modified_gmt":"2026-04-30T18:12:23","slug":"dip-ambrocio-chavez-pide-tranquilidad-ante-versiones-sobre-posibles-extradiciones-en-sinaloa","status":"publish","type":"post","link":"https:\/\/visionciudadana.com.mx\/oficial\/2026\/04\/30\/dip-ambrocio-chavez-pide-tranquilidad-ante-versiones-sobre-posibles-extradiciones-en-sinaloa\/","title":{"rendered":"Dip. Ambrocio Ch\u00e1vez pide tranquilidad ante versiones sobre posibles extradiciones en Sinaloa"},"content":{"rendered":"\n<p><\/p>\n\n\n\n<figure class=\"wp-block-image size-large\"><img fetchpriority=\"high\" decoding=\"async\" width=\"1024\" height=\"577\" src=\"https:\/\/visionciudadana.com.mx\/oficial\/wp-content\/uploads\/2026\/04\/img_8570-1024x577.jpg\" class=\"wp-image-41698\" srcset=\"https:\/\/visionciudadana.com.mx\/oficial\/wp-content\/uploads\/2026\/04\/img_8570-1024x577.jpg 1024w, https:\/\/visionciudadana.com.mx\/oficial\/wp-content\/uploads\/2026\/04\/img_8570-300x169.jpg 300w, https:\/\/visionciudadana.com.mx\/oficial\/wp-content\/uploads\/2026\/04\/img_8570-768x432.jpg 768w, https:\/\/visionciudadana.com.mx\/oficial\/wp-content\/uploads\/2026\/04\/img_8570-1536x865.jpg 1536w, https:\/\/visionciudadana.com.mx\/oficial\/wp-content\/uploads\/2026\/04\/img_8570.jpg 2000w\" sizes=\"(max-width: 1024px) 100vw, 1024px\" \/><\/figure>\n\n\n\n<p class=\"p1\">*Hay algunos que quieren revolver el agua y meterle ruido a las cosas.&nbsp;<\/p>\n\n\n\n<p class=\"p1\">Culiac\u00e1n, Sinaloa; abril 30 de 2026.- El diputado de la bancada de Morena, Ambrocio Chavez Chavez, llam\u00f3 a la poblaci\u00f3n a mantener la calma ante las versiones que han circulado sobre posibles extradiciones en Sinaloa, entre ellas la del gobernador Ruben Rocha Moya y de otros funcionarios.<\/p>\n\n\n\n<p class=\"p1\">El legislador asegur\u00f3 que, pese al impacto medi\u00e1tico de la informaci\u00f3n, las actividades institucionales contin\u00faan con normalidad y el Poder Legislativo sigue operando conforme a su agenda de trabajo y compromisos establecidos.<\/p>\n\n\n\n<p class=\"p1\">Por lo cual -dijo- \u201cLlamamos a la poblaci\u00f3n a tener calma, a estar tranquila y a dedicarse a sus actividades normales, porque esto sigue y el trabajo sigue; el impacto medi\u00e1tico se ha explicado, pero el Poder Legislativo funciona con sus programas y proyectos, as\u00ed como el compromiso que se tiene\u201d, expres\u00f3.<\/p>\n\n\n\n<p class=\"p1\">Asimismo, subray\u00f3 que las actividades diarias no pueden detenerse y reiter\u00f3 el llamado desde el Congreso a mantener la serenidad, al se\u00f1alar que \u201ccomo Congreso llamamos a todos a que haya tranquilidad y calma, porque algunos quieren revolver el agua y meterle ruido a las cosas\u201d.<\/p>\n\n\n\n<p><\/p>\n\n\n\n<p><\/p>\n\n\n\n<p><\/p>\n\n\n\n<p><\/p>\n\n\n\n<p><\/p>\n\n\n\n<p><\/p>\n\n\n\n<p>REDACCI\u00d3N\/CELINA FONSECA. <\/p>\n","protected":false},"excerpt":{"rendered":"<p>*Hay algunos que quieren revolver el agua y meterle ruido a las cosas.&nbsp; Culiac\u00e1n, Sinaloa; abril 30 de 2026.- El diputado de la bancada de Morena, Ambrocio Chavez Chavez, llam\u00f3 a la poblaci\u00f3n a mantener la calma ante las versiones que han circulado sobre posibles extradiciones en Sinaloa, entre ellas la del gobernador Ruben Rocha [&hellip;]<\/p>\n","protected":false},"author":11,"featured_media":41699,"comment_status":"closed","ping_status":"closed","sticky":false,"template":"","format":"standard","meta":{"footnotes":""},"categories":[13,24],"tags":[],"ppma_author":[42],"class_list":["post-41700","post","type-post","status-publish","format-standard","has-post-thumbnail","hentry","category-locales","category-relevantes"],"aioseo_notices":[],"authors":[{"term_id":42,"user_id":11,"is_guest":0,"slug":"celinavision","display_name":"Redacci\u00f3n Vision Ciudadana","avatar_url":"https:\/\/secure.gravatar.com\/avatar\/5974f79b452df50dc11600a3c0f261022fc34eb0879d83b503e86107cd3e64cc?s=96&d=mm&r=g","0":null,"1":"","2":"","3":"","4":"","5":"","6":"","7":"","8":""}],"_links":{"self":[{"href":"https:\/\/visionciudadana.com.mx\/oficial\/wp-json\/wp\/v2\/posts\/41700","targetHints":{"allow":["GET"]}}],"collection":[{"href":"https:\/\/visionciudadana.com.mx\/oficial\/wp-json\/wp\/v2\/posts"}],"about":[{"href":"https:\/\/visionciudadana.com.mx\/oficial\/wp-json\/wp\/v2\/types\/post"}],"author":[{"embeddable":true,"href":"https:\/\/visionciudadana.com.mx\/oficial\/wp-json\/wp\/v2\/users\/11"}],"replies":[{"embeddable":true,"href":"https:\/\/visionciudadana.com.mx\/oficial\/wp-json\/wp\/v2\/comments?post=41700"}],"version-history":[{"count":1,"href":"https:\/\/visionciudadana.com.mx\/oficial\/wp-json\/wp\/v2\/posts\/41700\/revisions"}],"predecessor-version":[{"id":41701,"href":"https:\/\/visionciudadana.com.mx\/oficial\/wp-json\/wp\/v2\/posts\/41700\/revisions\/41701"}],"wp:featuredmedia":[{"embeddable":true,"href":"https:\/\/visionciudadana.com.mx\/oficial\/wp-json\/wp\/v2\/media\/41699"}],"wp:attachment":[{"href":"https:\/\/visionciudadana.com.mx\/oficial\/wp-json\/wp\/v2\/media?parent=41700"}],"wp:term":[{"taxonomy":"category","embeddable":true,"href":"https:\/\/visionciudadana.com.mx\/oficial\/wp-json\/wp\/v2\/categories?post=41700"},{"taxonomy":"post_tag","embeddable":true,"href":"https:\/\/visionciudadana.com.mx\/oficial\/wp-json\/wp\/v2\/tags?post=41700"},{"taxonomy":"author","embeddable":true,"href":"https:\/\/visionciudadana.com.mx\/oficial\/wp-json\/wp\/v2\/ppma_author?post=41700"}],"curies":[{"name":"wp","href":"https:\/\/api.w.org\/{rel}","templated":true}]}}