{"id":41695,"date":"2026-04-30T11:06:25","date_gmt":"2026-04-30T18:06:25","guid":{"rendered":"https:\/\/visionciudadana.com.mx\/oficial\/?p=41695"},"modified":"2026-04-30T11:06:25","modified_gmt":"2026-04-30T18:06:25","slug":"mexico-y-el-genocidio-silente-de-los-desaparecidosun-crimen-interminable","status":"publish","type":"post","link":"https:\/\/visionciudadana.com.mx\/oficial\/2026\/04\/30\/mexico-y-el-genocidio-silente-de-los-desaparecidosun-crimen-interminable\/","title":{"rendered":"M\u00c9XICO Y EL GENOCIDIO SILENTE DE LOS DESAPARECIDOS\u2026UN CRIMEN INTERMINABLE"},"content":{"rendered":"<p><img decoding=\"async\" class=\"alignnone size-medium wp-image-41692\" src=\"https:\/\/visionciudadana.com.mx\/oficial\/wp-content\/uploads\/2026\/04\/Jose-Luis-Lopez-Duarte-4-300x147.jpg\" alt=\"\" width=\"300\" height=\"147\" srcset=\"https:\/\/visionciudadana.com.mx\/oficial\/wp-content\/uploads\/2026\/04\/Jose-Luis-Lopez-Duarte-4-300x147.jpg 300w, https:\/\/visionciudadana.com.mx\/oficial\/wp-content\/uploads\/2026\/04\/Jose-Luis-Lopez-Duarte-4.jpg 450w\" sizes=\"(max-width: 300px) 100vw, 300px\" \/>En la larga historia de genocidios que han plagado a la humanidad, la desaparici\u00f3n forzada no es sino una expresi\u00f3n renovada y a\u00fan m\u00e1s cruel del hartazgo de matar sin escr\u00fapulos y de infligir nuevos sufrimientos a las v\u00edctimas y sus familias. M\u00e9xico, con sus m\u00e1s de 2 millones de kil\u00f3metros cuadrados, se ha convertido en un gigantesco cementerio invisible donde cada d\u00eda decenas de miles de familiares \u2014hijos, hermanos, padres\u2014 buscan a sus desaparecidos. La suma de estas ausencias forzadas y los asesinatos supera con creces el n\u00famero de v\u00edctimas que dejan algunas guerras abiertas en otros pa\u00edses, y sin embargo, aqu\u00ed, pareciera que el mundo mira hacia otro lado.<\/p>\n<p>&nbsp;<\/p>\n<p>Esta monstruosidad no solo pesa por su magnitud, sino tambi\u00e9n por la negaci\u00f3n sistem\u00e1tica que hacen los gobiernos de la llamada Cuarta Transformaci\u00f3n (4T). Heredaron una cifra escalofriante: 130,000 personas desaparecidas. Sin embargo, esa realidad fue borrada sin pudor alguno por una gesti\u00f3n que parece querer huir del estigma como quien se quita una piel que quema. As\u00ed lo ejemplific\u00f3 la propia jefa de Gobierno, Claudia Sheinbaum, al desacreditar \u2014con un gesto impulsivo y sin reflexi\u00f3n\u2014 el informe sobre desapariciones que elabor\u00f3 el comit\u00e9 de la ONU. La ira presidencial desat\u00f3 una feroz lucha narrativa para intentar apagar la verdad, un intento tan vano como tratar de tapar el sol con un dedo.<\/p>\n<p>&nbsp;<\/p>\n<p>La primera reacci\u00f3n fue el rechazo tajante y sin la menor medici\u00f3n del informe que valoraba las 132,000 desapariciones durante los gobiernos de Morena como un posible genocidio. Incapaces de contener su rabia, el gobierno recurri\u00f3 luego a enviar a Marcela Figueroa, secretaria ejecutiva del Sistema Nacional de Seguridad P\u00fablica, al Centro de Investigaci\u00f3n y Docencia Econ\u00f3mica (CIDE) para dialogar con organizaciones civiles y presentar el Registro Nacional de Personas Desaparecidas y No Localizadas. Ah\u00ed destap\u00f3 una verdad m\u00e1s brutal a\u00fan: hablo de 72,000 cad\u00e1veres encontrados en todo el pa\u00eds de esos casos s\u00f3lo 3,869 cuentan con carpeta de investigaci\u00f3n formal, es decir, apenas el 2.9% tiene alguna acci\u00f3n judicial iniciada. La frialdad de esa cifra desnuda la peligrosa ineptitud e indiferencia de una instituci\u00f3n encargada de proteger, perseguir y sancionar estos delitos atroces.<\/p>\n<p>&nbsp;<\/p>\n<p>Pero la ofensiva gubernamental no par\u00f3 ah\u00ed. Otra andanada vino desde la organizaci\u00f3n civil \u00abGlobal Center for Human Rights\u00bb, que denunci\u00f3 el informe de la Comisi\u00f3n Interamericana de Derechos Humanos. Aludieron al financiamiento extranjero \u2014de Europa, fundaciones privadas y organizaciones internacionales\u2014 como si esa financiaci\u00f3n deslegitimara las investigaciones y recomendaciones. Esta defensa a ultranza busca ocultar lo evidente: la tragedia es real, escalofriante y requiere atenci\u00f3n genuina.<\/p>\n<p>&nbsp;<\/p>\n<p>Frente a este ambiente, las voces ciudadanas resuenan con fuerza. Gina Campuzano y otras representantes de organismos civiles recordaron que la visita del comisionado de Naciones Unidas no es capricho ni imposici\u00f3n internacional, sino una petici\u00f3n hecha por las mismas familias de desaparecidos. Adem\u00e1s, alertaron que de los cerca de 72,000 cad\u00e1veres encontrados en todo el pa\u00eds, muchos permanecen sin identificar, un dato alarmante que justifica plenamente la investigaci\u00f3n y acompa\u00f1amiento de la ONU.<\/p>\n<p>&nbsp;<\/p>\n<p>Lo m\u00e1s doloroso, sin embargo, es que en medio de esta cat\u00e1strofe, la presidenta Sheinbaum haya propuesto desde Barcelona sustituir a la ONU por inoperante, en lugar de abrir espacios de di\u00e1logo, escucha y colaboraci\u00f3n. Con este acto, no solo desconoce el sufrimiento de miles de familias mexicanas que viven diariamente esta tragedia, sino que desprecia la oportunidad de transformar una crisis humanitaria en un compromiso colectivo para hallar justicia.<\/p>\n<p>&nbsp;<\/p>\n<p>Si el gobierno niega la magnitud del problema, sostiene la ineficiencia y desatiende las cr\u00edticas nacionales e internacionales, dif\u00edcilmente veremos avances reales. Y si los hay, no ser\u00e1n obra del poder oficial, sino de la tenacidad y el coraje de las familias de desaparecidos y las asociaciones civiles que les acompa\u00f1an. Ellas son las verdaderas guardianas de la memoria, las que luchan contra el olvido y desaf\u00edan a un sistema que prefiere callar. Ya veremos si M\u00e9xico puede cambiar esta historia o seguir\u00e1 siendo el cementerio silente de sus propias v\u00edctimas.<\/p>\n<p>&nbsp;<\/p>\n","protected":false},"excerpt":{"rendered":"<p>En la larga historia de genocidios que han plagado a la humanidad, la desaparici\u00f3n forzada no es sino una expresi\u00f3n renovada y a\u00fan m\u00e1s cruel del hartazgo de matar sin escr\u00fapulos y de infligir nuevos sufrimientos a las v\u00edctimas y sus familias. M\u00e9xico, con sus m\u00e1s de 2 millones de kil\u00f3metros cuadrados, se ha convertido [&hellip;]<\/p>\n","protected":false},"author":5,"featured_media":41693,"comment_status":"closed","ping_status":"closed","sticky":false,"template":"","format":"standard","meta":{"footnotes":""},"categories":[21],"tags":[],"ppma_author":[38],"class_list":["post-41695","post","type-post","status-publish","format-standard","has-post-thumbnail","hentry","category-jose-luis-lopez-duarte"],"aioseo_notices":[],"authors":[{"term_id":38,"user_id":5,"is_guest":0,"slug":"jose-luis-lopez-duarte","display_name":"Jos\u00e9 Luis L\u00f3pez Duarte","avatar_url":{"url":"https:\/\/visionciudadana.com.mx\/oficial\/wp-content\/uploads\/2021\/03\/columna-joseluis.png","url2x":"https:\/\/visionciudadana.com.mx\/oficial\/wp-content\/uploads\/2021\/03\/columna-joseluis.png"},"0":null,"1":"","2":"","3":"","4":"","5":"","6":"","7":"","8":""}],"_links":{"self":[{"href":"https:\/\/visionciudadana.com.mx\/oficial\/wp-json\/wp\/v2\/posts\/41695","targetHints":{"allow":["GET"]}}],"collection":[{"href":"https:\/\/visionciudadana.com.mx\/oficial\/wp-json\/wp\/v2\/posts"}],"about":[{"href":"https:\/\/visionciudadana.com.mx\/oficial\/wp-json\/wp\/v2\/types\/post"}],"author":[{"embeddable":true,"href":"https:\/\/visionciudadana.com.mx\/oficial\/wp-json\/wp\/v2\/users\/5"}],"replies":[{"embeddable":true,"href":"https:\/\/visionciudadana.com.mx\/oficial\/wp-json\/wp\/v2\/comments?post=41695"}],"version-history":[{"count":1,"href":"https:\/\/visionciudadana.com.mx\/oficial\/wp-json\/wp\/v2\/posts\/41695\/revisions"}],"predecessor-version":[{"id":41696,"href":"https:\/\/visionciudadana.com.mx\/oficial\/wp-json\/wp\/v2\/posts\/41695\/revisions\/41696"}],"wp:featuredmedia":[{"embeddable":true,"href":"https:\/\/visionciudadana.com.mx\/oficial\/wp-json\/wp\/v2\/media\/41693"}],"wp:attachment":[{"href":"https:\/\/visionciudadana.com.mx\/oficial\/wp-json\/wp\/v2\/media?parent=41695"}],"wp:term":[{"taxonomy":"category","embeddable":true,"href":"https:\/\/visionciudadana.com.mx\/oficial\/wp-json\/wp\/v2\/categories?post=41695"},{"taxonomy":"post_tag","embeddable":true,"href":"https:\/\/visionciudadana.com.mx\/oficial\/wp-json\/wp\/v2\/tags?post=41695"},{"taxonomy":"author","embeddable":true,"href":"https:\/\/visionciudadana.com.mx\/oficial\/wp-json\/wp\/v2\/ppma_author?post=41695"}],"curies":[{"name":"wp","href":"https:\/\/api.w.org\/{rel}","templated":true}]}}