{"id":41691,"date":"2026-04-30T11:03:58","date_gmt":"2026-04-30T18:03:58","guid":{"rendered":"https:\/\/visionciudadana.com.mx\/oficial\/?p=41691"},"modified":"2026-04-30T11:04:10","modified_gmt":"2026-04-30T18:04:10","slug":"cfe-las-tarifas-problema-del-gobierno","status":"publish","type":"post","link":"https:\/\/visionciudadana.com.mx\/oficial\/2026\/04\/30\/cfe-las-tarifas-problema-del-gobierno\/","title":{"rendered":"CFE: LAS TARIFAS\u2026..PROBLEMA DEL GOBIERNO"},"content":{"rendered":"<p><img decoding=\"async\" class=\"alignnone size-medium wp-image-41692\" src=\"https:\/\/visionciudadana.com.mx\/oficial\/wp-content\/uploads\/2026\/04\/Jose-Luis-Lopez-Duarte-4-300x147.jpg\" alt=\"\" width=\"300\" height=\"147\" srcset=\"https:\/\/visionciudadana.com.mx\/oficial\/wp-content\/uploads\/2026\/04\/Jose-Luis-Lopez-Duarte-4-300x147.jpg 300w, https:\/\/visionciudadana.com.mx\/oficial\/wp-content\/uploads\/2026\/04\/Jose-Luis-Lopez-Duarte-4.jpg 450w\" sizes=\"(max-width: 300px) 100vw, 300px\" \/>En el vasto entramado social y pol\u00edtico de Sinaloa, pocos temas han generado tanto clamor y movilizaci\u00f3n como la lucha por una tarifa el\u00e9ctrica justa. Es un reclamo que no es producto del azar ni de un mal momento coyuntural; viene de lejos, casi desde los albores de la organizaci\u00f3n social en materia energ\u00e9tica en nuestro estado.<\/p>\n<p>&nbsp;<\/p>\n<p>Recordemos aquel movimiento emblem\u00e1tico de 1989, cuando bajo el gobierno de Francisco Labastida Ochoa, la explosi\u00f3n popular en Los Mochis reuni\u00f3 en una sola noche a m\u00e1s de 10,000 ciudadanos indignados por una tarifa discriminatoria y arbitraria. Entonces, la Comisi\u00f3n Federal de Electricidad aplicaba clasificaciones tarifarias sin par\u00e1metros t\u00e9cnicos claros, m\u00e1s bien resultado de decisiones pol\u00edticas caprichosas. El municipio, sorpresivamente, recibi\u00f3 una tarifa nueva, la 1D, se logr\u00f3 un subsidio mayor. Un antecedente hist\u00f3rico que muestra las inconsistencias y favoritismos que siempre han marcado esta problem\u00e1tica.<\/p>\n<p>&nbsp;<\/p>\n<p>El contexto financiero nacional en 1995, tras la crisis provocada por pol\u00edticas econ\u00f3micas criminales como lo fue el \u00abFOBAPROA\u00bb y otros factores, sum\u00f3 una presi\u00f3n adicional al bolsillo de las familias sinaloenses. Las tarifas el\u00e9ctricas se elevaron con una fuerza inusitada, afectando hogares y negocios por igual. Fue entonces cuando emergi\u00f3 el Frente Estatal Tarifas Justas para Vivir Mejor, convocado por el siempre recordado Ces\u00e1reo Castillo Barraza, quien con visi\u00f3n y liderazgo logr\u00f3 congregar a la diversidad partidista \u2013 PAN, PRI, PRD \u2013, a c\u00e1maras empresariales como CANACO, CMIC, CANACINTRA y CANACOPE, as\u00ed como a colegios de profesionistas e industrias tan emblem\u00e1ticas como Caf\u00e9 Marino de Mazatl\u00e1n. Se cont\u00f3 entonces con un bloque compacto de 39 organizaciones, que no solo moviliz\u00f3 a la sociedad, sino que tambi\u00e9n logr\u00f3 hacer escuchar su voz en la Ciudad de M\u00e9xico.<\/p>\n<p>&nbsp;<\/p>\n<p>Las gestiones ante autoridades federales, incluyendo reuniones con altos funcionarios como el entonces secretario de Hacienda Guillermo Ortiz Mart\u00ednez, no fueron en vano. Se logr\u00f3 introducir la tarifa 1F, aplicada con \u00e9xito ya en Baja California y Sonora, pero adem\u00e1s se implement\u00f3 un fideicomiso para incentivar el ahorro energ\u00e9tico. la gesti\u00f3n ante las instancias federales tuvieron gran impacto gracias a los an\u00e1lisis t\u00e9cnicos que respaldaban las demandas sociales y los argumentos t\u00e9cnicos fueron proporcionados entre otros por el Colegio de Ingenieros Electricistas a cargo del ingeniero Rosal\u00edo Pizarro y estudios cient\u00edficos sobre los \u00edndices t\u00e9rmicos realizados por el doctor Ram\u00f3n Peraza. Estos esfuerzos demostraron claramente c\u00f3mo Sinaloa, con su clima extremo y condiciones particulares, requer\u00eda un trato diferencial y justo en materia de energ\u00eda.<\/p>\n<p>&nbsp;<\/p>\n<p>Sin embargo, hoy nos enfrentamos a un nuevo cap\u00edtulo de esta larga historia. La llegada de los recibos del mes de abril caus\u00f3 un estr\u00e9pito social. Incrementos injustificables, que van desde el 100 hasta m\u00e1s de 300%, han ca\u00eddo como un baldazo de agua fr\u00eda sobre las familias y peque\u00f1os negocios. Las explicaciones oficiales brillan por su ausencia o son contradictorias. La CFE, convertida en una burocracia distante e impenetrable, no ha sabido responder al clamor ciudadano. Y es que el problema real radica en que el subsidio llega tarde, muy tarde, despu\u00e9s de que el calor exacerbado se haya impuesto abruptamente desde marzo, consecuencia ya palpable del cambio clim\u00e1tico, augur\u00e1ndonos un verano probablemente hist\u00f3rico en t\u00e9rminos de temperaturas extremas.<\/p>\n<p>&nbsp;<\/p>\n<p>La introducci\u00f3n formal de la tarifa 1F a partir del primero de mayo y la promesa de un subsidio significativo son pasos en la direcci\u00f3n correcta, pero \u00bfqu\u00e9 pasar\u00e1 hasta entonces? Aqu\u00ed hay una propuesta t\u00e9cnica que no podemos pasar por alto: modificar el per\u00edodo de aplicaci\u00f3n de la tarifa 1F, ampli\u00e1ndolo de seis meses a ocho, es decir, de abril a noviembre en lugar de mayo a octubre, como se plante\u00f3 hace ya una d\u00e9cada en la C\u00e1mara de Diputados local por iniciativa urgente de trabajadores de la CFE. Propuesta t\u00e9cnica que, cabe destacar, lleg\u00f3 a manos del actual gobernador y sus asesores; por lo tanto, no es un desconocido para ellos el problema ni las posibles soluciones.<\/p>\n<p>&nbsp;<\/p>\n<p>Sinaloa demanda no solo subsidios temporales, sino una pol\u00edtica energ\u00e9tica coherente, integral y adaptada a las condiciones clim\u00e1ticas y sociales particulares de nuestra entidad. El tiempo apremia y la ciudadan\u00eda merece respuestas claras, transparentes y eficaces. No se trata \u00fanicamente de cifras y normas t\u00e9cnicas, sino de justicia social y respeto a quienes d\u00eda a d\u00eda construyen el desarrollo de esta tierra.<\/p>\n<p>&nbsp;<\/p>\n<p>Como aquella vieja consigna que nos heredaron generaciones anteriores en la lucha por tarifas justas: \u201cno es un favor, es un derecho\u201d. Y este derecho no puede seguir siendo postergado ni utilizado pol\u00edticamente. Es hora de que los gobernantes, con sensibilidad y responsabilidad, tomen nota y act\u00faen. Porque el bienestar de Sinaloa, y de cada mexicana y mexicano, lo merece.<\/p>\n","protected":false},"excerpt":{"rendered":"<p>En el vasto entramado social y pol\u00edtico de Sinaloa, pocos temas han generado tanto clamor y movilizaci\u00f3n como la lucha por una tarifa el\u00e9ctrica justa. Es un reclamo que no es producto del azar ni de un mal momento coyuntural; viene de lejos, casi desde los albores de la organizaci\u00f3n social en materia energ\u00e9tica en [&hellip;]<\/p>\n","protected":false},"author":5,"featured_media":41693,"comment_status":"closed","ping_status":"closed","sticky":false,"template":"","format":"standard","meta":{"footnotes":""},"categories":[21],"tags":[],"ppma_author":[38],"class_list":["post-41691","post","type-post","status-publish","format-standard","has-post-thumbnail","hentry","category-jose-luis-lopez-duarte"],"aioseo_notices":[],"authors":[{"term_id":38,"user_id":5,"is_guest":0,"slug":"jose-luis-lopez-duarte","display_name":"Jos\u00e9 Luis L\u00f3pez Duarte","avatar_url":{"url":"https:\/\/visionciudadana.com.mx\/oficial\/wp-content\/uploads\/2021\/03\/columna-joseluis.png","url2x":"https:\/\/visionciudadana.com.mx\/oficial\/wp-content\/uploads\/2021\/03\/columna-joseluis.png"},"0":null,"1":"","2":"","3":"","4":"","5":"","6":"","7":"","8":""}],"_links":{"self":[{"href":"https:\/\/visionciudadana.com.mx\/oficial\/wp-json\/wp\/v2\/posts\/41691","targetHints":{"allow":["GET"]}}],"collection":[{"href":"https:\/\/visionciudadana.com.mx\/oficial\/wp-json\/wp\/v2\/posts"}],"about":[{"href":"https:\/\/visionciudadana.com.mx\/oficial\/wp-json\/wp\/v2\/types\/post"}],"author":[{"embeddable":true,"href":"https:\/\/visionciudadana.com.mx\/oficial\/wp-json\/wp\/v2\/users\/5"}],"replies":[{"embeddable":true,"href":"https:\/\/visionciudadana.com.mx\/oficial\/wp-json\/wp\/v2\/comments?post=41691"}],"version-history":[{"count":1,"href":"https:\/\/visionciudadana.com.mx\/oficial\/wp-json\/wp\/v2\/posts\/41691\/revisions"}],"predecessor-version":[{"id":41694,"href":"https:\/\/visionciudadana.com.mx\/oficial\/wp-json\/wp\/v2\/posts\/41691\/revisions\/41694"}],"wp:featuredmedia":[{"embeddable":true,"href":"https:\/\/visionciudadana.com.mx\/oficial\/wp-json\/wp\/v2\/media\/41693"}],"wp:attachment":[{"href":"https:\/\/visionciudadana.com.mx\/oficial\/wp-json\/wp\/v2\/media?parent=41691"}],"wp:term":[{"taxonomy":"category","embeddable":true,"href":"https:\/\/visionciudadana.com.mx\/oficial\/wp-json\/wp\/v2\/categories?post=41691"},{"taxonomy":"post_tag","embeddable":true,"href":"https:\/\/visionciudadana.com.mx\/oficial\/wp-json\/wp\/v2\/tags?post=41691"},{"taxonomy":"author","embeddable":true,"href":"https:\/\/visionciudadana.com.mx\/oficial\/wp-json\/wp\/v2\/ppma_author?post=41691"}],"curies":[{"name":"wp","href":"https:\/\/api.w.org\/{rel}","templated":true}]}}