{"id":41672,"date":"2026-04-30T09:42:33","date_gmt":"2026-04-30T16:42:33","guid":{"rendered":"https:\/\/visionciudadana.com.mx\/oficial\/?p=41672"},"modified":"2026-04-30T09:50:27","modified_gmt":"2026-04-30T16:50:27","slug":"alcalde-de-culiacan-confirma-asesinato-de-lider-electo-del-stasac","status":"publish","type":"post","link":"https:\/\/visionciudadana.com.mx\/oficial\/2026\/04\/30\/alcalde-de-culiacan-confirma-asesinato-de-lider-electo-del-stasac\/","title":{"rendered":"Alcalde de Culiac\u00e1n confirma asesinato de l\u00edder electo del Stasac"},"content":{"rendered":"\n<p><\/p>\n\n\n\n<figure class=\"wp-block-image aligncenter size-large\"><img decoding=\"async\" width=\"214\" height=\"160\" src=\"https:\/\/visionciudadana.com.mx\/oficial\/wp-content\/uploads\/2026\/04\/img_8556.jpg\" alt=\"\" class=\"wp-image-41670\"\/><\/figure>\n\n\n\n<p class=\"p1\">Culiac\u00e1n, Sinaloa; abril 30 de 2026.- El presidente municipal de Culiac\u00e1n confirm\u00f3 el fallecimiento de Homar Salas, secretario general electo del Sindicato de Trabajadores al Servicio del Ayuntamiento de Culiac\u00e1n (Stasac), tras el ataque armado ocurrido la ma\u00f1ana de este jueves.<\/p>\n\n\n\n<p class=\"p2\">A trav\u00e9s de su cuenta de X, el edil lament\u00f3 los hechos y se\u00f1al\u00f3 que se espera una investigaci\u00f3n exhaustiva por parte de las autoridades para esclarecer el crimen.<\/p>\n\n\n\n<p><\/p>\n\n\n\n<p><\/p>\n\n\n\n<p><\/p>\n\n\n\n<p><\/p>\n\n\n\n<p>REDACCI\u00d3N\/CELINA FONSECA. <\/p>\n","protected":false},"excerpt":{"rendered":"<p>Culiac\u00e1n, Sinaloa; abril 30 de 2026.- El presidente municipal de Culiac\u00e1n confirm\u00f3 el fallecimiento de Homar Salas, secretario general electo del Sindicato de Trabajadores al Servicio del Ayuntamiento de Culiac\u00e1n (Stasac), tras el ataque armado ocurrido la ma\u00f1ana de este jueves. A trav\u00e9s de su cuenta de X, el edil lament\u00f3 los hechos y se\u00f1al\u00f3 [&hellip;]<\/p>\n","protected":false},"author":11,"featured_media":41671,"comment_status":"closed","ping_status":"closed","sticky":false,"template":"","format":"standard","meta":{"footnotes":""},"categories":[13,24,14],"tags":[],"ppma_author":[42],"class_list":["post-41672","post","type-post","status-publish","format-standard","has-post-thumbnail","hentry","category-locales","category-relevantes","category-seguridad"],"aioseo_notices":[],"authors":[{"term_id":42,"user_id":11,"is_guest":0,"slug":"celinavision","display_name":"Redacci\u00f3n Vision Ciudadana","avatar_url":"https:\/\/secure.gravatar.com\/avatar\/5974f79b452df50dc11600a3c0f261022fc34eb0879d83b503e86107cd3e64cc?s=96&d=mm&r=g","0":null,"1":"","2":"","3":"","4":"","5":"","6":"","7":"","8":""}],"_links":{"self":[{"href":"https:\/\/visionciudadana.com.mx\/oficial\/wp-json\/wp\/v2\/posts\/41672","targetHints":{"allow":["GET"]}}],"collection":[{"href":"https:\/\/visionciudadana.com.mx\/oficial\/wp-json\/wp\/v2\/posts"}],"about":[{"href":"https:\/\/visionciudadana.com.mx\/oficial\/wp-json\/wp\/v2\/types\/post"}],"author":[{"embeddable":true,"href":"https:\/\/visionciudadana.com.mx\/oficial\/wp-json\/wp\/v2\/users\/11"}],"replies":[{"embeddable":true,"href":"https:\/\/visionciudadana.com.mx\/oficial\/wp-json\/wp\/v2\/comments?post=41672"}],"version-history":[{"count":2,"href":"https:\/\/visionciudadana.com.mx\/oficial\/wp-json\/wp\/v2\/posts\/41672\/revisions"}],"predecessor-version":[{"id":41674,"href":"https:\/\/visionciudadana.com.mx\/oficial\/wp-json\/wp\/v2\/posts\/41672\/revisions\/41674"}],"wp:featuredmedia":[{"embeddable":true,"href":"https:\/\/visionciudadana.com.mx\/oficial\/wp-json\/wp\/v2\/media\/41671"}],"wp:attachment":[{"href":"https:\/\/visionciudadana.com.mx\/oficial\/wp-json\/wp\/v2\/media?parent=41672"}],"wp:term":[{"taxonomy":"category","embeddable":true,"href":"https:\/\/visionciudadana.com.mx\/oficial\/wp-json\/wp\/v2\/categories?post=41672"},{"taxonomy":"post_tag","embeddable":true,"href":"https:\/\/visionciudadana.com.mx\/oficial\/wp-json\/wp\/v2\/tags?post=41672"},{"taxonomy":"author","embeddable":true,"href":"https:\/\/visionciudadana.com.mx\/oficial\/wp-json\/wp\/v2\/ppma_author?post=41672"}],"curies":[{"name":"wp","href":"https:\/\/api.w.org\/{rel}","templated":true}]}}