{"id":41668,"date":"2026-04-30T09:32:07","date_gmt":"2026-04-30T16:32:07","guid":{"rendered":"https:\/\/visionciudadana.com.mx\/oficial\/?p=41668"},"modified":"2026-04-30T09:32:07","modified_gmt":"2026-04-30T16:32:07","slug":"asesinan-a-lider-electo-del-stasac-en-ataque-armado-afuera-de-su-domicilio","status":"publish","type":"post","link":"https:\/\/visionciudadana.com.mx\/oficial\/2026\/04\/30\/asesinan-a-lider-electo-del-stasac-en-ataque-armado-afuera-de-su-domicilio\/","title":{"rendered":"Asesinan a l\u00edder electo del Stasac en ataque armado afuera de su domicilio"},"content":{"rendered":"\n<p><\/p>\n\n\n\n<figure class=\"wp-block-image size-large\"><img fetchpriority=\"high\" decoding=\"async\" width=\"300\" height=\"225\" src=\"https:\/\/visionciudadana.com.mx\/oficial\/wp-content\/uploads\/2026\/04\/img_8554-300x225.jpg\" class=\"wp-image-41666\" srcset=\"https:\/\/visionciudadana.com.mx\/oficial\/wp-content\/uploads\/2026\/04\/img_8554-300x225.jpg 300w, https:\/\/visionciudadana.com.mx\/oficial\/wp-content\/uploads\/2026\/04\/img_8554-768x576.jpg 768w, https:\/\/visionciudadana.com.mx\/oficial\/wp-content\/uploads\/2026\/04\/img_8554.jpg 872w\" sizes=\"(max-width: 300px) 100vw, 300px\" \/><\/figure>\n\n\n\n<p class=\"p1\">Culiac\u00e1n, Sinaloa; abril 30 de 2026.- Homar Salas Gast\u00e9lum, l\u00edder electo del Sindicato de Trabajadores al Servicio del Ayuntamiento de Culiac\u00e1n (Stasac), fue asesinado la ma\u00f1ana de este jueves tras un ataque armado perpetrado a las afueras de su domicilio, en la colonia Brisas del Humaya.<\/p>\n\n\n\n<p class=\"p1\">De acuerdo con los primeros reportes, sujetos armados abrieron fuego contra la v\u00edctima cuando se encontraba en el exterior de su vivienda, lo que provoc\u00f3 una intensa movilizaci\u00f3n de corporaciones de seguridad en la zona. <\/p>\n\n\n\n<p class=\"p1\">Cabe se\u00f1alar que el dirigente sindical ya hab\u00eda sido blanco de un atentado en el mes de febrero, cuando su domicilio fue atacado a balazos, dejando \u00fanicamente da\u00f1os materiales en la fachada.<\/p>\n\n\n\n<p><\/p>\n\n\n\n<p><\/p>\n\n\n\n<p><\/p>\n\n\n\n<p><\/p>\n\n\n\n<p>REDACCI\u00d3N\/CELINA FONSECA. <\/p>\n","protected":false},"excerpt":{"rendered":"<p>Culiac\u00e1n, Sinaloa; abril 30 de 2026.- Homar Salas Gast\u00e9lum, l\u00edder electo del Sindicato de Trabajadores al Servicio del Ayuntamiento de Culiac\u00e1n (Stasac), fue asesinado la ma\u00f1ana de este jueves tras un ataque armado perpetrado a las afueras de su domicilio, en la colonia Brisas del Humaya. De acuerdo con los primeros reportes, sujetos armados abrieron [&hellip;]<\/p>\n","protected":false},"author":11,"featured_media":41667,"comment_status":"closed","ping_status":"closed","sticky":false,"template":"","format":"standard","meta":{"footnotes":""},"categories":[24,14],"tags":[],"ppma_author":[42],"class_list":["post-41668","post","type-post","status-publish","format-standard","has-post-thumbnail","hentry","category-relevantes","category-seguridad"],"aioseo_notices":[],"authors":[{"term_id":42,"user_id":11,"is_guest":0,"slug":"celinavision","display_name":"Redacci\u00f3n Vision Ciudadana","avatar_url":"https:\/\/secure.gravatar.com\/avatar\/5974f79b452df50dc11600a3c0f261022fc34eb0879d83b503e86107cd3e64cc?s=96&d=mm&r=g","0":null,"1":"","2":"","3":"","4":"","5":"","6":"","7":"","8":""}],"_links":{"self":[{"href":"https:\/\/visionciudadana.com.mx\/oficial\/wp-json\/wp\/v2\/posts\/41668","targetHints":{"allow":["GET"]}}],"collection":[{"href":"https:\/\/visionciudadana.com.mx\/oficial\/wp-json\/wp\/v2\/posts"}],"about":[{"href":"https:\/\/visionciudadana.com.mx\/oficial\/wp-json\/wp\/v2\/types\/post"}],"author":[{"embeddable":true,"href":"https:\/\/visionciudadana.com.mx\/oficial\/wp-json\/wp\/v2\/users\/11"}],"replies":[{"embeddable":true,"href":"https:\/\/visionciudadana.com.mx\/oficial\/wp-json\/wp\/v2\/comments?post=41668"}],"version-history":[{"count":1,"href":"https:\/\/visionciudadana.com.mx\/oficial\/wp-json\/wp\/v2\/posts\/41668\/revisions"}],"predecessor-version":[{"id":41669,"href":"https:\/\/visionciudadana.com.mx\/oficial\/wp-json\/wp\/v2\/posts\/41668\/revisions\/41669"}],"wp:featuredmedia":[{"embeddable":true,"href":"https:\/\/visionciudadana.com.mx\/oficial\/wp-json\/wp\/v2\/media\/41667"}],"wp:attachment":[{"href":"https:\/\/visionciudadana.com.mx\/oficial\/wp-json\/wp\/v2\/media?parent=41668"}],"wp:term":[{"taxonomy":"category","embeddable":true,"href":"https:\/\/visionciudadana.com.mx\/oficial\/wp-json\/wp\/v2\/categories?post=41668"},{"taxonomy":"post_tag","embeddable":true,"href":"https:\/\/visionciudadana.com.mx\/oficial\/wp-json\/wp\/v2\/tags?post=41668"},{"taxonomy":"author","embeddable":true,"href":"https:\/\/visionciudadana.com.mx\/oficial\/wp-json\/wp\/v2\/ppma_author?post=41668"}],"curies":[{"name":"wp","href":"https:\/\/api.w.org\/{rel}","templated":true}]}}