{"id":41664,"date":"2026-04-30T08:28:55","date_gmt":"2026-04-30T15:28:55","guid":{"rendered":"https:\/\/visionciudadana.com.mx\/oficial\/?p=41664"},"modified":"2026-04-30T08:28:55","modified_gmt":"2026-04-30T15:28:55","slug":"no-vamos-a-cubrir-a-nadie-que-haya-cometido-un-delito-claudia-sheinbaum-ante-posibles-extradiciones","status":"publish","type":"post","link":"https:\/\/visionciudadana.com.mx\/oficial\/2026\/04\/30\/no-vamos-a-cubrir-a-nadie-que-haya-cometido-un-delito-claudia-sheinbaum-ante-posibles-extradiciones\/","title":{"rendered":"\u201cNo vamos a cubrir a nadie que haya cometido un delito\u201d: Claudia Sheinbaum ante posibles extradiciones"},"content":{"rendered":"\n<p><\/p>\n\n\n\n<figure class=\"wp-block-image size-large\"><img fetchpriority=\"high\" decoding=\"async\" width=\"300\" height=\"225\" src=\"https:\/\/visionciudadana.com.mx\/oficial\/wp-content\/uploads\/2026\/04\/img_8551-300x225.jpg\" class=\"wp-image-41662\" srcset=\"https:\/\/visionciudadana.com.mx\/oficial\/wp-content\/uploads\/2026\/04\/img_8551-300x225.jpg 300w, https:\/\/visionciudadana.com.mx\/oficial\/wp-content\/uploads\/2026\/04\/img_8551-768x576.jpg 768w, https:\/\/visionciudadana.com.mx\/oficial\/wp-content\/uploads\/2026\/04\/img_8551.jpg 888w\" sizes=\"(max-width: 300px) 100vw, 300px\" \/><\/figure>\n\n\n\n<p>Culiac\u00e1n, Sinaloa; abril 30 de 2026.- Durante la conferencia matutina de este d\u00eda, la presidenta de M\u00e9xico, Claudia Sheinbaum, fij\u00f3 postura respecto a las solicitudes de detenci\u00f3n provisional con fines de extradici\u00f3n emitidas por autoridades de Estados Unidos contra 10 ciudadanos mexicanos, entre ellos el gobernador de Sinaloa, Ruben Rocha Moya, as\u00ed como otros funcionarios, en un caso relacionado con presuntos v\u00ednculos con el narcotr\u00e1fico.<\/p>\n\n\n\n<p>La mandataria explic\u00f3 que la Secretaria ee Relaciones Exteriores (SRE) recibi\u00f3 la noche del 29 de abril la documentaci\u00f3n correspondiente a dichas solicitudes, mismas que fueron turnadas conforme al marco legal vigente a la Fiscal\u00eda General de la Rep\u00fablica (FGR) para su evaluaci\u00f3n. Indic\u00f3 que ser\u00e1 esta instancia la encargada de analizar si existen elementos probatorios suficientes que sustenten las peticiones conforme a la legislaci\u00f3n mexicana.<\/p>\n\n\n\n<p>De acuerdo con lo expuesto, el mismo d\u00eda, el Departamento de Justicia de Estados Unidos (DEA) a trav\u00e9s del distrito de Nueva York, hizo p\u00fablico el levantamiento de cargos contra los implicados, acompa\u00f1ado de un documento denominado \u201cacusaci\u00f3n de reemplazo bajo reserva\u201d, situaci\u00f3n que, se\u00f1al\u00f3, gener\u00f3 extra\u00f1amiento en el \u00e1mbito jur\u00eddico de la canciller\u00eda mexicana, debido al car\u00e1cter confidencial que suelen tener estos procesos conforme a tratados internacionales.<\/p>\n\n\n\n<p>Por su parte, la FGR inform\u00f3 que, con base en la Constituci\u00f3n y las leyes aplicables, inici\u00f3 el an\u00e1lisis de la documentaci\u00f3n recibida, adem\u00e1s de abrir una investigaci\u00f3n paralela para determinar si existen datos de prueba que respalden las acusaciones formuladas por autoridades estadounidenses y que permitan, en su caso, solicitar \u00f3rdenes de aprehensi\u00f3n ante el Poder Judicial.<\/p>\n\n\n\n<p>Sheinbaum Pardo expuso que en M\u00e9xico, para proceder penalmente, es indispensable contar con elementos que permitan inferir la posible comisi\u00f3n de un delito, por lo que reiter\u00f3 que las decisiones se tomar\u00e1n conforme al marco jur\u00eddico nacional.<\/p>\n\n\n\n<p>\u201cNosotros no vamos a cubrir a nadie que haya cometido un delito\u201d, afirm\u00f3, al tiempo que precis\u00f3 que, de existir pruebas contundentes, las autoridades mexicanas actuar\u00e1n en consecuencia.<\/p>\n\n\n\n<p>No obstante, advirti\u00f3 que, en ausencia de evidencias claras, las imputaciones podr\u00edan tener un trasfondo pol\u00edtico, por lo que enfatiz\u00f3 que su gobierno no permitir\u00e1 ning\u00fan tipo de injerencia extranjera en asuntos que competen exclusivamente al pa\u00eds.<\/p>\n\n\n\n<p>La titular del Ejecutivo reiter\u00f3 que la postura de su administraci\u00f3n se sustenta en los principios de verdad, justicia y defensa de la soberan\u00eda nacional, as\u00ed como en una relaci\u00f3n bilateral con Estados Unidos basada en el respeto y la igualdad entre naciones.<\/p>\n\n\n\n<p><\/p>\n\n\n\n<p><\/p>\n\n\n\n<p><\/p>\n\n\n\n<p><\/p>\n\n\n\n<p><\/p>\n\n\n\n<p><\/p>\n\n\n\n<p>REDACCI\u00d3N\/VELINA FONSECA. <\/p>\n","protected":false},"excerpt":{"rendered":"<p>Culiac\u00e1n, Sinaloa; abril 30 de 2026.- Durante la conferencia matutina de este d\u00eda, la presidenta de M\u00e9xico, Claudia Sheinbaum, fij\u00f3 postura respecto a las solicitudes de detenci\u00f3n provisional con fines de extradici\u00f3n emitidas por autoridades de Estados Unidos contra 10 ciudadanos mexicanos, entre ellos el gobernador de Sinaloa, Ruben Rocha Moya, as\u00ed como otros funcionarios, [&hellip;]<\/p>\n","protected":false},"author":11,"featured_media":41663,"comment_status":"closed","ping_status":"closed","sticky":false,"template":"","format":"standard","meta":{"footnotes":""},"categories":[15,24,14],"tags":[],"ppma_author":[42],"class_list":["post-41664","post","type-post","status-publish","format-standard","has-post-thumbnail","hentry","category-nacionales","category-relevantes","category-seguridad"],"aioseo_notices":[],"authors":[{"term_id":42,"user_id":11,"is_guest":0,"slug":"celinavision","display_name":"Redacci\u00f3n Vision Ciudadana","avatar_url":"https:\/\/secure.gravatar.com\/avatar\/5974f79b452df50dc11600a3c0f261022fc34eb0879d83b503e86107cd3e64cc?s=96&d=mm&r=g","0":null,"1":"","2":"","3":"","4":"","5":"","6":"","7":"","8":""}],"_links":{"self":[{"href":"https:\/\/visionciudadana.com.mx\/oficial\/wp-json\/wp\/v2\/posts\/41664","targetHints":{"allow":["GET"]}}],"collection":[{"href":"https:\/\/visionciudadana.com.mx\/oficial\/wp-json\/wp\/v2\/posts"}],"about":[{"href":"https:\/\/visionciudadana.com.mx\/oficial\/wp-json\/wp\/v2\/types\/post"}],"author":[{"embeddable":true,"href":"https:\/\/visionciudadana.com.mx\/oficial\/wp-json\/wp\/v2\/users\/11"}],"replies":[{"embeddable":true,"href":"https:\/\/visionciudadana.com.mx\/oficial\/wp-json\/wp\/v2\/comments?post=41664"}],"version-history":[{"count":1,"href":"https:\/\/visionciudadana.com.mx\/oficial\/wp-json\/wp\/v2\/posts\/41664\/revisions"}],"predecessor-version":[{"id":41665,"href":"https:\/\/visionciudadana.com.mx\/oficial\/wp-json\/wp\/v2\/posts\/41664\/revisions\/41665"}],"wp:featuredmedia":[{"embeddable":true,"href":"https:\/\/visionciudadana.com.mx\/oficial\/wp-json\/wp\/v2\/media\/41663"}],"wp:attachment":[{"href":"https:\/\/visionciudadana.com.mx\/oficial\/wp-json\/wp\/v2\/media?parent=41664"}],"wp:term":[{"taxonomy":"category","embeddable":true,"href":"https:\/\/visionciudadana.com.mx\/oficial\/wp-json\/wp\/v2\/categories?post=41664"},{"taxonomy":"post_tag","embeddable":true,"href":"https:\/\/visionciudadana.com.mx\/oficial\/wp-json\/wp\/v2\/tags?post=41664"},{"taxonomy":"author","embeddable":true,"href":"https:\/\/visionciudadana.com.mx\/oficial\/wp-json\/wp\/v2\/ppma_author?post=41664"}],"curies":[{"name":"wp","href":"https:\/\/api.w.org\/{rel}","templated":true}]}}