{"id":41648,"date":"2026-04-29T16:43:00","date_gmt":"2026-04-29T23:43:00","guid":{"rendered":"https:\/\/visionciudadana.com.mx\/oficial\/?p=41648"},"modified":"2026-04-29T21:20:52","modified_gmt":"2026-04-30T04:20:52","slug":"se-formaliza-subsidio-a-las-tarifas-de-energia-electrica-en-sinaloa","status":"publish","type":"post","link":"https:\/\/visionciudadana.com.mx\/oficial\/2026\/04\/29\/se-formaliza-subsidio-a-las-tarifas-de-energia-electrica-en-sinaloa\/","title":{"rendered":"Se formaliza subsidio a las tarifas de energ\u00eda el\u00e9ctrica en Sinaloa"},"content":{"rendered":"\n<p><\/p>\n\n\n\n<figure class=\"wp-block-image size-large\"><img fetchpriority=\"high\" decoding=\"async\" width=\"1024\" height=\"768\" src=\"https:\/\/visionciudadana.com.mx\/oficial\/wp-content\/uploads\/2026\/04\/a3092c3d-b76c-4f70-af6f-58b97d1f7ede-1024x768.jpg\" class=\"wp-image-41646\" srcset=\"https:\/\/visionciudadana.com.mx\/oficial\/wp-content\/uploads\/2026\/04\/a3092c3d-b76c-4f70-af6f-58b97d1f7ede-1024x768.jpg 1024w, https:\/\/visionciudadana.com.mx\/oficial\/wp-content\/uploads\/2026\/04\/a3092c3d-b76c-4f70-af6f-58b97d1f7ede-300x225.jpg 300w, https:\/\/visionciudadana.com.mx\/oficial\/wp-content\/uploads\/2026\/04\/a3092c3d-b76c-4f70-af6f-58b97d1f7ede-768x576.jpg 768w, https:\/\/visionciudadana.com.mx\/oficial\/wp-content\/uploads\/2026\/04\/a3092c3d-b76c-4f70-af6f-58b97d1f7ede.jpg 1423w\" sizes=\"(max-width: 1024px) 100vw, 1024px\" \/><\/figure>\n\n\n\n<ul class=\"wp-block-list\">\n<li><em>El gobernador Rocha encabeza reuni\u00f3n con directivos de la CFE; se aplicar\u00e1 del 1 de mayo y al 31 de octubre de 2026<\/em><\/li>\n\n\n\n<li><em>Se beneficiar\u00e1n 588 mil 847 familias sinaloenses<\/em><\/li>\n<\/ul>\n\n\n\n<p><\/p>\n\n\n\n<p>Culiac\u00e1n, Sinaloa, a 29 de abril de 2026.- A partir del pr\u00f3ximo 1 de Mayo y hasta el 31 de Octubre de este a\u00f1o, se aplicar\u00e1 en Sinaloa un subsidio a las tarifas de energ\u00eda el\u00e9ctrica, de acuerdo con el convenio que se firm\u00f3 este jueves para formalizar el apoyo.<\/p>\n\n\n\n<p>El gobernador Rub\u00e9n Rocha Moya encabez\u00f3 la reuni\u00f3n junto con directivos de la CFE como el gerente de Distribuci\u00f3n Divisi\u00f3n Noroeste, Hugo Mart\u00ednez Lendechy, y el encargado temporal de la Subgerencia Comercial, Emanuel Abril Herrera.<\/p>\n\n\n\n<p>El beneficio es para usuarios dom\u00e9sticos de todo el estado y significa un gran ahorro para 588 mil 847 familias sinaloenses.<\/p>\n\n\n\n<p>Adem\u00e1s, asistieron la Secretaria de Gobierno, Yeraldine Bonilla Valverde; el Secretario de Administraci\u00f3n y Finanzas, Joaqu\u00edn Alberto Landeros Guicho, y la Secretaria de Transparencia y Rendici\u00f3n de Cuentas, Sandra Guadalupe Angulo C\u00e1zarez.<\/p>\n\n\n\n<p><\/p>\n\n\n\n<p><\/p>\n\n\n\n<p><\/p>\n\n\n\n<p><\/p>\n\n\n\n<p><\/p>\n\n\n\n<p>REDACCI\u00d3N\/VISION CIUDADANA. <\/p>\n","protected":false},"excerpt":{"rendered":"<p>Culiac\u00e1n, Sinaloa, a 29 de abril de 2026.- A partir del pr\u00f3ximo 1 de Mayo y hasta el 31 de Octubre de este a\u00f1o, se aplicar\u00e1 en Sinaloa un subsidio a las tarifas de energ\u00eda el\u00e9ctrica, de acuerdo con el convenio que se firm\u00f3 este jueves para formalizar el apoyo. El gobernador Rub\u00e9n Rocha Moya [&hellip;]<\/p>\n","protected":false},"author":11,"featured_media":41647,"comment_status":"closed","ping_status":"closed","sticky":false,"template":"","format":"standard","meta":{"footnotes":""},"categories":[13,24],"tags":[],"ppma_author":[42],"class_list":["post-41648","post","type-post","status-publish","format-standard","has-post-thumbnail","hentry","category-locales","category-relevantes"],"aioseo_notices":[],"authors":[{"term_id":42,"user_id":11,"is_guest":0,"slug":"celinavision","display_name":"Redacci\u00f3n Vision Ciudadana","avatar_url":"https:\/\/secure.gravatar.com\/avatar\/5974f79b452df50dc11600a3c0f261022fc34eb0879d83b503e86107cd3e64cc?s=96&d=mm&r=g","0":null,"1":"","2":"","3":"","4":"","5":"","6":"","7":"","8":""}],"_links":{"self":[{"href":"https:\/\/visionciudadana.com.mx\/oficial\/wp-json\/wp\/v2\/posts\/41648","targetHints":{"allow":["GET"]}}],"collection":[{"href":"https:\/\/visionciudadana.com.mx\/oficial\/wp-json\/wp\/v2\/posts"}],"about":[{"href":"https:\/\/visionciudadana.com.mx\/oficial\/wp-json\/wp\/v2\/types\/post"}],"author":[{"embeddable":true,"href":"https:\/\/visionciudadana.com.mx\/oficial\/wp-json\/wp\/v2\/users\/11"}],"replies":[{"embeddable":true,"href":"https:\/\/visionciudadana.com.mx\/oficial\/wp-json\/wp\/v2\/comments?post=41648"}],"version-history":[{"count":1,"href":"https:\/\/visionciudadana.com.mx\/oficial\/wp-json\/wp\/v2\/posts\/41648\/revisions"}],"predecessor-version":[{"id":41649,"href":"https:\/\/visionciudadana.com.mx\/oficial\/wp-json\/wp\/v2\/posts\/41648\/revisions\/41649"}],"wp:featuredmedia":[{"embeddable":true,"href":"https:\/\/visionciudadana.com.mx\/oficial\/wp-json\/wp\/v2\/media\/41647"}],"wp:attachment":[{"href":"https:\/\/visionciudadana.com.mx\/oficial\/wp-json\/wp\/v2\/media?parent=41648"}],"wp:term":[{"taxonomy":"category","embeddable":true,"href":"https:\/\/visionciudadana.com.mx\/oficial\/wp-json\/wp\/v2\/categories?post=41648"},{"taxonomy":"post_tag","embeddable":true,"href":"https:\/\/visionciudadana.com.mx\/oficial\/wp-json\/wp\/v2\/tags?post=41648"},{"taxonomy":"author","embeddable":true,"href":"https:\/\/visionciudadana.com.mx\/oficial\/wp-json\/wp\/v2\/ppma_author?post=41648"}],"curies":[{"name":"wp","href":"https:\/\/api.w.org\/{rel}","templated":true}]}}