{"id":41633,"date":"2026-04-29T19:27:30","date_gmt":"2026-04-30T02:27:30","guid":{"rendered":"https:\/\/visionciudadana.com.mx\/oficial\/?p=41633"},"modified":"2026-04-29T19:27:30","modified_gmt":"2026-04-30T02:27:30","slug":"tropiezos-en-la-senda-postcrisis","status":"publish","type":"post","link":"https:\/\/visionciudadana.com.mx\/oficial\/2026\/04\/29\/tropiezos-en-la-senda-postcrisis\/","title":{"rendered":"TROPIEZOS EN LA SENDA POSTCRISIS"},"content":{"rendered":"<p><em><img decoding=\"async\" class=\"alignnone size-medium wp-image-41634\" src=\"https:\/\/visionciudadana.com.mx\/oficial\/wp-content\/uploads\/2026\/04\/Loza-instagram-1-300x147.jpg\" alt=\"\" width=\"300\" height=\"147\" srcset=\"https:\/\/visionciudadana.com.mx\/oficial\/wp-content\/uploads\/2026\/04\/Loza-instagram-1-300x147.jpg 300w, https:\/\/visionciudadana.com.mx\/oficial\/wp-content\/uploads\/2026\/04\/Loza-instagram-1.jpg 450w\" sizes=\"(max-width: 300px) 100vw, 300px\" \/>No s\u00e9 por qu\u00e9 piensas t\u00fa,<br \/>\nsoldado, que te odio yo,<br \/>\nsi somos la misma cosa\/ yo,\/ t\u00fa.<\/em><\/p>\n<p>Nicol\u00e1s Guill\u00e9n<\/p>\n<p>&nbsp;<\/p>\n<p>La crisis que vivimos nos obliga a ver con mucha claridad qu\u00e9 terreno pisamos. Y no es para menos, pues m\u00e1s de 19 meses de crisis no admite enga\u00f1os. Precisemos primero el tama\u00f1o de la crisis que se vive en varias regiones del pa\u00eds, en especial en Sinaloa. Sabemos que no apareci\u00f3 por generaci\u00f3n espont\u00e1nea hace poco m\u00e1s de a\u00f1o y medio. Los elementos centrales de la inseguridad fueron incubados en los lejanos desplazamientos a que oblig\u00f3 la construcci\u00f3n de presas para riego y las di\u00e1sporas que parieron las actividades relacionadas con la siembra, cultivo y tr\u00e1fico de drogas. Es una historia que nos habla de los a\u00f1os cuarenta del siglo pasado, pero con expresiones concretas que dejaron huellas en distintas \u00e9pocas desde entonces.<\/p>\n<p>La situaci\u00f3n vivida nos impuso momentos en que centenares y a veces miles de familias se vieron en la necesidad de dejar lugar de origen, querencia, bienes y las coordenadas donde descansan sus mayores. No faltaron ocasiones en las que se vivi\u00f3 con el Jes\u00fas en la boca, d\u00edas en que la violencia nos oblig\u00f3 a la confinaci\u00f3n en algunas zonas del estado. Son recuerdos amargos, como aquellos dif\u00edciles d\u00edas que van del 1\u00b0 al 10 de mayo de 2008, en los que la ciudad de Culiac\u00e1n no pudo festejar el sagrado D\u00eda de las Madres. Los fuertes acontecimientos de esos d\u00edas y el perfil de sus protagonistas no recomendaban salir libremente a la calle, ni abrir las puertas de las plazas comerciales, que permanecieron desoladas los d\u00edas 9 y 10. El silencio y la tensi\u00f3n fueron la p\u00e1tina de un D\u00eda de las Madres sin el desbocado y alegre ruido de la Banda sinaloense.<\/p>\n<p>A partir del 9 de septiembre surgen o se profundizan algunos elementos que deben estar presentes en todos nuestros an\u00e1lisis, pues sin ellos las decisiones que tomemos para enfrentar la situaci\u00f3n que vivimos ser\u00e1n muy deficientes, pues ello nos aleja de la comprensi\u00f3n que exige el entorno que vivimos y de una soluci\u00f3n que nos encamine a la postcrisis. Me refiero al confinamiento practicado en diversos momentos, a la clausura total y luego parcial de la actividad econ\u00f3mica nocturna y al entretenimiento practicado por quienes tienen vocaci\u00f3n de nict\u00e1lopes. Culiac\u00e1n era una urbe que no dorm\u00eda antes de la crisis de seguridad, pero la crisis oblig\u00f3 a replantear h\u00e1bitos y pr\u00e1cticas empresariales.<\/p>\n<p>En los primeros meses de la crisis, la cancelaci\u00f3n de una infinidad de eventos sociales como bodas, quincea\u00f1os y graduaciones escolares dio un vuelco a la vida nocturna y un rev\u00e9s a la inversi\u00f3n en negocios de diversi\u00f3n y entretenimiento. No s\u00f3lo modificamos h\u00e1bitos nocturnos, por un buen tiempo la asistencia a los parques y \u00e1reas de uso com\u00fan ha sido extremadamente t\u00edmida, lo que nos lleva a pasar mayor tiempo en nuestros hogares, sin que contemos con programas oficiales que fortalezcan la vida familiar, alimenten el perfil educativo y las capacidades productivas.<\/p>\n<p>Hay un elemento que sin ser propiamente nuevo, s\u00ed destaca en la crisis de seguridad presente: la cuota negativa que llevan los agentes de polic\u00eda de las diferentes corporaciones. Y que debe dimensionarse en toda su magnitud. En los momentos cr\u00edticos anteriores se han perdido vidas de polic\u00edas, pero en la coyuntura que vivimos la cifra rebasa los 90 casos. El n\u00famero no s\u00f3lo impacta en la sociedad, sino al interior de las corporaciones: hay un fuerte d\u00e9ficit de elementos policiales, pues las campa\u00f1as de reclutamiento y las prestaciones ofrecidas no alcanzan a superar los riesgos.<\/p>\n<p>La Comisi\u00f3n Estatal de los Derechos Humanos hizo llegar de manera temprana en esta crisis tres medidas cautelares, que consisten en, a)cuando la ciudadan\u00eda demande la presencia policial, que asistan al menos dos patrullas; b)que el arma oficial de cargo permanezca en manos de los agentes de polic\u00eda en sus horas de descanso; y, c)al final de la jornada de trabajo los polic\u00edas deben ser trasladados a sus casas por el turno que le sigue. A pesar de la p\u00e9rdida de un n\u00famero muy alto de agentes de seguridad la respuesta de las autoridades a nuestras propuestas de protecci\u00f3n no ha tenido ni la sensibilidad ni la preocupaci\u00f3n esperada.<\/p>\n<p>\u00bfDebe revisarse la estrategia de seguridad ahora? S\u00ed. Las fallas est\u00e1n a la vista y podemos palparlas sin mayores complicaciones. Nos referimos a que hay un sacrificio creciente y permanente de los agentes encargados de cuidarnos, sin que las medidas aplicadas hasta ahora puedan evitarlo; lo mismo es aplicable a la vulnerabilidad de las mujeres en el entorno presente. Lo que sucedi\u00f3 recientemente a cuatro mujeres por la calle Hidalgo en las inmediaciones del Mercadito Rafael Buelna, nos deja en la perplejidad: en los momentos en que eran agredidas el patrullaje y la vigilancia de las diferentes corporaciones estaba presente en la ciudad y en la zona en que fueron asesinadas esas mujeres. Aun as\u00ed, \u00bfd\u00f3nde qued\u00f3 el agresor? Urge revisar el a, b, c, de la estrategia de seguridad. Vale.<\/p>\n<p><a href=\"http:\/\/www.oscarloza.com\">www.oscarloza.com<\/a><\/p>\n<p><a href=\"mailto:oscarloza.ochoa@gmail.com\">oscarloza.ochoa@gmail.com<\/a><\/p>\n<p>X @Oscar_Loza<\/p>\n<p>&nbsp;<\/p>\n<p>&nbsp;<\/p>\n<p>&nbsp;<\/p>\n<p>&nbsp;<\/p>\n<p>&nbsp;<\/p>\n<p>&nbsp;<\/p>\n","protected":false},"excerpt":{"rendered":"<p>No s\u00e9 por qu\u00e9 piensas t\u00fa, soldado, que te odio yo, si somos la misma cosa\/ yo,\/ t\u00fa. Nicol\u00e1s Guill\u00e9n &nbsp; La crisis que vivimos nos obliga a ver con mucha claridad qu\u00e9 terreno pisamos. Y no es para menos, pues m\u00e1s de 19 meses de crisis no admite enga\u00f1os. Precisemos primero el tama\u00f1o de [&hellip;]<\/p>\n","protected":false},"author":9,"featured_media":41635,"comment_status":"closed","ping_status":"closed","sticky":false,"template":"","format":"standard","meta":{"footnotes":""},"categories":[9],"tags":[],"ppma_author":[37],"class_list":["post-41633","post","type-post","status-publish","format-standard","has-post-thumbnail","hentry","category-oscar-loza"],"aioseo_notices":[],"authors":[{"term_id":37,"user_id":9,"is_guest":0,"slug":"oscar-loza","display_name":"Oscar Loza","avatar_url":{"url":"https:\/\/visionciudadana.com.mx\/oficial\/wp-content\/uploads\/2021\/04\/columna-oscar.png","url2x":"https:\/\/visionciudadana.com.mx\/oficial\/wp-content\/uploads\/2021\/04\/columna-oscar.png"},"0":null,"1":"","2":"","3":"","4":"","5":"","6":"","7":"","8":""}],"_links":{"self":[{"href":"https:\/\/visionciudadana.com.mx\/oficial\/wp-json\/wp\/v2\/posts\/41633","targetHints":{"allow":["GET"]}}],"collection":[{"href":"https:\/\/visionciudadana.com.mx\/oficial\/wp-json\/wp\/v2\/posts"}],"about":[{"href":"https:\/\/visionciudadana.com.mx\/oficial\/wp-json\/wp\/v2\/types\/post"}],"author":[{"embeddable":true,"href":"https:\/\/visionciudadana.com.mx\/oficial\/wp-json\/wp\/v2\/users\/9"}],"replies":[{"embeddable":true,"href":"https:\/\/visionciudadana.com.mx\/oficial\/wp-json\/wp\/v2\/comments?post=41633"}],"version-history":[{"count":1,"href":"https:\/\/visionciudadana.com.mx\/oficial\/wp-json\/wp\/v2\/posts\/41633\/revisions"}],"predecessor-version":[{"id":41636,"href":"https:\/\/visionciudadana.com.mx\/oficial\/wp-json\/wp\/v2\/posts\/41633\/revisions\/41636"}],"wp:featuredmedia":[{"embeddable":true,"href":"https:\/\/visionciudadana.com.mx\/oficial\/wp-json\/wp\/v2\/media\/41635"}],"wp:attachment":[{"href":"https:\/\/visionciudadana.com.mx\/oficial\/wp-json\/wp\/v2\/media?parent=41633"}],"wp:term":[{"taxonomy":"category","embeddable":true,"href":"https:\/\/visionciudadana.com.mx\/oficial\/wp-json\/wp\/v2\/categories?post=41633"},{"taxonomy":"post_tag","embeddable":true,"href":"https:\/\/visionciudadana.com.mx\/oficial\/wp-json\/wp\/v2\/tags?post=41633"},{"taxonomy":"author","embeddable":true,"href":"https:\/\/visionciudadana.com.mx\/oficial\/wp-json\/wp\/v2\/ppma_author?post=41633"}],"curies":[{"name":"wp","href":"https:\/\/api.w.org\/{rel}","templated":true}]}}