{"id":41627,"date":"2026-04-29T14:38:51","date_gmt":"2026-04-29T21:38:51","guid":{"rendered":"https:\/\/visionciudadana.com.mx\/oficial\/?p=41627"},"modified":"2026-04-29T14:38:51","modified_gmt":"2026-04-29T21:38:51","slug":"rechaza-juan-de-dios-gamez-senalamientos-y-afirma-que-continuara-trabajando-desde-culiacan","status":"publish","type":"post","link":"https:\/\/visionciudadana.com.mx\/oficial\/2026\/04\/29\/rechaza-juan-de-dios-gamez-senalamientos-y-afirma-que-continuara-trabajando-desde-culiacan\/","title":{"rendered":"Rechaza Juan de Dios G\u00e1mez se\u00f1alamientos y afirma que continuar\u00e1 trabajando desde Culiac\u00e1n"},"content":{"rendered":"\n<p><\/p>\n\n\n\n<figure class=\"wp-block-image size-large\"><img fetchpriority=\"high\" decoding=\"async\" width=\"300\" height=\"225\" src=\"https:\/\/visionciudadana.com.mx\/oficial\/wp-content\/uploads\/2026\/04\/c0115100-7ac6-4749-a409-bcdb1dcdd93e-300x225.jpg\" class=\"wp-image-41625\" srcset=\"https:\/\/visionciudadana.com.mx\/oficial\/wp-content\/uploads\/2026\/04\/c0115100-7ac6-4749-a409-bcdb1dcdd93e-300x225.jpg 300w, https:\/\/visionciudadana.com.mx\/oficial\/wp-content\/uploads\/2026\/04\/c0115100-7ac6-4749-a409-bcdb1dcdd93e.jpg 338w\" sizes=\"(max-width: 300px) 100vw, 300px\" \/><\/figure>\n\n\n\n<p class=\"p2\"><strong>Culiac\u00e1n, Sinaloa; abril 29 de 2026.-<\/strong> El alcalde de Culiac\u00e1n, Juan de Dios G\u00e1mez Mend\u00edvil, rechaz\u00f3 los se\u00f1alamientos que se han dado a conocer en su contra y sostuvo que carecen de fundamento.<\/p>\n\n\n\n<p class=\"p2\">A trav\u00e9s de un posicionamiento p\u00fablico, el presidente municipal afirm\u00f3 que a lo largo de su trayectoria ha actuado con apego a la legalidad y con responsabilidad en el servicio p\u00fablico.<\/p>\n\n\n\n<p class=\"p2\">En su mensaje, G\u00e1mez Mend\u00edvil se\u00f1al\u00f3 que desde Culiac\u00e1n continuar\u00e1 trabajando, atendiendo a la poblaci\u00f3n y cumpliendo con sus responsabilidades al frente del gobierno municipal.<\/p>\n\n\n\n<p class=\"p3\">El pronunciamiento se da en medio de reacciones de diversos funcionarios sinaloenses tras las acusaciones difundidas por autoridades de Estados Unidos, respecto de las cuales distintos actores han manifestado su rechazo y defensa de su actuaci\u00f3n p\u00fablica.<\/p>\n\n\n\n<p><\/p>\n\n\n\n<p><\/p>\n\n\n\n<p><\/p>\n\n\n\n<p><\/p>\n\n\n\n<p>REDACCI\u00d3N\/CELINA FONSECA. <\/p>\n","protected":false},"excerpt":{"rendered":"<p>Culiac\u00e1n, Sinaloa; abril 29 de 2026.- El alcalde de Culiac\u00e1n, Juan de Dios G\u00e1mez Mend\u00edvil, rechaz\u00f3 los se\u00f1alamientos que se han dado a conocer en su contra y sostuvo que carecen de fundamento. A trav\u00e9s de un posicionamiento p\u00fablico, el presidente municipal afirm\u00f3 que a lo largo de su trayectoria ha actuado con apego a [&hellip;]<\/p>\n","protected":false},"author":11,"featured_media":41626,"comment_status":"closed","ping_status":"closed","sticky":false,"template":"","format":"standard","meta":{"footnotes":""},"categories":[13,24],"tags":[],"ppma_author":[42],"class_list":["post-41627","post","type-post","status-publish","format-standard","has-post-thumbnail","hentry","category-locales","category-relevantes"],"aioseo_notices":[],"authors":[{"term_id":42,"user_id":11,"is_guest":0,"slug":"celinavision","display_name":"Redacci\u00f3n Vision Ciudadana","avatar_url":"https:\/\/secure.gravatar.com\/avatar\/5974f79b452df50dc11600a3c0f261022fc34eb0879d83b503e86107cd3e64cc?s=96&d=mm&r=g","0":null,"1":"","2":"","3":"","4":"","5":"","6":"","7":"","8":""}],"_links":{"self":[{"href":"https:\/\/visionciudadana.com.mx\/oficial\/wp-json\/wp\/v2\/posts\/41627","targetHints":{"allow":["GET"]}}],"collection":[{"href":"https:\/\/visionciudadana.com.mx\/oficial\/wp-json\/wp\/v2\/posts"}],"about":[{"href":"https:\/\/visionciudadana.com.mx\/oficial\/wp-json\/wp\/v2\/types\/post"}],"author":[{"embeddable":true,"href":"https:\/\/visionciudadana.com.mx\/oficial\/wp-json\/wp\/v2\/users\/11"}],"replies":[{"embeddable":true,"href":"https:\/\/visionciudadana.com.mx\/oficial\/wp-json\/wp\/v2\/comments?post=41627"}],"version-history":[{"count":1,"href":"https:\/\/visionciudadana.com.mx\/oficial\/wp-json\/wp\/v2\/posts\/41627\/revisions"}],"predecessor-version":[{"id":41628,"href":"https:\/\/visionciudadana.com.mx\/oficial\/wp-json\/wp\/v2\/posts\/41627\/revisions\/41628"}],"wp:featuredmedia":[{"embeddable":true,"href":"https:\/\/visionciudadana.com.mx\/oficial\/wp-json\/wp\/v2\/media\/41626"}],"wp:attachment":[{"href":"https:\/\/visionciudadana.com.mx\/oficial\/wp-json\/wp\/v2\/media?parent=41627"}],"wp:term":[{"taxonomy":"category","embeddable":true,"href":"https:\/\/visionciudadana.com.mx\/oficial\/wp-json\/wp\/v2\/categories?post=41627"},{"taxonomy":"post_tag","embeddable":true,"href":"https:\/\/visionciudadana.com.mx\/oficial\/wp-json\/wp\/v2\/tags?post=41627"},{"taxonomy":"author","embeddable":true,"href":"https:\/\/visionciudadana.com.mx\/oficial\/wp-json\/wp\/v2\/ppma_author?post=41627"}],"curies":[{"name":"wp","href":"https:\/\/api.w.org\/{rel}","templated":true}]}}