{"id":41623,"date":"2026-04-29T14:18:20","date_gmt":"2026-04-29T21:18:20","guid":{"rendered":"https:\/\/visionciudadana.com.mx\/oficial\/?p=41623"},"modified":"2026-04-29T14:18:20","modified_gmt":"2026-04-29T21:18:20","slug":"fiscalia-de-sinaloa-refrenda-respeto-al-debido-proceso-ante-senalamientos-de-autoridades-de-ee-uu","status":"publish","type":"post","link":"https:\/\/visionciudadana.com.mx\/oficial\/2026\/04\/29\/fiscalia-de-sinaloa-refrenda-respeto-al-debido-proceso-ante-senalamientos-de-autoridades-de-ee-uu\/","title":{"rendered":"Fiscal\u00eda de Sinaloa refrenda respeto al debido proceso ante se\u00f1alamientos de autoridades de EE.UU."},"content":{"rendered":"\n<p><\/p>\n\n\n\n<figure class=\"wp-block-image size-large\"><img fetchpriority=\"high\" decoding=\"async\" width=\"300\" height=\"225\" src=\"https:\/\/visionciudadana.com.mx\/oficial\/wp-content\/uploads\/2026\/04\/img_8507-300x225.jpg\" class=\"wp-image-41621\" srcset=\"https:\/\/visionciudadana.com.mx\/oficial\/wp-content\/uploads\/2026\/04\/img_8507-300x225.jpg 300w, https:\/\/visionciudadana.com.mx\/oficial\/wp-content\/uploads\/2026\/04\/img_8507.jpg 488w\" sizes=\"(max-width: 300px) 100vw, 300px\" \/><\/figure>\n\n\n\n<p>Culiac\u00e1n, Sinaloa; 29 de abril de 2026.- En relaci\u00f3n con la informaci\u00f3n difundida por autoridades del Gobierno de Estados Unidos sobre una acusaci\u00f3n en contra de diversos servidores p\u00fablicos, entre ellos el Vicefiscal General del Estado de Sinaloa, se tiene que, en el \u00e1mbito nacional, cualquier solicitud relacionada con dichos se\u00f1alamientos debe sujetarse a lo establecido en la Constituci\u00f3n, la Ley de Extradici\u00f3n Internacional y los tratados vigentes, siendo competencia de la Fiscal\u00eda General de la Rep\u00fablica determinar, con base en datos de prueba, la procedencia legal de las mismas.<\/p>\n\n\n\n<p>La instituci\u00f3n subraya que en M\u00e9xico rige el principio de presunci\u00f3n de inocencia, por lo que ninguna persona puede ser considerada responsable sin que medie resoluci\u00f3n de autoridad judicial competente.<\/p>\n\n\n\n<p>Asimismo, toda actuaci\u00f3n en materia de procuraci\u00f3n de justicia debe conducirse con estricto apego al debido proceso, la legalidad y el respeto a la soberan\u00eda nacional.<\/p>\n\n\n\n<p>La Fiscal\u00eda General del Estado refrenda su compromiso con la legalidad, la objetividad y el respeto irrestricto al marco constitucional.<\/p>\n\n\n\n<p><\/p>\n\n\n\n<p><\/p>\n\n\n\n<p><\/p>\n\n\n\n<p><\/p>\n\n\n\n<p>REDACCION\/VISION CIUDADANA.<\/p>\n","protected":false},"excerpt":{"rendered":"<p>Culiac\u00e1n, Sinaloa; 29 de abril de 2026.- En relaci\u00f3n con la informaci\u00f3n difundida por autoridades del Gobierno de Estados Unidos sobre una acusaci\u00f3n en contra de diversos servidores p\u00fablicos, entre ellos el Vicefiscal General del Estado de Sinaloa, se tiene que, en el \u00e1mbito nacional, cualquier solicitud relacionada con dichos se\u00f1alamientos debe sujetarse a lo [&hellip;]<\/p>\n","protected":false},"author":11,"featured_media":41622,"comment_status":"closed","ping_status":"closed","sticky":false,"template":"","format":"standard","meta":{"footnotes":""},"categories":[24,14],"tags":[],"ppma_author":[42],"class_list":["post-41623","post","type-post","status-publish","format-standard","has-post-thumbnail","hentry","category-relevantes","category-seguridad"],"aioseo_notices":[],"authors":[{"term_id":42,"user_id":11,"is_guest":0,"slug":"celinavision","display_name":"Redacci\u00f3n Vision Ciudadana","avatar_url":"https:\/\/secure.gravatar.com\/avatar\/5974f79b452df50dc11600a3c0f261022fc34eb0879d83b503e86107cd3e64cc?s=96&d=mm&r=g","0":null,"1":"","2":"","3":"","4":"","5":"","6":"","7":"","8":""}],"_links":{"self":[{"href":"https:\/\/visionciudadana.com.mx\/oficial\/wp-json\/wp\/v2\/posts\/41623","targetHints":{"allow":["GET"]}}],"collection":[{"href":"https:\/\/visionciudadana.com.mx\/oficial\/wp-json\/wp\/v2\/posts"}],"about":[{"href":"https:\/\/visionciudadana.com.mx\/oficial\/wp-json\/wp\/v2\/types\/post"}],"author":[{"embeddable":true,"href":"https:\/\/visionciudadana.com.mx\/oficial\/wp-json\/wp\/v2\/users\/11"}],"replies":[{"embeddable":true,"href":"https:\/\/visionciudadana.com.mx\/oficial\/wp-json\/wp\/v2\/comments?post=41623"}],"version-history":[{"count":1,"href":"https:\/\/visionciudadana.com.mx\/oficial\/wp-json\/wp\/v2\/posts\/41623\/revisions"}],"predecessor-version":[{"id":41624,"href":"https:\/\/visionciudadana.com.mx\/oficial\/wp-json\/wp\/v2\/posts\/41623\/revisions\/41624"}],"wp:featuredmedia":[{"embeddable":true,"href":"https:\/\/visionciudadana.com.mx\/oficial\/wp-json\/wp\/v2\/media\/41622"}],"wp:attachment":[{"href":"https:\/\/visionciudadana.com.mx\/oficial\/wp-json\/wp\/v2\/media?parent=41623"}],"wp:term":[{"taxonomy":"category","embeddable":true,"href":"https:\/\/visionciudadana.com.mx\/oficial\/wp-json\/wp\/v2\/categories?post=41623"},{"taxonomy":"post_tag","embeddable":true,"href":"https:\/\/visionciudadana.com.mx\/oficial\/wp-json\/wp\/v2\/tags?post=41623"},{"taxonomy":"author","embeddable":true,"href":"https:\/\/visionciudadana.com.mx\/oficial\/wp-json\/wp\/v2\/ppma_author?post=41623"}],"curies":[{"name":"wp","href":"https:\/\/api.w.org\/{rel}","templated":true}]}}