{"id":41619,"date":"2026-04-29T13:52:45","date_gmt":"2026-04-29T20:52:45","guid":{"rendered":"https:\/\/visionciudadana.com.mx\/oficial\/?p=41619"},"modified":"2026-04-29T13:52:45","modified_gmt":"2026-04-29T20:52:45","slug":"fiscalia-de-ee-uu-imputa-a-rocha-moya-y-exfuncionarios-sinaloenses-por-presuntos-nexos-con-el-narcotrafico","status":"publish","type":"post","link":"https:\/\/visionciudadana.com.mx\/oficial\/2026\/04\/29\/fiscalia-de-ee-uu-imputa-a-rocha-moya-y-exfuncionarios-sinaloenses-por-presuntos-nexos-con-el-narcotrafico\/","title":{"rendered":"Fiscal\u00eda de EE.UU. imputa a Rocha Moya y exfuncionarios sinaloenses por presuntos nexos con el narcotr\u00e1fico"},"content":{"rendered":"\n<p><\/p>\n\n\n\n<figure class=\"wp-block-image aligncenter size-large\"><img fetchpriority=\"high\" decoding=\"async\" width=\"258\" height=\"194\" src=\"https:\/\/visionciudadana.com.mx\/oficial\/wp-content\/uploads\/2026\/04\/img_8506.jpg\" class=\"wp-image-41617\"\/><\/figure>\n\n\n\n<p class=\"p2\"><strong>Culiac\u00e1n, Sinaloa; abril 29 de 2026.-<\/strong> La Oficina del Fiscal de Estados Unidos para el Distrito Sur de Nueva York inform\u00f3 sobre una acusaci\u00f3n formal contra el gobernador de Sinaloa, Rub\u00e9n Rocha Moya, as\u00ed como contra el senador Enrique Inzunza C\u00e1zarez y otros funcionarios y exfuncionarios sinaloenses, por presuntos delitos relacionados con narcotr\u00e1fico y armas.<\/p>\n\n\n\n<p class=\"p2\">De acuerdo con el bolet\u00edn difundido por autoridades estadounidenses, los acusados presuntamente habr\u00edan conspirado con l\u00edderes del Sinaloa Cartel para introducir narc\u00f3ticos a Estados Unidos a cambio de apoyo pol\u00edtico y sobornos.<\/p>\n\n\n\n<p class=\"p2\">La acusaci\u00f3n fue anunciada por el fiscal federal Jay Clayton y por Terrance C. Cole, titular de la Drug Enforcement Administration (DEA), e incluye se\u00f1alamientos contra Enrique D\u00edaz Vega, D\u00e1maso Castro Zaavedra, Marco Antonio Almanza Avil\u00e9s, Alberto Jorge Contreras N\u00fa\u00f1ez, Gerardo M\u00e9rida S\u00e1nchez, Jos\u00e9 Antonio Dionisio Hip\u00f3lito, el alcalde de Culiac\u00e1n Juan de Dios G\u00e1mez Mend\u00edvil, as\u00ed como Juan Valenzuela Mill\u00e1n, este \u00faltimo tambi\u00e9n acusado por su presunta participaci\u00f3n en el secuestro y homicidio de una fuente de la DEA y un familiar.<\/p>\n\n\n\n<p class=\"p2\">Seg\u00fan el comunicado, los se\u00f1alados enfrentan cargos por conspiraci\u00f3n para la importaci\u00f3n de narc\u00f3ticos, posesi\u00f3n de armamento y delitos vinculados, en un caso asignado a la jueza federal Katherine Polk Failla.<\/p>\n\n\n\n<p class=\"p3\">Tras conocerse la acusaci\u00f3n, Rocha Moya rechaz\u00f3 los se\u00f1alamientos y sostuvo que demostrar\u00e1 \u201cla falta de sustento de esta calumnia\u201d, al insistir en que las imputaciones carecen de veracidad y fundamento. El caso se da en un contexto en el que el Gobierno de M\u00e9xico inform\u00f3 que recibi\u00f3 solicitudes de detenci\u00f3n provisional con fines de extradici\u00f3n, mismas que ser\u00e1n evaluadas conforme al sistema jur\u00eddico nacional.<\/p>\n\n\n\n<p><\/p>\n\n\n\n<p><\/p>\n\n\n\n<p><\/p>\n\n\n\n<p><\/p>\n\n\n\n<p>REDACCI\u00d3N\/ Fuentes: Redes. <\/p>\n","protected":false},"excerpt":{"rendered":"<p>Culiac\u00e1n, Sinaloa; abril 29 de 2026.- La Oficina del Fiscal de Estados Unidos para el Distrito Sur de Nueva York inform\u00f3 sobre una acusaci\u00f3n formal contra el gobernador de Sinaloa, Rub\u00e9n Rocha Moya, as\u00ed como contra el senador Enrique Inzunza C\u00e1zarez y otros funcionarios y exfuncionarios sinaloenses, por presuntos delitos relacionados con narcotr\u00e1fico y armas. [&hellip;]<\/p>\n","protected":false},"author":11,"featured_media":41618,"comment_status":"closed","ping_status":"closed","sticky":false,"template":"","format":"standard","meta":{"footnotes":""},"categories":[13,24,14],"tags":[],"ppma_author":[42],"class_list":["post-41619","post","type-post","status-publish","format-standard","has-post-thumbnail","hentry","category-locales","category-relevantes","category-seguridad"],"aioseo_notices":[],"authors":[{"term_id":42,"user_id":11,"is_guest":0,"slug":"celinavision","display_name":"Redacci\u00f3n Vision Ciudadana","avatar_url":"https:\/\/secure.gravatar.com\/avatar\/5974f79b452df50dc11600a3c0f261022fc34eb0879d83b503e86107cd3e64cc?s=96&d=mm&r=g","0":null,"1":"","2":"","3":"","4":"","5":"","6":"","7":"","8":""}],"_links":{"self":[{"href":"https:\/\/visionciudadana.com.mx\/oficial\/wp-json\/wp\/v2\/posts\/41619","targetHints":{"allow":["GET"]}}],"collection":[{"href":"https:\/\/visionciudadana.com.mx\/oficial\/wp-json\/wp\/v2\/posts"}],"about":[{"href":"https:\/\/visionciudadana.com.mx\/oficial\/wp-json\/wp\/v2\/types\/post"}],"author":[{"embeddable":true,"href":"https:\/\/visionciudadana.com.mx\/oficial\/wp-json\/wp\/v2\/users\/11"}],"replies":[{"embeddable":true,"href":"https:\/\/visionciudadana.com.mx\/oficial\/wp-json\/wp\/v2\/comments?post=41619"}],"version-history":[{"count":1,"href":"https:\/\/visionciudadana.com.mx\/oficial\/wp-json\/wp\/v2\/posts\/41619\/revisions"}],"predecessor-version":[{"id":41620,"href":"https:\/\/visionciudadana.com.mx\/oficial\/wp-json\/wp\/v2\/posts\/41619\/revisions\/41620"}],"wp:featuredmedia":[{"embeddable":true,"href":"https:\/\/visionciudadana.com.mx\/oficial\/wp-json\/wp\/v2\/media\/41618"}],"wp:attachment":[{"href":"https:\/\/visionciudadana.com.mx\/oficial\/wp-json\/wp\/v2\/media?parent=41619"}],"wp:term":[{"taxonomy":"category","embeddable":true,"href":"https:\/\/visionciudadana.com.mx\/oficial\/wp-json\/wp\/v2\/categories?post=41619"},{"taxonomy":"post_tag","embeddable":true,"href":"https:\/\/visionciudadana.com.mx\/oficial\/wp-json\/wp\/v2\/tags?post=41619"},{"taxonomy":"author","embeddable":true,"href":"https:\/\/visionciudadana.com.mx\/oficial\/wp-json\/wp\/v2\/ppma_author?post=41619"}],"curies":[{"name":"wp","href":"https:\/\/api.w.org\/{rel}","templated":true}]}}