{"id":41615,"date":"2026-04-29T13:25:57","date_gmt":"2026-04-29T20:25:57","guid":{"rendered":"https:\/\/visionciudadana.com.mx\/oficial\/?p=41615"},"modified":"2026-04-29T13:25:57","modified_gmt":"2026-04-29T20:25:57","slug":"rechaza-rocha-moya-imputaciones-de-fiscalia-de-nueva-york-y-las-califica-de-infundadas","status":"publish","type":"post","link":"https:\/\/visionciudadana.com.mx\/oficial\/2026\/04\/29\/rechaza-rocha-moya-imputaciones-de-fiscalia-de-nueva-york-y-las-califica-de-infundadas\/","title":{"rendered":"Rechaza Rocha Moya imputaciones de Fiscal\u00eda de Nueva York y las califica de infundadas"},"content":{"rendered":"\n<p><\/p>\n\n\n\n<figure class=\"wp-block-image size-large\"><img fetchpriority=\"high\" decoding=\"async\" width=\"300\" height=\"225\" src=\"https:\/\/visionciudadana.com.mx\/oficial\/wp-content\/uploads\/2026\/04\/img_8505-300x225.jpg\" class=\"wp-image-41613\" srcset=\"https:\/\/visionciudadana.com.mx\/oficial\/wp-content\/uploads\/2026\/04\/img_8505-300x225.jpg 300w, https:\/\/visionciudadana.com.mx\/oficial\/wp-content\/uploads\/2026\/04\/img_8505-768x576.jpg 768w, https:\/\/visionciudadana.com.mx\/oficial\/wp-content\/uploads\/2026\/04\/img_8505.jpg 851w\" sizes=\"(max-width: 300px) 100vw, 300px\" \/><\/figure>\n\n\n\n<p class=\"p2\"><strong>Culiac\u00e1n, Sinaloa; abril 29 de 2026.-<\/strong> El gobernador de Sinaloa, Rub\u00e9n Rocha Moya, rechaz\u00f3 \u201ccateg\u00f3rica y absolutamente\u201d las imputaciones formuladas en su contra por la Fiscal\u00eda Federal del Distrito Sur de Nueva York, al asegurar que carecen de veracidad y fundamento.<\/p>\n\n\n\n<p class=\"p2\">A trav\u00e9s de un posicionamiento p\u00fablico, el mandatario estatal sostuvo que en el momento oportuno se demostrar\u00e1 con contundencia la falta de sustento de los se\u00f1alamientos.<\/p>\n\n\n\n<p class=\"p2\">Rocha Moya afirm\u00f3 que el caso no representa \u00fanicamente un se\u00f1alamiento hacia su persona, sino que lo vincul\u00f3 con lo que consider\u00f3 un ataque al movimiento de la llamada Cuarta Transformaci\u00f3n y a sus liderazgos.<\/p>\n\n\n\n<p class=\"p2\">En su mensaje, el gobernador se\u00f1al\u00f3 que estas imputaciones forman parte de una estrategia para violentar el orden constitucional y la soberan\u00eda nacional, aludiendo al art\u00edculo 40 de la Constituci\u00f3n Pol\u00edtica de los Estados Unidos Mexicanos como principio que, dijo, su movimiento defiende de manera invariable.<\/p>\n\n\n\n<p class=\"p3\">Dirigi\u00e9ndose a la poblaci\u00f3n sinaloense, expres\u00f3 que con \u201cvalor y dignidad\u201d se demostrar\u00e1 la falta de sustento de lo que calific\u00f3 como una calumnia. El pronunciamiento surge en medio de reacciones derivadas de informaci\u00f3n dada a conocer sobre solicitudes de detenci\u00f3n provisional con fines de extradici\u00f3n enviadas por Estados Unidos al Gobierno de M\u00e9xico.<\/p>\n\n\n\n<p><\/p>\n\n\n\n<p><\/p>\n\n\n\n<p><\/p>\n\n\n\n<p><\/p>\n\n\n\n<p><\/p>\n\n\n\n<p>REDACCI\u00d3N\/ CELINA FONSECA. <\/p>\n","protected":false},"excerpt":{"rendered":"<p>Culiac\u00e1n, Sinaloa; abril 29 de 2026.- El gobernador de Sinaloa, Rub\u00e9n Rocha Moya, rechaz\u00f3 \u201ccateg\u00f3rica y absolutamente\u201d las imputaciones formuladas en su contra por la Fiscal\u00eda Federal del Distrito Sur de Nueva York, al asegurar que carecen de veracidad y fundamento. A trav\u00e9s de un posicionamiento p\u00fablico, el mandatario estatal sostuvo que en el momento [&hellip;]<\/p>\n","protected":false},"author":11,"featured_media":41614,"comment_status":"closed","ping_status":"closed","sticky":false,"template":"","format":"standard","meta":{"footnotes":""},"categories":[24,14],"tags":[],"ppma_author":[42],"class_list":["post-41615","post","type-post","status-publish","format-standard","has-post-thumbnail","hentry","category-relevantes","category-seguridad"],"aioseo_notices":[],"authors":[{"term_id":42,"user_id":11,"is_guest":0,"slug":"celinavision","display_name":"Redacci\u00f3n Vision Ciudadana","avatar_url":"https:\/\/secure.gravatar.com\/avatar\/5974f79b452df50dc11600a3c0f261022fc34eb0879d83b503e86107cd3e64cc?s=96&d=mm&r=g","0":null,"1":"","2":"","3":"","4":"","5":"","6":"","7":"","8":""}],"_links":{"self":[{"href":"https:\/\/visionciudadana.com.mx\/oficial\/wp-json\/wp\/v2\/posts\/41615","targetHints":{"allow":["GET"]}}],"collection":[{"href":"https:\/\/visionciudadana.com.mx\/oficial\/wp-json\/wp\/v2\/posts"}],"about":[{"href":"https:\/\/visionciudadana.com.mx\/oficial\/wp-json\/wp\/v2\/types\/post"}],"author":[{"embeddable":true,"href":"https:\/\/visionciudadana.com.mx\/oficial\/wp-json\/wp\/v2\/users\/11"}],"replies":[{"embeddable":true,"href":"https:\/\/visionciudadana.com.mx\/oficial\/wp-json\/wp\/v2\/comments?post=41615"}],"version-history":[{"count":1,"href":"https:\/\/visionciudadana.com.mx\/oficial\/wp-json\/wp\/v2\/posts\/41615\/revisions"}],"predecessor-version":[{"id":41616,"href":"https:\/\/visionciudadana.com.mx\/oficial\/wp-json\/wp\/v2\/posts\/41615\/revisions\/41616"}],"wp:featuredmedia":[{"embeddable":true,"href":"https:\/\/visionciudadana.com.mx\/oficial\/wp-json\/wp\/v2\/media\/41614"}],"wp:attachment":[{"href":"https:\/\/visionciudadana.com.mx\/oficial\/wp-json\/wp\/v2\/media?parent=41615"}],"wp:term":[{"taxonomy":"category","embeddable":true,"href":"https:\/\/visionciudadana.com.mx\/oficial\/wp-json\/wp\/v2\/categories?post=41615"},{"taxonomy":"post_tag","embeddable":true,"href":"https:\/\/visionciudadana.com.mx\/oficial\/wp-json\/wp\/v2\/tags?post=41615"},{"taxonomy":"author","embeddable":true,"href":"https:\/\/visionciudadana.com.mx\/oficial\/wp-json\/wp\/v2\/ppma_author?post=41615"}],"curies":[{"name":"wp","href":"https:\/\/api.w.org\/{rel}","templated":true}]}}