{"id":41605,"date":"2026-04-28T15:21:25","date_gmt":"2026-04-28T22:21:25","guid":{"rendered":"https:\/\/visionciudadana.com.mx\/oficial\/?p=41605"},"modified":"2026-04-28T15:21:25","modified_gmt":"2026-04-28T22:21:25","slug":"roxana-rubio-encabeza-preferencias-internas-del-pan-rumbo-a-2027-en-sinaloa","status":"publish","type":"post","link":"https:\/\/visionciudadana.com.mx\/oficial\/2026\/04\/28\/roxana-rubio-encabeza-preferencias-internas-del-pan-rumbo-a-2027-en-sinaloa\/","title":{"rendered":"Roxana Rubio encabeza preferencias internas del PAN rumbo a 2027 en Sinaloa"},"content":{"rendered":"\n<p><\/p>\n\n\n\n<figure class=\"wp-block-image size-large\"><img fetchpriority=\"high\" decoding=\"async\" width=\"300\" height=\"225\" src=\"https:\/\/visionciudadana.com.mx\/oficial\/wp-content\/uploads\/2026\/04\/56915c82-4884-4c79-855d-16b332ea8f93-300x225.jpg\" class=\"wp-image-41603\" srcset=\"https:\/\/visionciudadana.com.mx\/oficial\/wp-content\/uploads\/2026\/04\/56915c82-4884-4c79-855d-16b332ea8f93-300x225.jpg 300w, https:\/\/visionciudadana.com.mx\/oficial\/wp-content\/uploads\/2026\/04\/56915c82-4884-4c79-855d-16b332ea8f93-768x576.jpg 768w, https:\/\/visionciudadana.com.mx\/oficial\/wp-content\/uploads\/2026\/04\/56915c82-4884-4c79-855d-16b332ea8f93.jpg 771w\" sizes=\"(max-width: 300px) 100vw, 300px\" \/><\/figure>\n\n\n\n<p>Culiac\u00e1n, Sinaloa; abril 28 de 2026. La diputada Roxana Rubio Valdez se posiciona como la principal figura del Partido Acci\u00f3n Nacional (PAN) rumbo al proceso electoral de 2027 en Sinaloa, de acuerdo con la m\u00e1s reciente medici\u00f3n de intenci\u00f3n de voto presentada por FactoM\u00e9trica en abril de 2026.<\/p>\n\n\n\n<p>Seg\u00fan el estudio, Rubio Valdez lidera las preferencias internas del PAN con un 26.7%, coloc\u00e1ndose al frente de su partido en un escenario donde la oposici\u00f3n busca consolidar perfiles competitivos. Este posicionamiento la perfila como una de las cartas m\u00e1s fuertes del panismo en la entidad, en medio de un contexto pol\u00edtico donde a\u00fan existe un importante porcentaje del electorado sin definir su voto.<\/p>\n\n\n\n<p>Los resultados reflejan adem\u00e1s un escenario abierto rumbo a 2027, donde las distintas fuerzas pol\u00edticas contin\u00faan en proceso de reacomodo y definici\u00f3n de liderazgos. En este contexto, el crecimiento de perfiles como el de Roxana Rubio ser\u00e1 clave para la competitividad del PAN en Sinaloa.<\/p>\n\n\n\n<p>El estudio completo puede consultarse en el sitio oficial de FactoM\u00e9trica: https:\/\/www.factometrica.com<\/p>\n\n\n\n<p><\/p>\n\n\n\n<p><\/p>\n\n\n\n<p><\/p>\n\n\n\n<p><\/p>\n\n\n\n<p><\/p>\n\n\n\n<p><\/p>\n\n\n\n<p>REDACCI\u00d3N\/VISION CIUDADANA.<\/p>\n","protected":false},"excerpt":{"rendered":"<p>Culiac\u00e1n, Sinaloa; abril 28 de 2026. La diputada Roxana Rubio Valdez se posiciona como la principal figura del Partido Acci\u00f3n Nacional (PAN) rumbo al proceso electoral de 2027 en Sinaloa, de acuerdo con la m\u00e1s reciente medici\u00f3n de intenci\u00f3n de voto presentada por FactoM\u00e9trica en abril de 2026. Seg\u00fan el estudio, Rubio Valdez lidera las [&hellip;]<\/p>\n","protected":false},"author":11,"featured_media":41604,"comment_status":"closed","ping_status":"closed","sticky":false,"template":"","format":"standard","meta":{"footnotes":""},"categories":[24],"tags":[],"ppma_author":[42],"class_list":["post-41605","post","type-post","status-publish","format-standard","has-post-thumbnail","hentry","category-relevantes"],"aioseo_notices":[],"authors":[{"term_id":42,"user_id":11,"is_guest":0,"slug":"celinavision","display_name":"Redacci\u00f3n Vision Ciudadana","avatar_url":"https:\/\/secure.gravatar.com\/avatar\/5974f79b452df50dc11600a3c0f261022fc34eb0879d83b503e86107cd3e64cc?s=96&d=mm&r=g","0":null,"1":"","2":"","3":"","4":"","5":"","6":"","7":"","8":""}],"_links":{"self":[{"href":"https:\/\/visionciudadana.com.mx\/oficial\/wp-json\/wp\/v2\/posts\/41605","targetHints":{"allow":["GET"]}}],"collection":[{"href":"https:\/\/visionciudadana.com.mx\/oficial\/wp-json\/wp\/v2\/posts"}],"about":[{"href":"https:\/\/visionciudadana.com.mx\/oficial\/wp-json\/wp\/v2\/types\/post"}],"author":[{"embeddable":true,"href":"https:\/\/visionciudadana.com.mx\/oficial\/wp-json\/wp\/v2\/users\/11"}],"replies":[{"embeddable":true,"href":"https:\/\/visionciudadana.com.mx\/oficial\/wp-json\/wp\/v2\/comments?post=41605"}],"version-history":[{"count":1,"href":"https:\/\/visionciudadana.com.mx\/oficial\/wp-json\/wp\/v2\/posts\/41605\/revisions"}],"predecessor-version":[{"id":41606,"href":"https:\/\/visionciudadana.com.mx\/oficial\/wp-json\/wp\/v2\/posts\/41605\/revisions\/41606"}],"wp:featuredmedia":[{"embeddable":true,"href":"https:\/\/visionciudadana.com.mx\/oficial\/wp-json\/wp\/v2\/media\/41604"}],"wp:attachment":[{"href":"https:\/\/visionciudadana.com.mx\/oficial\/wp-json\/wp\/v2\/media?parent=41605"}],"wp:term":[{"taxonomy":"category","embeddable":true,"href":"https:\/\/visionciudadana.com.mx\/oficial\/wp-json\/wp\/v2\/categories?post=41605"},{"taxonomy":"post_tag","embeddable":true,"href":"https:\/\/visionciudadana.com.mx\/oficial\/wp-json\/wp\/v2\/tags?post=41605"},{"taxonomy":"author","embeddable":true,"href":"https:\/\/visionciudadana.com.mx\/oficial\/wp-json\/wp\/v2\/ppma_author?post=41605"}],"curies":[{"name":"wp","href":"https:\/\/api.w.org\/{rel}","templated":true}]}}