{"id":41601,"date":"2026-04-28T13:37:58","date_gmt":"2026-04-28T20:37:58","guid":{"rendered":"https:\/\/visionciudadana.com.mx\/oficial\/?p=41601"},"modified":"2026-04-28T13:37:58","modified_gmt":"2026-04-28T20:37:58","slug":"multihomicidio-de-mujeres-en-culiacan-obliga-a-fortalecer-prevencion-y-justicia-dip-teresa-guerra","status":"publish","type":"post","link":"https:\/\/visionciudadana.com.mx\/oficial\/2026\/04\/28\/multihomicidio-de-mujeres-en-culiacan-obliga-a-fortalecer-prevencion-y-justicia-dip-teresa-guerra\/","title":{"rendered":"Multihomicidio de mujeres en Culiac\u00e1n obliga a fortalecer prevenci\u00f3n y justicia: Dip.Teresa Guerra"},"content":{"rendered":"\n<p><\/p>\n\n\n\n<figure class=\"wp-block-image size-large\"><img fetchpriority=\"high\" decoding=\"async\" width=\"1024\" height=\"768\" src=\"https:\/\/visionciudadana.com.mx\/oficial\/wp-content\/uploads\/2026\/04\/img_8435-1024x768.jpg\" class=\"wp-image-41599\" srcset=\"https:\/\/visionciudadana.com.mx\/oficial\/wp-content\/uploads\/2026\/04\/img_8435-1024x768.jpg 1024w, https:\/\/visionciudadana.com.mx\/oficial\/wp-content\/uploads\/2026\/04\/img_8435-300x225.jpg 300w, https:\/\/visionciudadana.com.mx\/oficial\/wp-content\/uploads\/2026\/04\/img_8435-768x576.jpg 768w, https:\/\/visionciudadana.com.mx\/oficial\/wp-content\/uploads\/2026\/04\/img_8435-1536x1152.jpg 1536w, https:\/\/visionciudadana.com.mx\/oficial\/wp-content\/uploads\/2026\/04\/img_8435.jpg 2000w\" sizes=\"(max-width: 1024px) 100vw, 1024px\" \/><\/figure>\n\n\n\n<p class=\"p1\">Culiac\u00e1n, Sinaloa; abril 28 de 2026. Tras el asesinato de cuatro mujeres ocurrido la noche del lunes en el sector conocido como \u201cEl Mercadito\u201d, en Culiac\u00e1n, la presidenta de la Junta de Coordinaci\u00f3n Pol\u00edtica del Congreso del Estado, (JUCOPO) Mar\u00eda Teresa Guerra Ochoa, se\u00f1al\u00f3 que estos hechos obligan a reforzar acciones para garantizar seguridad a las mujeres y evitar que estos cr\u00edmenes queden impunes.<\/p>\n\n\n\n<p class=\"p1\">\u201cNos debe comprometer m\u00e1s a seguir trabajando para que las mujeres no solamente en Sinaloa, en M\u00e9xico y en el mundo puedan vivir con seguridad y con bienestar\u201d, expres\u00f3 la legisladora al referirse al caso.<\/p>\n\n\n\n<p class=\"p1\">Guerra Ochoa calific\u00f3 el hecho como lamentable y advirti\u00f3 que este tipo de agresiones tienden a agravarse en contextos de confrontaci\u00f3n entre grupos delincuenciales, como ha ocurrido en otros periodos cr\u00edticos en la entidad.<\/p>\n\n\n\n<p class=\"p1\">\u201cHemos visto en Sinaloa los periodos m\u00e1s cr\u00edticos para la seguridad de las mujeres cuando se vive este tipo de conflictos y problem\u00e1ticas que tienen que ver con la confrontaci\u00f3n entre bandas delincuenciales\u201d, afirm\u00f3.<\/p>\n\n\n\n<p class=\"p1\">Record\u00f3 que momentos especialmente complejos se vivieron en 2010 y 2011, y advirti\u00f3 que el escenario actual tambi\u00e9n genera preocupaci\u00f3n.<\/p>\n\n\n\n<p class=\"p1\">\u201cEstamos hablando que en Sinaloa los momentos m\u00e1s cr\u00edticos fueron 2010, 2011 y ahorita 2025\u201d, dijo.<\/p>\n\n\n\n<p class=\"p1\">La diputada inform\u00f3 que hasta abril de 2026 se ten\u00edan contabilizadas 16 mujeres asesinadas, cifra a la que se suman los recientes hechos violentos.<\/p>\n\n\n\n<p class=\"p1\">\u201cHasta el mes de abril tra\u00edamos un n\u00famero de 16 mujeres asesinadas contabilizadas; solamente estos hechos elevan las v\u00edctimas letales que ha habido en este mes\u201d, se\u00f1al\u00f3.<\/p>\n\n\n\n<p class=\"p1\">Ante ello, expres\u00f3 su preocupaci\u00f3n por que este a\u00f1o pueda replicar los niveles de violencia registrados en 2025 en lo que espera que este&nbsp; a\u00f1o no sea un a\u00f1o tan complicado como lo fue 2025\u2026 pero sin duda este tipo de ambientes dijo- de delincuencia pega en la vida y seguridad de las mujeres, subray\u00f3.<\/p>\n\n\n\n<p class=\"p1\">Guerra Ochoa sostuvo que para evitar la repetici\u00f3n de estos cr\u00edmenes es indispensable combatir la impunidad y fortalecer medidas institucionales de prevenci\u00f3n.<\/p>\n\n\n\n<p class=\"p1\">\u201cLa mejor manera de que los cr\u00edmenes de mujeres no se reproduzcan es que no haya impunidad; no queremos que los hechos se repitan\u201d, afirm\u00f3.<\/p>\n\n\n\n<p class=\"p1\">A\u00f1adi\u00f3 que se requieren mayores protocolos de atenci\u00f3n y recursos p\u00fablicos para enfrentar la violencia de g\u00e9nero.<\/p>\n\n\n\n<p class=\"p1\">\u201cSe requieren protocolos de prevenci\u00f3n y atenci\u00f3n; va de la mano de presupuesto y de programas preventivos\u201d, concluy\u00f3.<\/p>\n\n\n\n<p><\/p>\n\n\n\n<p><\/p>\n\n\n\n<p><\/p>\n\n\n\n<p><\/p>\n\n\n\n<p><\/p>\n\n\n\n<p>REDACCI\u00d3N\/CELINA FONSECA. <\/p>\n","protected":false},"excerpt":{"rendered":"<p>Culiac\u00e1n, Sinaloa; abril 28 de 2026. Tras el asesinato de cuatro mujeres ocurrido la noche del lunes en el sector conocido como \u201cEl Mercadito\u201d, en Culiac\u00e1n, la presidenta de la Junta de Coordinaci\u00f3n Pol\u00edtica del Congreso del Estado, (JUCOPO) Mar\u00eda Teresa Guerra Ochoa, se\u00f1al\u00f3 que estos hechos obligan a reforzar acciones para garantizar seguridad a [&hellip;]<\/p>\n","protected":false},"author":11,"featured_media":41600,"comment_status":"closed","ping_status":"closed","sticky":false,"template":"","format":"standard","meta":{"footnotes":""},"categories":[24,14],"tags":[],"ppma_author":[42],"class_list":["post-41601","post","type-post","status-publish","format-standard","has-post-thumbnail","hentry","category-relevantes","category-seguridad"],"aioseo_notices":[],"authors":[{"term_id":42,"user_id":11,"is_guest":0,"slug":"celinavision","display_name":"Redacci\u00f3n Vision Ciudadana","avatar_url":"https:\/\/secure.gravatar.com\/avatar\/5974f79b452df50dc11600a3c0f261022fc34eb0879d83b503e86107cd3e64cc?s=96&d=mm&r=g","0":null,"1":"","2":"","3":"","4":"","5":"","6":"","7":"","8":""}],"_links":{"self":[{"href":"https:\/\/visionciudadana.com.mx\/oficial\/wp-json\/wp\/v2\/posts\/41601","targetHints":{"allow":["GET"]}}],"collection":[{"href":"https:\/\/visionciudadana.com.mx\/oficial\/wp-json\/wp\/v2\/posts"}],"about":[{"href":"https:\/\/visionciudadana.com.mx\/oficial\/wp-json\/wp\/v2\/types\/post"}],"author":[{"embeddable":true,"href":"https:\/\/visionciudadana.com.mx\/oficial\/wp-json\/wp\/v2\/users\/11"}],"replies":[{"embeddable":true,"href":"https:\/\/visionciudadana.com.mx\/oficial\/wp-json\/wp\/v2\/comments?post=41601"}],"version-history":[{"count":1,"href":"https:\/\/visionciudadana.com.mx\/oficial\/wp-json\/wp\/v2\/posts\/41601\/revisions"}],"predecessor-version":[{"id":41602,"href":"https:\/\/visionciudadana.com.mx\/oficial\/wp-json\/wp\/v2\/posts\/41601\/revisions\/41602"}],"wp:featuredmedia":[{"embeddable":true,"href":"https:\/\/visionciudadana.com.mx\/oficial\/wp-json\/wp\/v2\/media\/41600"}],"wp:attachment":[{"href":"https:\/\/visionciudadana.com.mx\/oficial\/wp-json\/wp\/v2\/media?parent=41601"}],"wp:term":[{"taxonomy":"category","embeddable":true,"href":"https:\/\/visionciudadana.com.mx\/oficial\/wp-json\/wp\/v2\/categories?post=41601"},{"taxonomy":"post_tag","embeddable":true,"href":"https:\/\/visionciudadana.com.mx\/oficial\/wp-json\/wp\/v2\/tags?post=41601"},{"taxonomy":"author","embeddable":true,"href":"https:\/\/visionciudadana.com.mx\/oficial\/wp-json\/wp\/v2\/ppma_author?post=41601"}],"curies":[{"name":"wp","href":"https:\/\/api.w.org\/{rel}","templated":true}]}}