{"id":41596,"date":"2026-04-28T12:51:30","date_gmt":"2026-04-28T19:51:30","guid":{"rendered":"https:\/\/visionciudadana.com.mx\/oficial\/?p=41596"},"modified":"2026-04-28T12:51:30","modified_gmt":"2026-04-28T19:51:30","slug":"bernardino-antelo-deja-coordinacion-del-pri-para-atender-motivos-personales-de-salud-irma-moreno-asume-dirigencia-de-bancada","status":"publish","type":"post","link":"https:\/\/visionciudadana.com.mx\/oficial\/2026\/04\/28\/bernardino-antelo-deja-coordinacion-del-pri-para-atender-motivos-personales-de-salud-irma-moreno-asume-dirigencia-de-bancada\/","title":{"rendered":"Bernardino Antelo deja coordinaci\u00f3n del PRI para atender motivos personales de salud; Irma Moreno asume dirigencia de bancada"},"content":{"rendered":"\n<p><\/p>\n\n\n\n<figure class=\"wp-block-image size-large\"><img fetchpriority=\"high\" decoding=\"async\" width=\"1024\" height=\"768\" src=\"https:\/\/visionciudadana.com.mx\/oficial\/wp-content\/uploads\/2026\/04\/img_8428-1024x768.jpg\" class=\"wp-image-41594\" srcset=\"https:\/\/visionciudadana.com.mx\/oficial\/wp-content\/uploads\/2026\/04\/img_8428-1024x768.jpg 1024w, https:\/\/visionciudadana.com.mx\/oficial\/wp-content\/uploads\/2026\/04\/img_8428-300x225.jpg 300w, https:\/\/visionciudadana.com.mx\/oficial\/wp-content\/uploads\/2026\/04\/img_8428-768x576.jpg 768w, https:\/\/visionciudadana.com.mx\/oficial\/wp-content\/uploads\/2026\/04\/img_8428-1536x1152.jpg 1536w, https:\/\/visionciudadana.com.mx\/oficial\/wp-content\/uploads\/2026\/04\/img_8428.jpg 2000w\" sizes=\"(max-width: 1024px) 100vw, 1024px\" \/><\/figure>\n\n\n\n<p class=\"p1\">Culiac\u00e1n, Sinaloa; abril 28 de 2026.- La salida de Bernardino Antelo Esper de la coordinaci\u00f3n del Grupo Parlamentario del PRI en el Congreso del Estado obedece a motivos de salud, informaron diputadas priistas durante una conferencia en la que tambi\u00e9n se anunci\u00f3 que Irma Moreno Ovalles asumir\u00e1 la nueva coordinaci\u00f3n de la bancada.<\/p>\n\n\n\n<p class=\"p1\">Acompa\u00f1ada por Paola G\u00e1rate Valenzuela y por Lauro Gallardo Castro, quien se incorpora como diputado suplente a la fracci\u00f3n legislativa, Irma Moreno se\u00f1al\u00f3 que el relevo responde a una circunstancia personal y no modifica la ruta de trabajo del grupo parlamentario.<\/p>\n\n\n\n<p class=\"p1\">\u201cEs un tema de salud que va a atender m\u00e1s que nada\u201d, se explic\u00f3 durante el encuentro con medios, al precisar que mientras se atiende esa situaci\u00f3n, la bancada continuar\u00e1 con el seguimiento de los asuntos legislativos pendientes.<\/p>\n\n\n\n<p class=\"p1\">Sobre su nombramiento como coordinadora, hubo un mensaje de respaldo al se\u00f1alar que se mantendr\u00e1 la misma din\u00e1mica de trabajo enfocada en las causas ciudadanas \u201cSeguimos con la misma pauta de trabajo dentro del grupo parlamentario\u2026 el compromiso sigue en pie\u201d, expresaron.<\/p>\n\n\n\n<p class=\"p1\">Las legisladoras subrayaron que continuar\u00e1n impulsando temas relacionados con seguridad, econom\u00eda, agricultura y salud, adem\u00e1s de mantener exigencias para que haya resultados frente a la violencia en Sinaloa.<\/p>\n\n\n\n<p class=\"p1\">\u201cVamos a seguir demandando que llegue la paz y que quienes sean los responsables hagan su trabajo como debe de ser\u201d, se\u00f1alaron.<\/p>\n\n\n\n<p class=\"p1\">En la conferencia tambi\u00e9n se destac\u00f3 la incorporaci\u00f3n de Lauro Gallardo Castro a la bancada priista, al considerar que fortalecer\u00e1 la continuidad de los trabajos parlamentarios.<\/p>\n\n\n\n<p class=\"p1\">\u201cVamos a seguir velando por los intereses de la ciudadan\u00eda y darle seguimiento a los trabajos que hemos venido realizando como grupo parlamentario\u201d, indicaron.<\/p>\n\n\n\n<p class=\"p1\">Manifest\u00f3 que con ello, la bancada priista formaliza una nueva etapa en su coordinaci\u00f3n legislativa, enmarcada, en la atenci\u00f3n a la salud de Bernardino Antelo y en la continuidad de la agenda pol\u00edtica del grupo.<\/p>\n\n\n\n<p><\/p>\n\n\n\n<p><\/p>\n\n\n\n<p><\/p>\n\n\n\n<p><\/p>\n\n\n\n<p><\/p>\n\n\n\n<p><\/p>\n\n\n\n<p>REDACCI\u00d3N\/CELINA FONSECA. <\/p>\n","protected":false},"excerpt":{"rendered":"<p>Culiac\u00e1n, Sinaloa; abril 28 de 2026.- La salida de Bernardino Antelo Esper de la coordinaci\u00f3n del Grupo Parlamentario del PRI en el Congreso del Estado obedece a motivos de salud, informaron diputadas priistas durante una conferencia en la que tambi\u00e9n se anunci\u00f3 que Irma Moreno Ovalles asumir\u00e1 la nueva coordinaci\u00f3n de la bancada. Acompa\u00f1ada por [&hellip;]<\/p>\n","protected":false},"author":11,"featured_media":41595,"comment_status":"closed","ping_status":"closed","sticky":false,"template":"","format":"standard","meta":{"footnotes":""},"categories":[24],"tags":[],"ppma_author":[42],"class_list":["post-41596","post","type-post","status-publish","format-standard","has-post-thumbnail","hentry","category-relevantes"],"aioseo_notices":[],"authors":[{"term_id":42,"user_id":11,"is_guest":0,"slug":"celinavision","display_name":"Redacci\u00f3n Vision Ciudadana","avatar_url":"https:\/\/secure.gravatar.com\/avatar\/5974f79b452df50dc11600a3c0f261022fc34eb0879d83b503e86107cd3e64cc?s=96&d=mm&r=g","0":null,"1":"","2":"","3":"","4":"","5":"","6":"","7":"","8":""}],"_links":{"self":[{"href":"https:\/\/visionciudadana.com.mx\/oficial\/wp-json\/wp\/v2\/posts\/41596","targetHints":{"allow":["GET"]}}],"collection":[{"href":"https:\/\/visionciudadana.com.mx\/oficial\/wp-json\/wp\/v2\/posts"}],"about":[{"href":"https:\/\/visionciudadana.com.mx\/oficial\/wp-json\/wp\/v2\/types\/post"}],"author":[{"embeddable":true,"href":"https:\/\/visionciudadana.com.mx\/oficial\/wp-json\/wp\/v2\/users\/11"}],"replies":[{"embeddable":true,"href":"https:\/\/visionciudadana.com.mx\/oficial\/wp-json\/wp\/v2\/comments?post=41596"}],"version-history":[{"count":1,"href":"https:\/\/visionciudadana.com.mx\/oficial\/wp-json\/wp\/v2\/posts\/41596\/revisions"}],"predecessor-version":[{"id":41597,"href":"https:\/\/visionciudadana.com.mx\/oficial\/wp-json\/wp\/v2\/posts\/41596\/revisions\/41597"}],"wp:featuredmedia":[{"embeddable":true,"href":"https:\/\/visionciudadana.com.mx\/oficial\/wp-json\/wp\/v2\/media\/41595"}],"wp:attachment":[{"href":"https:\/\/visionciudadana.com.mx\/oficial\/wp-json\/wp\/v2\/media?parent=41596"}],"wp:term":[{"taxonomy":"category","embeddable":true,"href":"https:\/\/visionciudadana.com.mx\/oficial\/wp-json\/wp\/v2\/categories?post=41596"},{"taxonomy":"post_tag","embeddable":true,"href":"https:\/\/visionciudadana.com.mx\/oficial\/wp-json\/wp\/v2\/tags?post=41596"},{"taxonomy":"author","embeddable":true,"href":"https:\/\/visionciudadana.com.mx\/oficial\/wp-json\/wp\/v2\/ppma_author?post=41596"}],"curies":[{"name":"wp","href":"https:\/\/api.w.org\/{rel}","templated":true}]}}