{"id":41592,"date":"2026-04-28T11:15:49","date_gmt":"2026-04-28T18:15:49","guid":{"rendered":"https:\/\/visionciudadana.com.mx\/oficial\/?p=41592"},"modified":"2026-04-28T11:15:49","modified_gmt":"2026-04-28T18:15:49","slug":"es-necesario-que-le-den-el-voto-de-castigo-a-morena-roxana-rubio","status":"publish","type":"post","link":"https:\/\/visionciudadana.com.mx\/oficial\/2026\/04\/28\/es-necesario-que-le-den-el-voto-de-castigo-a-morena-roxana-rubio\/","title":{"rendered":"\u201cEs necesario que le den el voto de castigo a MORENA: Roxana Rubio"},"content":{"rendered":"\n<p><\/p>\n\n\n\n<figure class=\"wp-block-image size-large\"><img fetchpriority=\"high\" decoding=\"async\" width=\"300\" height=\"225\" src=\"https:\/\/visionciudadana.com.mx\/oficial\/wp-content\/uploads\/2026\/04\/img_8425-300x225.jpg\" class=\"wp-image-41590\" srcset=\"https:\/\/visionciudadana.com.mx\/oficial\/wp-content\/uploads\/2026\/04\/img_8425-300x225.jpg 300w, https:\/\/visionciudadana.com.mx\/oficial\/wp-content\/uploads\/2026\/04\/img_8425.jpg 593w\" sizes=\"(max-width: 300px) 100vw, 300px\" \/><\/figure>\n\n\n\n<p class=\"p1\">*El PAN anticipa voto en contra de Morena<\/p>\n\n\n\n<p class=\"p1\">Culiac\u00e1n, Sinaloa; abril 28 de 2026.- \u201cHay miedo\u201d, expreso la diputada panista Roxana Rubio al referirse al ambiente que, asegur\u00f3, prevalece entre algunos sectores para manifestar p\u00fablicamente posturas contrarias a Morena, al se\u00f1alar que existen temores relacionados con amenazas o posibles consecuencias vinculadas a problem\u00e1ticas sociales.<\/p>\n\n\n\n<p class=\"p1\">Sostuvo que ese temor ha provocado silencio en algunos casos, aunque afirm\u00f3 que eso no necesariamente se traducir\u00e1 en respaldo pol\u00edtico al partido guinda.<\/p>\n\n\n\n<p class=\"p1\">\u201cTiene miedo a decir que no va a estar con Morena porque los amenazan o por los problemas sociales que tiene; miedo que se calla, pero al final va a ir a votar en contra de Morena\u201d, declar\u00f3.<\/p>\n\n\n\n<p class=\"p1\">En ese contexto, Rubio Valdez, asegur\u00f3 que desde su grupo pol\u00edtico contin\u00faan realizando trabajo propio para consolidar apoyos, pese a ese escenario.<\/p>\n\n\n\n<p class=\"p1\">\u201cNosotros estamos haciendo lo propio\u201d, reiter\u00f3, al se\u00f1alar que, a su juicio, existe un sector ciudadano que, aunque no exterioriza p\u00fablicamente su postura, podr\u00eda expresarla en las urnas.<\/p>\n\n\n\n<p class=\"p1\">Sus declaraciones se dieron en el marco del debate pol\u00edtico rumbo a decisiones electorales, en medio de se\u00f1alamientos sobre presiones y condiciones que, afirm\u00f3, inhiben la libre manifestaci\u00f3n de algunas preferencias partidistas.<\/p>\n\n\n\n<p><\/p>\n\n\n\n<p><\/p>\n\n\n\n<p><\/p>\n\n\n\n<p><\/p>\n\n\n\n<p><\/p>\n\n\n\n<p>REDACCI\u00d3N\/CELINA FONSECA. <\/p>\n","protected":false},"excerpt":{"rendered":"<p>*El PAN anticipa voto en contra de Morena Culiac\u00e1n, Sinaloa; abril 28 de 2026.- \u201cHay miedo\u201d, expreso la diputada panista Roxana Rubio al referirse al ambiente que, asegur\u00f3, prevalece entre algunos sectores para manifestar p\u00fablicamente posturas contrarias a Morena, al se\u00f1alar que existen temores relacionados con amenazas o posibles consecuencias vinculadas a problem\u00e1ticas sociales. Sostuvo [&hellip;]<\/p>\n","protected":false},"author":11,"featured_media":41591,"comment_status":"closed","ping_status":"closed","sticky":false,"template":"","format":"standard","meta":{"footnotes":""},"categories":[24],"tags":[],"ppma_author":[42],"class_list":["post-41592","post","type-post","status-publish","format-standard","has-post-thumbnail","hentry","category-relevantes"],"aioseo_notices":[],"authors":[{"term_id":42,"user_id":11,"is_guest":0,"slug":"celinavision","display_name":"Redacci\u00f3n Vision Ciudadana","avatar_url":"https:\/\/secure.gravatar.com\/avatar\/5974f79b452df50dc11600a3c0f261022fc34eb0879d83b503e86107cd3e64cc?s=96&d=mm&r=g","0":null,"1":"","2":"","3":"","4":"","5":"","6":"","7":"","8":""}],"_links":{"self":[{"href":"https:\/\/visionciudadana.com.mx\/oficial\/wp-json\/wp\/v2\/posts\/41592","targetHints":{"allow":["GET"]}}],"collection":[{"href":"https:\/\/visionciudadana.com.mx\/oficial\/wp-json\/wp\/v2\/posts"}],"about":[{"href":"https:\/\/visionciudadana.com.mx\/oficial\/wp-json\/wp\/v2\/types\/post"}],"author":[{"embeddable":true,"href":"https:\/\/visionciudadana.com.mx\/oficial\/wp-json\/wp\/v2\/users\/11"}],"replies":[{"embeddable":true,"href":"https:\/\/visionciudadana.com.mx\/oficial\/wp-json\/wp\/v2\/comments?post=41592"}],"version-history":[{"count":1,"href":"https:\/\/visionciudadana.com.mx\/oficial\/wp-json\/wp\/v2\/posts\/41592\/revisions"}],"predecessor-version":[{"id":41593,"href":"https:\/\/visionciudadana.com.mx\/oficial\/wp-json\/wp\/v2\/posts\/41592\/revisions\/41593"}],"wp:featuredmedia":[{"embeddable":true,"href":"https:\/\/visionciudadana.com.mx\/oficial\/wp-json\/wp\/v2\/media\/41591"}],"wp:attachment":[{"href":"https:\/\/visionciudadana.com.mx\/oficial\/wp-json\/wp\/v2\/media?parent=41592"}],"wp:term":[{"taxonomy":"category","embeddable":true,"href":"https:\/\/visionciudadana.com.mx\/oficial\/wp-json\/wp\/v2\/categories?post=41592"},{"taxonomy":"post_tag","embeddable":true,"href":"https:\/\/visionciudadana.com.mx\/oficial\/wp-json\/wp\/v2\/tags?post=41592"},{"taxonomy":"author","embeddable":true,"href":"https:\/\/visionciudadana.com.mx\/oficial\/wp-json\/wp\/v2\/ppma_author?post=41592"}],"curies":[{"name":"wp","href":"https:\/\/api.w.org\/{rel}","templated":true}]}}