{"id":41588,"date":"2026-04-28T10:51:29","date_gmt":"2026-04-28T17:51:29","guid":{"rendered":"https:\/\/visionciudadana.com.mx\/oficial\/?p=41588"},"modified":"2026-04-28T10:51:29","modified_gmt":"2026-04-28T17:51:29","slug":"bernardino-antelo-solicita-licencia-indefinida-al-congreso-asumira-su-suplente-lauro-gallardo","status":"publish","type":"post","link":"https:\/\/visionciudadana.com.mx\/oficial\/2026\/04\/28\/bernardino-antelo-solicita-licencia-indefinida-al-congreso-asumira-su-suplente-lauro-gallardo\/","title":{"rendered":"Bernardino Antelo solicita licencia indefinida al Congreso; asumir\u00e1 su suplente Lauro Gallardo"},"content":{"rendered":"\n<p><\/p>\n\n\n\n<figure class=\"wp-block-image size-large\"><img fetchpriority=\"high\" decoding=\"async\" width=\"1024\" height=\"768\" src=\"https:\/\/visionciudadana.com.mx\/oficial\/wp-content\/uploads\/2026\/04\/img_8138-1024x768.jpg\" class=\"wp-image-41586\" srcset=\"https:\/\/visionciudadana.com.mx\/oficial\/wp-content\/uploads\/2026\/04\/img_8138-1024x768.jpg 1024w, https:\/\/visionciudadana.com.mx\/oficial\/wp-content\/uploads\/2026\/04\/img_8138-300x225.jpg 300w, https:\/\/visionciudadana.com.mx\/oficial\/wp-content\/uploads\/2026\/04\/img_8138-768x576.jpg 768w, https:\/\/visionciudadana.com.mx\/oficial\/wp-content\/uploads\/2026\/04\/img_8138-1536x1152.jpg 1536w, https:\/\/visionciudadana.com.mx\/oficial\/wp-content\/uploads\/2026\/04\/img_8138.jpg 2000w\" sizes=\"(max-width: 1024px) 100vw, 1024px\" \/><\/figure>\n\n\n\n<p class=\"p2\">Culiac\u00e1n, Sinaloa; abril 28 de 2026.- El coordinador del Grupo Parlamentario del PRI en el Congreso del Estado de Sinaloa, Bernardino Antelo Esper, anunci\u00f3 este d\u00eda que solicit\u00f3 licencia indefinida para separarse de su cargo como diputado local.<\/p>\n\n\n\n<p class=\"p2\">Tras su salida, se prev\u00e9 la incorporaci\u00f3n de su suplente, Lauro Gallardo Castro, quien asumir\u00eda la curul en el Poder Legislativo estatal.<\/p>\n\n\n\n<p class=\"p2\">La solicitud de licencia ocurre en un contexto marcado por se\u00f1alamientos al interior de la bancada priista, luego de que la semana pasada la diputada Paola G\u00e1rate acus\u00f3 p\u00fablicamente a Antelo de no respaldarla en un posicionamiento que, asegur\u00f3, no pudo emitir en tribuna.<\/p>\n\n\n\n<p class=\"p2\">En ese momento, la legisladora manifest\u00f3 que parec\u00eda no contar con coordinador parlamentario al reprochar la falta de defensa de su bancada, hecho que gener\u00f3 atenci\u00f3n sobre la din\u00e1mica interna del grupo legislativo.<\/p>\n\n\n\n<p class=\"p3\">Hasta el momento, no se han dado a conocer mayores detalles sobre los motivos de la licencia indefinida solicitada por Antelo Esper.<\/p>\n\n\n\n<p><\/p>\n\n\n\n<p><\/p>\n\n\n\n<p><\/p>\n\n\n\n<p><\/p>\n\n\n\n<p>REDACCI\u00d3N\/CELINA FONSECA. <\/p>\n","protected":false},"excerpt":{"rendered":"<p>Culiac\u00e1n, Sinaloa; abril 28 de 2026.- El coordinador del Grupo Parlamentario del PRI en el Congreso del Estado de Sinaloa, Bernardino Antelo Esper, anunci\u00f3 este d\u00eda que solicit\u00f3 licencia indefinida para separarse de su cargo como diputado local. Tras su salida, se prev\u00e9 la incorporaci\u00f3n de su suplente, Lauro Gallardo Castro, quien asumir\u00eda la curul [&hellip;]<\/p>\n","protected":false},"author":11,"featured_media":41587,"comment_status":"closed","ping_status":"closed","sticky":false,"template":"","format":"standard","meta":{"footnotes":""},"categories":[13,24],"tags":[],"ppma_author":[42],"class_list":["post-41588","post","type-post","status-publish","format-standard","has-post-thumbnail","hentry","category-locales","category-relevantes"],"aioseo_notices":[],"authors":[{"term_id":42,"user_id":11,"is_guest":0,"slug":"celinavision","display_name":"Redacci\u00f3n Vision Ciudadana","avatar_url":"https:\/\/secure.gravatar.com\/avatar\/5974f79b452df50dc11600a3c0f261022fc34eb0879d83b503e86107cd3e64cc?s=96&d=mm&r=g","0":null,"1":"","2":"","3":"","4":"","5":"","6":"","7":"","8":""}],"_links":{"self":[{"href":"https:\/\/visionciudadana.com.mx\/oficial\/wp-json\/wp\/v2\/posts\/41588","targetHints":{"allow":["GET"]}}],"collection":[{"href":"https:\/\/visionciudadana.com.mx\/oficial\/wp-json\/wp\/v2\/posts"}],"about":[{"href":"https:\/\/visionciudadana.com.mx\/oficial\/wp-json\/wp\/v2\/types\/post"}],"author":[{"embeddable":true,"href":"https:\/\/visionciudadana.com.mx\/oficial\/wp-json\/wp\/v2\/users\/11"}],"replies":[{"embeddable":true,"href":"https:\/\/visionciudadana.com.mx\/oficial\/wp-json\/wp\/v2\/comments?post=41588"}],"version-history":[{"count":1,"href":"https:\/\/visionciudadana.com.mx\/oficial\/wp-json\/wp\/v2\/posts\/41588\/revisions"}],"predecessor-version":[{"id":41589,"href":"https:\/\/visionciudadana.com.mx\/oficial\/wp-json\/wp\/v2\/posts\/41588\/revisions\/41589"}],"wp:featuredmedia":[{"embeddable":true,"href":"https:\/\/visionciudadana.com.mx\/oficial\/wp-json\/wp\/v2\/media\/41587"}],"wp:attachment":[{"href":"https:\/\/visionciudadana.com.mx\/oficial\/wp-json\/wp\/v2\/media?parent=41588"}],"wp:term":[{"taxonomy":"category","embeddable":true,"href":"https:\/\/visionciudadana.com.mx\/oficial\/wp-json\/wp\/v2\/categories?post=41588"},{"taxonomy":"post_tag","embeddable":true,"href":"https:\/\/visionciudadana.com.mx\/oficial\/wp-json\/wp\/v2\/tags?post=41588"},{"taxonomy":"author","embeddable":true,"href":"https:\/\/visionciudadana.com.mx\/oficial\/wp-json\/wp\/v2\/ppma_author?post=41588"}],"curies":[{"name":"wp","href":"https:\/\/api.w.org\/{rel}","templated":true}]}}