{"id":41579,"date":"2026-04-28T10:33:16","date_gmt":"2026-04-28T17:33:16","guid":{"rendered":"https:\/\/visionciudadana.com.mx\/oficial\/?p=41579"},"modified":"2026-04-28T10:39:26","modified_gmt":"2026-04-28T17:39:26","slug":"no-podemos-aspirar-a-la-paz-sin-justicia-miguel-calderon","status":"publish","type":"post","link":"https:\/\/visionciudadana.com.mx\/oficial\/2026\/04\/28\/no-podemos-aspirar-a-la-paz-sin-justicia-miguel-calderon\/","title":{"rendered":"\u201cNo podemos aspirar a la paz sin justicia\u201d: Miguel Calder\u00f3n"},"content":{"rendered":"\n<p><\/p>\n\n\n\n<figure class=\"wp-block-image size-large\"><img fetchpriority=\"high\" decoding=\"async\" width=\"1024\" height=\"768\" src=\"https:\/\/visionciudadana.com.mx\/oficial\/wp-content\/uploads\/2026\/04\/img_8203-1024x768.jpg\" alt=\"\" class=\"wp-image-41581\" srcset=\"https:\/\/visionciudadana.com.mx\/oficial\/wp-content\/uploads\/2026\/04\/img_8203-1024x768.jpg 1024w, https:\/\/visionciudadana.com.mx\/oficial\/wp-content\/uploads\/2026\/04\/img_8203-300x225.jpg 300w, https:\/\/visionciudadana.com.mx\/oficial\/wp-content\/uploads\/2026\/04\/img_8203-768x576.jpg 768w, https:\/\/visionciudadana.com.mx\/oficial\/wp-content\/uploads\/2026\/04\/img_8203-1536x1152.jpg 1536w, https:\/\/visionciudadana.com.mx\/oficial\/wp-content\/uploads\/2026\/04\/img_8203.jpg 2000w\" sizes=\"(max-width: 1024px) 100vw, 1024px\" \/><\/figure>\n\n\n\n<p class=\"p1\">*Llama el Consejo Estatal de Seguridad a fortalecer instituciones<\/p>\n\n\n\n<p class=\"p1\">Culiac\u00e1n, Sinaloa; abril 28 de 2026.- \u201cHa habido puntos en que nos lastiman profundamente cuando se meten con la parte m\u00e1s vulnerable de nuestra sociedad, como son las mujeres; cuando las v\u00edctimas son adultos mayores, sin duda el dolor cala m\u00e1s profundo\u201d, expres\u00f3 el coordinador general del Consejo Estatal de Seguridad P\u00fablica, al advertir que la crisis de violencia obliga a una reflexi\u00f3n colectiva y al fortalecimiento de las instituciones de seguridad y justicia.<\/p>\n\n\n\n<p class=\"p1\">Miguel Calderon Quevedo, inform\u00f3&nbsp; que la violencia y la desaparici\u00f3n de personas demandan no solo acciones gubernamentales, sino una revisi\u00f3n del papel de la sociedad frente a esta problem\u00e1tica.<\/p>\n\n\n\n<p class=\"p1\">\u201cEs muy importante seguir haciendo esas relaciones que tienen que ver con fortalecer nuestras instituciones de seguridad y justicia; ah\u00ed tambi\u00e9n nosotros como sociedad vernos al espejo\u201d, afirm\u00f3.<\/p>\n\n\n\n<p class=\"p1\">Se\u00f1al\u00f3 que la crisis tambi\u00e9n ha sido acompa\u00f1ada por omisiones sociales, falta de solidaridad y una cultura de violencia de la que, dijo, es necesario alejarse gradualmente para construir una paz verdadera.<\/p>\n\n\n\n<p class=\"p1\">\u201cDebemos irnos alejando de ella poco a poco para aprovechar esta oportunidad hist\u00f3rica y salir fortalecidos de una vez por siempre con una paz de verdad, con una paz profunda y verdadera\u201d, subray\u00f3.<\/p>\n\n\n\n<p class=\"p1\">El coordinador enfatiz\u00f3 que la soluci\u00f3n no es sencilla y requiere una visi\u00f3n integral, al advertir que pensar que el problema recae solo en el gobierno es una visi\u00f3n equivocada.<\/p>\n\n\n\n<p class=\"p1\">\u201cEste problema es muy complejo, no tiene f\u00e1cil soluci\u00f3n y hay muchas variables que se convocan en esto; no solamente le corresponde al gobierno, tambi\u00e9n hay una labor que nos corresponde a nosotros como comunidad\u201d, puntualiz\u00f3.<\/p>\n\n\n\n<p class=\"p1\">En su intervenci\u00f3n, hizo referencia a la insuficiencia institucional para atender los delitos y combatir la impunidad, particularmente en casos de desaparici\u00f3n.<\/p>\n\n\n\n<p class=\"p1\">\u201cLa Fiscal\u00eda lamentablemente no tiene las capacidades que deber\u00eda y por eso en muchos delitos el \u00edndice de impunidad rebasa el 90 por ciento, en algunos el 95 por ciento y en casos incluso el 100 por ciento\u201d, afirm\u00f3.<\/p>\n\n\n\n<p class=\"p1\">Tambi\u00e9n lanz\u00f3 un llamado a legisladores locales para fortalecer presupuestalmente a las instituciones encargadas de procurar justicia.<\/p>\n\n\n\n<p class=\"p1\">\u201cEs una invitaci\u00f3n y un mensaje muy importante para poder darle a los diputados locales: se necesitan las capacidades financieras necesarias para otorgarle justicia\u201d, expres\u00f3.<\/p>\n\n\n\n<p class=\"p1\">Como ejemplo de la dimensi\u00f3n del problema, mencion\u00f3 que \u201cm\u00e1s de 2 mil 200 carpetas de investigaci\u00f3n que se generaron solamente en 2025 para el tema de desaparecidos no tienen un avance\u201d, adem\u00e1s de se\u00f1alar que \u201cm\u00e1s de mil 600 carpetas de investigaci\u00f3n tampoco tienen un avance considerable\u201d.<\/p>\n\n\n\n<p class=\"p1\">Frente a ello, sostuvo que no puede hablarse de paz mientras no haya resultados concretos en justicia.<\/p>\n\n\n\n<p class=\"p1\">\u201cNo podemos aspirar a la paz\u201d en esas condiciones, remarc\u00f3.<\/p>\n\n\n\n<p class=\"p1\">Aunque reconoci\u00f3 operativos y detenciones recientes, advirti\u00f3 que esas acciones por s\u00ed solas no resuelven el problema de fondo \u201cVemos en los medios 10, 15 o 20 detenidos y se nos alimenta la esperanza pensando que los siguientes d\u00edas va a haber menos violencia, y sucede que no\u201d, se\u00f1al\u00f3.<\/p>\n\n\n\n<p class=\"p1\">Por ello, insisti\u00f3 en que adem\u00e1s de operativos, deben impulsarse pol\u00edticas p\u00fablicas reales de prevenci\u00f3n desde distintas instituciones y con participaci\u00f3n social.<\/p>\n\n\n\n<p class=\"p1\">\u201cLa soluci\u00f3n no es sencilla, la soluci\u00f3n es compleja\u2026 ocupamos integralmente aplicar esas pol\u00edticas p\u00fablicas del gobierno, pero tambi\u00e9n lo que nos corresponde a nosotros como miembros de una sociedad\u201d, concluy\u00f3.<\/p>\n\n\n\n<p><\/p>\n\n\n\n<p><\/p>\n\n\n\n<p><\/p>\n\n\n\n<p><\/p>\n\n\n\n<p><\/p>\n\n\n\n<p>REDACCI\u00d3N\/CELINA FONSECA. <\/p>\n","protected":false},"excerpt":{"rendered":"<p>*Llama el Consejo Estatal de Seguridad a fortalecer instituciones Culiac\u00e1n, Sinaloa; abril 28 de 2026.- \u201cHa habido puntos en que nos lastiman profundamente cuando se meten con la parte m\u00e1s vulnerable de nuestra sociedad, como son las mujeres; cuando las v\u00edctimas son adultos mayores, sin duda el dolor cala m\u00e1s profundo\u201d, expres\u00f3 el coordinador general [&hellip;]<\/p>\n","protected":false},"author":11,"featured_media":41582,"comment_status":"closed","ping_status":"closed","sticky":false,"template":"","format":"standard","meta":{"footnotes":""},"categories":[24],"tags":[],"ppma_author":[42],"class_list":["post-41579","post","type-post","status-publish","format-standard","has-post-thumbnail","hentry","category-relevantes"],"aioseo_notices":[],"authors":[{"term_id":42,"user_id":11,"is_guest":0,"slug":"celinavision","display_name":"Redacci\u00f3n Vision Ciudadana","avatar_url":"https:\/\/secure.gravatar.com\/avatar\/5974f79b452df50dc11600a3c0f261022fc34eb0879d83b503e86107cd3e64cc?s=96&d=mm&r=g","0":null,"1":"","2":"","3":"","4":"","5":"","6":"","7":"","8":""}],"_links":{"self":[{"href":"https:\/\/visionciudadana.com.mx\/oficial\/wp-json\/wp\/v2\/posts\/41579","targetHints":{"allow":["GET"]}}],"collection":[{"href":"https:\/\/visionciudadana.com.mx\/oficial\/wp-json\/wp\/v2\/posts"}],"about":[{"href":"https:\/\/visionciudadana.com.mx\/oficial\/wp-json\/wp\/v2\/types\/post"}],"author":[{"embeddable":true,"href":"https:\/\/visionciudadana.com.mx\/oficial\/wp-json\/wp\/v2\/users\/11"}],"replies":[{"embeddable":true,"href":"https:\/\/visionciudadana.com.mx\/oficial\/wp-json\/wp\/v2\/comments?post=41579"}],"version-history":[{"count":3,"href":"https:\/\/visionciudadana.com.mx\/oficial\/wp-json\/wp\/v2\/posts\/41579\/revisions"}],"predecessor-version":[{"id":41584,"href":"https:\/\/visionciudadana.com.mx\/oficial\/wp-json\/wp\/v2\/posts\/41579\/revisions\/41584"}],"wp:featuredmedia":[{"embeddable":true,"href":"https:\/\/visionciudadana.com.mx\/oficial\/wp-json\/wp\/v2\/media\/41582"}],"wp:attachment":[{"href":"https:\/\/visionciudadana.com.mx\/oficial\/wp-json\/wp\/v2\/media?parent=41579"}],"wp:term":[{"taxonomy":"category","embeddable":true,"href":"https:\/\/visionciudadana.com.mx\/oficial\/wp-json\/wp\/v2\/categories?post=41579"},{"taxonomy":"post_tag","embeddable":true,"href":"https:\/\/visionciudadana.com.mx\/oficial\/wp-json\/wp\/v2\/tags?post=41579"},{"taxonomy":"author","embeddable":true,"href":"https:\/\/visionciudadana.com.mx\/oficial\/wp-json\/wp\/v2\/ppma_author?post=41579"}],"curies":[{"name":"wp","href":"https:\/\/api.w.org\/{rel}","templated":true}]}}