{"id":41575,"date":"2026-04-28T08:01:39","date_gmt":"2026-04-28T15:01:39","guid":{"rendered":"https:\/\/visionciudadana.com.mx\/oficial\/?p=41575"},"modified":"2026-04-28T08:01:39","modified_gmt":"2026-04-28T15:01:39","slug":"convoca-la-uas-a-la-edicion-43-del-concurso-academico-rafael-buelna-tenorio-tradicion-y-evaluacion-de-la-calidad-educativa-en-el-bachillerato","status":"publish","type":"post","link":"https:\/\/visionciudadana.com.mx\/oficial\/2026\/04\/28\/convoca-la-uas-a-la-edicion-43-del-concurso-academico-rafael-buelna-tenorio-tradicion-y-evaluacion-de-la-calidad-educativa-en-el-bachillerato\/","title":{"rendered":"Convoca la UAS a la edici\u00f3n 43 del Concurso Acad\u00e9mico Rafael Buelna Tenorio, tradici\u00f3n y evaluaci\u00f3n de la calidad educativa en el Bachillerato"},"content":{"rendered":"\n<p><\/p>\n\n\n\n<figure class=\"wp-block-image size-large\"><img fetchpriority=\"high\" decoding=\"async\" width=\"1024\" height=\"768\" src=\"https:\/\/visionciudadana.com.mx\/oficial\/wp-content\/uploads\/2026\/04\/8b976f9f-0503-41d9-a984-a81fbf1f63fc-1024x768.jpg\" class=\"wp-image-41573\" srcset=\"https:\/\/visionciudadana.com.mx\/oficial\/wp-content\/uploads\/2026\/04\/8b976f9f-0503-41d9-a984-a81fbf1f63fc-1024x768.jpg 1024w, https:\/\/visionciudadana.com.mx\/oficial\/wp-content\/uploads\/2026\/04\/8b976f9f-0503-41d9-a984-a81fbf1f63fc-300x225.jpg 300w, https:\/\/visionciudadana.com.mx\/oficial\/wp-content\/uploads\/2026\/04\/8b976f9f-0503-41d9-a984-a81fbf1f63fc-768x576.jpg 768w, https:\/\/visionciudadana.com.mx\/oficial\/wp-content\/uploads\/2026\/04\/8b976f9f-0503-41d9-a984-a81fbf1f63fc.jpg 1139w\" sizes=\"(max-width: 1024px) 100vw, 1024px\" \/><\/figure>\n\n\n\n<p>Culiac\u00e1n, Sinaloa; abril 28 de 2026.- La Direcci\u00f3n General de Escuelas Preparatorias (DGEP) de la Universidad Aut\u00f3noma de Sinaloa (UAS) convoca a todos los estudiantes de nivel medio superior a participar en la edici\u00f3n n\u00famero 43 del ic\u00f3nico concurso acad\u00e9mico Rafael Buelna Tenorio. Para esta ocasi\u00f3n, se espera la competencia de mil 500 j\u00f3venes el pr\u00f3ximo 20 de mayo, inform\u00f3 Dami\u00e1n Rend\u00f3n Toledo.<\/p>\n\n\n\n<p>El secretario acad\u00e9mico de la DGEP indic\u00f3 que este concurso es de gran tradici\u00f3n en la UAS. Si bien surgi\u00f3 hace a\u00f1os para homologar los programas de estudio del bachillerato, hoy funciona como una herramienta integral para evaluar la calidad acad\u00e9mica de los estudiantes en sus distintos grados.<\/p>\n\n\n\n<p>\u201cEs una de nuestras mejores tradiciones porque nos permite evaluar el plan de estudios. El prop\u00f3sito es reconocer el talento y el esfuerzo de los muchachos, pero tambi\u00e9n verificar si los mejores estudiantes est\u00e1n adquiriendo los aprendizajes previstos; nos sirve como una evaluaci\u00f3n de nuestro propio modelo educativo\u201d, afirm\u00f3.<\/p>\n\n\n\n<p>El acad\u00e9mico universitario se\u00f1al\u00f3 que el concurso estatal se desarrollar\u00e1 el 20 de mayo en los centros de c\u00f3mputo de cada unidad acad\u00e9mica, en el marco del natalicio de Rafael Buelna Tenorio (23 de mayo). Actualmente se lleva a cabo la etapa intramuros para seleccionar a los alumnos m\u00e1s representativos de cada plantel.<\/p>\n\n\n\n<p>\u201c\u00bfQu\u00e9 se eval\u00faa? El contenido de todos los programas de estudio con corte al 30 de abril. Esperamos que se haya cubierto entre un 85 % y 90 % de los temas para que los alumnos logren resolver reactivos sobre contenidos procedimentales y conceptuales\u201d, detall\u00f3.<\/p>\n\n\n\n<p>Cabe se\u00f1alar que los ganadores de los tres primeros lugares de cada grado recibir\u00e1n equipo de c\u00f3mputo y un reconocimiento. La premiaci\u00f3n se realizar\u00e1 el 29 de mayo en el evento de Reconocimiento al M\u00e9rito y la Excelencia del Bachillerato Universitario, encabezado por el Rector, doctor Jes\u00fas Madue\u00f1a Molina.<\/p>\n\n\n\n<p><\/p>\n\n\n\n<p><\/p>\n\n\n\n<p><\/p>\n\n\n\n<p><\/p>\n\n\n\n<p><\/p>\n\n\n\n<p>REDACCI\u00d3N\/VISION CIUDADANA. <\/p>\n","protected":false},"excerpt":{"rendered":"<p>Culiac\u00e1n, Sinaloa; abril 28 de 2026.- La Direcci\u00f3n General de Escuelas Preparatorias (DGEP) de la Universidad Aut\u00f3noma de Sinaloa (UAS) convoca a todos los estudiantes de nivel medio superior a participar en la edici\u00f3n n\u00famero 43 del ic\u00f3nico concurso acad\u00e9mico Rafael Buelna Tenorio. Para esta ocasi\u00f3n, se espera la competencia de mil 500 j\u00f3venes el [&hellip;]<\/p>\n","protected":false},"author":11,"featured_media":41574,"comment_status":"closed","ping_status":"closed","sticky":false,"template":"","format":"standard","meta":{"footnotes":""},"categories":[13],"tags":[],"ppma_author":[42],"class_list":["post-41575","post","type-post","status-publish","format-standard","has-post-thumbnail","hentry","category-locales"],"aioseo_notices":[],"authors":[{"term_id":42,"user_id":11,"is_guest":0,"slug":"celinavision","display_name":"Redacci\u00f3n Vision Ciudadana","avatar_url":"https:\/\/secure.gravatar.com\/avatar\/5974f79b452df50dc11600a3c0f261022fc34eb0879d83b503e86107cd3e64cc?s=96&d=mm&r=g","0":null,"1":"","2":"","3":"","4":"","5":"","6":"","7":"","8":""}],"_links":{"self":[{"href":"https:\/\/visionciudadana.com.mx\/oficial\/wp-json\/wp\/v2\/posts\/41575","targetHints":{"allow":["GET"]}}],"collection":[{"href":"https:\/\/visionciudadana.com.mx\/oficial\/wp-json\/wp\/v2\/posts"}],"about":[{"href":"https:\/\/visionciudadana.com.mx\/oficial\/wp-json\/wp\/v2\/types\/post"}],"author":[{"embeddable":true,"href":"https:\/\/visionciudadana.com.mx\/oficial\/wp-json\/wp\/v2\/users\/11"}],"replies":[{"embeddable":true,"href":"https:\/\/visionciudadana.com.mx\/oficial\/wp-json\/wp\/v2\/comments?post=41575"}],"version-history":[{"count":1,"href":"https:\/\/visionciudadana.com.mx\/oficial\/wp-json\/wp\/v2\/posts\/41575\/revisions"}],"predecessor-version":[{"id":41576,"href":"https:\/\/visionciudadana.com.mx\/oficial\/wp-json\/wp\/v2\/posts\/41575\/revisions\/41576"}],"wp:featuredmedia":[{"embeddable":true,"href":"https:\/\/visionciudadana.com.mx\/oficial\/wp-json\/wp\/v2\/media\/41574"}],"wp:attachment":[{"href":"https:\/\/visionciudadana.com.mx\/oficial\/wp-json\/wp\/v2\/media?parent=41575"}],"wp:term":[{"taxonomy":"category","embeddable":true,"href":"https:\/\/visionciudadana.com.mx\/oficial\/wp-json\/wp\/v2\/categories?post=41575"},{"taxonomy":"post_tag","embeddable":true,"href":"https:\/\/visionciudadana.com.mx\/oficial\/wp-json\/wp\/v2\/tags?post=41575"},{"taxonomy":"author","embeddable":true,"href":"https:\/\/visionciudadana.com.mx\/oficial\/wp-json\/wp\/v2\/ppma_author?post=41575"}],"curies":[{"name":"wp","href":"https:\/\/api.w.org\/{rel}","templated":true}]}}