{"id":41567,"date":"2026-04-27T20:19:31","date_gmt":"2026-04-28T03:19:31","guid":{"rendered":"https:\/\/visionciudadana.com.mx\/oficial\/?p=41567"},"modified":"2026-04-27T20:19:31","modified_gmt":"2026-04-28T03:19:31","slug":"sinaloa-gozara-de-acceso-a-la-informacion-sin-burocratismos-con-nueva-ley-de-transparencia-rocha","status":"publish","type":"post","link":"https:\/\/visionciudadana.com.mx\/oficial\/2026\/04\/27\/sinaloa-gozara-de-acceso-a-la-informacion-sin-burocratismos-con-nueva-ley-de-transparencia-rocha\/","title":{"rendered":"Sinaloa gozar\u00e1 de acceso a la informaci\u00f3n sin burocratismos con nueva Ley de Transparencia: Rocha"},"content":{"rendered":"\n<p><\/p>\n\n\n\n<figure class=\"wp-block-image size-large\"><img fetchpriority=\"high\" decoding=\"async\" width=\"300\" height=\"225\" src=\"https:\/\/visionciudadana.com.mx\/oficial\/wp-content\/uploads\/2026\/04\/f2264476-c8dc-4501-aa80-36536714dfa9-300x225.jpg\" class=\"wp-image-41565\" srcset=\"https:\/\/visionciudadana.com.mx\/oficial\/wp-content\/uploads\/2026\/04\/f2264476-c8dc-4501-aa80-36536714dfa9-300x225.jpg 300w, https:\/\/visionciudadana.com.mx\/oficial\/wp-content\/uploads\/2026\/04\/f2264476-c8dc-4501-aa80-36536714dfa9.jpg 393w\" sizes=\"(max-width: 300px) 100vw, 300px\" \/><\/figure>\n\n\n\n<p>Culiac\u00e1n, Sinaloa a 27 de abril del 2026.- El Gobernador Rub\u00e9n Rocha Moya sostuvo que Sinaloa gozar\u00e1 de acceso a la informaci\u00f3n sin burocratismos con la nueva Ley de Transparencia, que se analiza en el Congreso del Estado y que contempla la operaci\u00f3n de un organismo desconcentrado con autonom\u00eda t\u00e9cnica y de gesti\u00f3n, adscrito a la Secretar\u00eda de Transparencia y Rendici\u00f3n de Cuentas.<\/p>\n\n\n\n<p>En el marco de la conferencia \u201cLa Semanera\u201d, el mandatario estatal se\u00f1al\u00f3 que incluso se prev\u00e9 mejorar las condiciones de c\u00f3mo se da acceso al quehacer gubernamental a las y los sinaloenses, por lo que el derecho a saber y a la privacidad est\u00e1n garantizados y se suplir\u00e1 con toda pertinencia la atenci\u00f3n a la ciudadan\u00eda que requiere informaci\u00f3n.<\/p>\n\n\n\n<p>\u201cSe har\u00e1 un procedimiento similar, que no haya burocratismos, que se pueda dar informaci\u00f3n como lo piden los ciudadanos y los medios de informaci\u00f3n que son los que m\u00e1s demandan y tengamos capacidad para mejorar las condiciones de c\u00f3mo se entrega la informaci\u00f3n\u201d, enfatiz\u00f3.<\/p>\n\n\n\n<p>La secretaria de Transparencia y Rendici\u00f3n de Cuentas, Sandra Guadalupe Angulo C\u00e1zarez, preciso que una vez aprobada por el Poder Legislativo la nueva norma en la materia, se expedir\u00e1 un reglamento interior que establecer\u00e1 las funciones y responsabilidades del organismo que suple a la Comisi\u00f3n Estatal para el Acceso a la Informaci\u00f3n P\u00fablica.<\/p>\n\n\n\n<p>Dej\u00f3 en claro que el objetivo prioritario del organismo desconcentrado que prev\u00e9 la propuesta de ley es la de garantizar con total plenitud el acceso a la informaci\u00f3n y la transparencia en la gesti\u00f3n p\u00fablica.<\/p>\n\n\n\n<p>Cabe destacar que los cambios al marco legal sobre el derecho a saber y la protecci\u00f3n de datos personales en Sinaloa son derivados de las reformas legislativas realizadas a nivel federal a la Ley General de Transparencia y Acceso a la Informaci\u00f3n P\u00fablica, con vigencia a partir del 20 de marzo del 2025.<\/p>\n\n\n\n<p>Por lo anterior, el 6 de febrero del 2026 se public\u00f3 en el Diario Oficial del Estado de Sinaloa el decreto de extinci\u00f3n de la Comisi\u00f3n Estatal para el Acceso a la Informaci\u00f3n P\u00fablica y el 21 de abril del 2026, el Gobernador Rub\u00e9n Rocha Moya present\u00f3 ante el Congreso del Estado propuesta de nueva Ley de Transparencia, la cual potencializa el derecho de acceso a la informaci\u00f3n y establece medidas de apremio m\u00e1s directas en caso de desacato por los sujetos obligados, actualmente en estudio en comisiones legislativas.<\/p>\n\n\n\n<p><\/p>\n\n\n\n<p><\/p>\n\n\n\n<p><\/p>\n\n\n\n<p><\/p>\n\n\n\n<p><\/p>\n\n\n\n<p>REDACCI\u00d3N\/ VISI\u00d3N CIUDADANA <\/p>\n","protected":false},"excerpt":{"rendered":"<p>Culiac\u00e1n, Sinaloa a 27 de abril del 2026.- El Gobernador Rub\u00e9n Rocha Moya sostuvo que Sinaloa gozar\u00e1 de acceso a la informaci\u00f3n sin burocratismos con la nueva Ley de Transparencia, que se analiza en el Congreso del Estado y que contempla la operaci\u00f3n de un organismo desconcentrado con autonom\u00eda t\u00e9cnica y de gesti\u00f3n, adscrito a [&hellip;]<\/p>\n","protected":false},"author":11,"featured_media":41566,"comment_status":"closed","ping_status":"closed","sticky":false,"template":"","format":"standard","meta":{"footnotes":""},"categories":[24],"tags":[],"ppma_author":[42],"class_list":["post-41567","post","type-post","status-publish","format-standard","has-post-thumbnail","hentry","category-relevantes"],"aioseo_notices":[],"authors":[{"term_id":42,"user_id":11,"is_guest":0,"slug":"celinavision","display_name":"Redacci\u00f3n Vision Ciudadana","avatar_url":"https:\/\/secure.gravatar.com\/avatar\/5974f79b452df50dc11600a3c0f261022fc34eb0879d83b503e86107cd3e64cc?s=96&d=mm&r=g","0":null,"1":"","2":"","3":"","4":"","5":"","6":"","7":"","8":""}],"_links":{"self":[{"href":"https:\/\/visionciudadana.com.mx\/oficial\/wp-json\/wp\/v2\/posts\/41567","targetHints":{"allow":["GET"]}}],"collection":[{"href":"https:\/\/visionciudadana.com.mx\/oficial\/wp-json\/wp\/v2\/posts"}],"about":[{"href":"https:\/\/visionciudadana.com.mx\/oficial\/wp-json\/wp\/v2\/types\/post"}],"author":[{"embeddable":true,"href":"https:\/\/visionciudadana.com.mx\/oficial\/wp-json\/wp\/v2\/users\/11"}],"replies":[{"embeddable":true,"href":"https:\/\/visionciudadana.com.mx\/oficial\/wp-json\/wp\/v2\/comments?post=41567"}],"version-history":[{"count":1,"href":"https:\/\/visionciudadana.com.mx\/oficial\/wp-json\/wp\/v2\/posts\/41567\/revisions"}],"predecessor-version":[{"id":41568,"href":"https:\/\/visionciudadana.com.mx\/oficial\/wp-json\/wp\/v2\/posts\/41567\/revisions\/41568"}],"wp:featuredmedia":[{"embeddable":true,"href":"https:\/\/visionciudadana.com.mx\/oficial\/wp-json\/wp\/v2\/media\/41566"}],"wp:attachment":[{"href":"https:\/\/visionciudadana.com.mx\/oficial\/wp-json\/wp\/v2\/media?parent=41567"}],"wp:term":[{"taxonomy":"category","embeddable":true,"href":"https:\/\/visionciudadana.com.mx\/oficial\/wp-json\/wp\/v2\/categories?post=41567"},{"taxonomy":"post_tag","embeddable":true,"href":"https:\/\/visionciudadana.com.mx\/oficial\/wp-json\/wp\/v2\/tags?post=41567"},{"taxonomy":"author","embeddable":true,"href":"https:\/\/visionciudadana.com.mx\/oficial\/wp-json\/wp\/v2\/ppma_author?post=41567"}],"curies":[{"name":"wp","href":"https:\/\/api.w.org\/{rel}","templated":true}]}}