{"id":41559,"date":"2026-04-27T10:57:29","date_gmt":"2026-04-27T17:57:29","guid":{"rendered":"https:\/\/visionciudadana.com.mx\/oficial\/?p=41559"},"modified":"2026-04-27T10:57:29","modified_gmt":"2026-04-27T17:57:29","slug":"reportan-control-de-incendios-forestales-y-atencion-emergente-por-sequia-en-sinaloa","status":"publish","type":"post","link":"https:\/\/visionciudadana.com.mx\/oficial\/2026\/04\/27\/reportan-control-de-incendios-forestales-y-atencion-emergente-por-sequia-en-sinaloa\/","title":{"rendered":"Reportan control de incendios forestales y atenci\u00f3n emergente por sequ\u00eda en Sinaloa"},"content":{"rendered":"\n<p><\/p>\n\n\n\n<figure class=\"wp-block-image size-large\"><img fetchpriority=\"high\" decoding=\"async\" width=\"300\" height=\"225\" src=\"https:\/\/visionciudadana.com.mx\/oficial\/wp-content\/uploads\/2026\/04\/img_8389-300x225.jpg\" class=\"wp-image-41557\" srcset=\"https:\/\/visionciudadana.com.mx\/oficial\/wp-content\/uploads\/2026\/04\/img_8389-300x225.jpg 300w, https:\/\/visionciudadana.com.mx\/oficial\/wp-content\/uploads\/2026\/04\/img_8389.jpg 440w\" sizes=\"(max-width: 300px) 100vw, 300px\" \/><\/figure>\n\n\n\n<p class=\"p1\">Culiac\u00e1n, Sinaloa; abril 27 de 2026.- El director de Protecci\u00f3n Civil en Sinaloa, Roy Navarrete Cuevas, inform\u00f3 que se mantiene atenci\u00f3n permanente en comunidades afectadas por la sequ\u00eda, principalmente en municipios como Rosario, Escuinapa, Sinaloa municipio, Badiraguato, Choix, El Fuerte y Cosal\u00e1, donde se han reforzado acciones preventivas y de respuesta emergente.<\/p>\n\n\n\n<p class=\"p1\">El funcionario se\u00f1al\u00f3 que, ante el desabasto de agua en algunas zonas, se trabaja mediante un programa extraordinario de atenci\u00f3n con pipas para abastecer a comunidades que enfrentan mayores dificultades, adem\u00e1s de apoyarse en represas construidas previamente, las cuales han permitido mitigar la problem\u00e1tica en diversos puntos del estado.<\/p>\n\n\n\n<p class=\"p1\">Indic\u00f3 que, aunque el suministro mediante pipas ha sido clave para atender la emergencia, se busca fortalecer un programa formal que permita licitar este servicio y garantizar una respuesta m\u00e1s estructurada frente a la sequ\u00eda.<\/p>\n\n\n\n<p class=\"p1\">En materia de incendios forestales, destac\u00f3 que durante la presente temporada se han registrado siete incendios, todos liquidados, principalmente en Badiraguato, Choix y Sinaloa municipio, resultado -dijo- de labores preventivas, monitoreo e intervenci\u00f3n oportuna.<\/p>\n\n\n\n<p class=\"p1\">Explic\u00f3 que brigadistas y programas forestales trabajan de manera coordinada con propietarios de predios y comunidades para la identificaci\u00f3n de riesgos y combate al fuego, utilizando t\u00e9cnicas con tierra y brechas cortafuego; lo que en casos mayores, intervienen la Guardia Nacional y la Secretar\u00eda de la Defensa Nacional.<\/p>\n\n\n\n<p class=\"p1\">El director de Protecci\u00f3n Civil subray\u00f3 que el a\u00f1o pasado se reportaron afectaciones en alrededor de 49 mil hect\u00e1reas por incendios forestales, mientras que este a\u00f1o la incidencia ha sido considerablemente menor.<\/p>\n\n\n\n<p class=\"p1\">A\u00f1adi\u00f3 que la prevenci\u00f3n y las lluvias at\u00edpicas tambi\u00e9n han contribuido a reducir riesgos, resaltando que en 2025 se contabilizaron 107 incendios, frente a solo siete en la actual temporada y todos controlados.<\/p>\n\n\n\n<p><\/p>\n\n\n\n<p><\/p>\n\n\n\n<p><\/p>\n\n\n\n<p><\/p>\n\n\n\n<p><\/p>\n\n\n\n<p>REDACCI\u00d3N\/CELINA FONSECA. <\/p>\n","protected":false},"excerpt":{"rendered":"<p>Culiac\u00e1n, Sinaloa; abril 27 de 2026.- El director de Protecci\u00f3n Civil en Sinaloa, Roy Navarrete Cuevas, inform\u00f3 que se mantiene atenci\u00f3n permanente en comunidades afectadas por la sequ\u00eda, principalmente en municipios como Rosario, Escuinapa, Sinaloa municipio, Badiraguato, Choix, El Fuerte y Cosal\u00e1, donde se han reforzado acciones preventivas y de respuesta emergente. El funcionario se\u00f1al\u00f3 [&hellip;]<\/p>\n","protected":false},"author":11,"featured_media":41558,"comment_status":"closed","ping_status":"closed","sticky":false,"template":"","format":"standard","meta":{"footnotes":""},"categories":[13,24],"tags":[],"ppma_author":[42],"class_list":["post-41559","post","type-post","status-publish","format-standard","has-post-thumbnail","hentry","category-locales","category-relevantes"],"aioseo_notices":[],"authors":[{"term_id":42,"user_id":11,"is_guest":0,"slug":"celinavision","display_name":"Redacci\u00f3n Vision Ciudadana","avatar_url":"https:\/\/secure.gravatar.com\/avatar\/5974f79b452df50dc11600a3c0f261022fc34eb0879d83b503e86107cd3e64cc?s=96&d=mm&r=g","0":null,"1":"","2":"","3":"","4":"","5":"","6":"","7":"","8":""}],"_links":{"self":[{"href":"https:\/\/visionciudadana.com.mx\/oficial\/wp-json\/wp\/v2\/posts\/41559","targetHints":{"allow":["GET"]}}],"collection":[{"href":"https:\/\/visionciudadana.com.mx\/oficial\/wp-json\/wp\/v2\/posts"}],"about":[{"href":"https:\/\/visionciudadana.com.mx\/oficial\/wp-json\/wp\/v2\/types\/post"}],"author":[{"embeddable":true,"href":"https:\/\/visionciudadana.com.mx\/oficial\/wp-json\/wp\/v2\/users\/11"}],"replies":[{"embeddable":true,"href":"https:\/\/visionciudadana.com.mx\/oficial\/wp-json\/wp\/v2\/comments?post=41559"}],"version-history":[{"count":1,"href":"https:\/\/visionciudadana.com.mx\/oficial\/wp-json\/wp\/v2\/posts\/41559\/revisions"}],"predecessor-version":[{"id":41560,"href":"https:\/\/visionciudadana.com.mx\/oficial\/wp-json\/wp\/v2\/posts\/41559\/revisions\/41560"}],"wp:featuredmedia":[{"embeddable":true,"href":"https:\/\/visionciudadana.com.mx\/oficial\/wp-json\/wp\/v2\/media\/41558"}],"wp:attachment":[{"href":"https:\/\/visionciudadana.com.mx\/oficial\/wp-json\/wp\/v2\/media?parent=41559"}],"wp:term":[{"taxonomy":"category","embeddable":true,"href":"https:\/\/visionciudadana.com.mx\/oficial\/wp-json\/wp\/v2\/categories?post=41559"},{"taxonomy":"post_tag","embeddable":true,"href":"https:\/\/visionciudadana.com.mx\/oficial\/wp-json\/wp\/v2\/tags?post=41559"},{"taxonomy":"author","embeddable":true,"href":"https:\/\/visionciudadana.com.mx\/oficial\/wp-json\/wp\/v2\/ppma_author?post=41559"}],"curies":[{"name":"wp","href":"https:\/\/api.w.org\/{rel}","templated":true}]}}