{"id":41555,"date":"2026-04-27T10:41:35","date_gmt":"2026-04-27T17:41:35","guid":{"rendered":"https:\/\/visionciudadana.com.mx\/oficial\/?p=41555"},"modified":"2026-04-27T10:41:35","modified_gmt":"2026-04-27T17:41:35","slug":"llama-la-sep-a-celebrar-el-dia-del-nino-con-apego-a-estrategia-saludable","status":"publish","type":"post","link":"https:\/\/visionciudadana.com.mx\/oficial\/2026\/04\/27\/llama-la-sep-a-celebrar-el-dia-del-nino-con-apego-a-estrategia-saludable\/","title":{"rendered":"Llama la SEP a celebrar el D\u00eda del Ni\u00f1o con apego a estrategia saludable"},"content":{"rendered":"\n<p><\/p>\n\n\n\n<figure class=\"wp-block-image size-large\"><img fetchpriority=\"high\" decoding=\"async\" width=\"1024\" height=\"768\" src=\"https:\/\/visionciudadana.com.mx\/oficial\/wp-content\/uploads\/2026\/04\/img_8387-1024x768.jpg\" class=\"wp-image-41553\" srcset=\"https:\/\/visionciudadana.com.mx\/oficial\/wp-content\/uploads\/2026\/04\/img_8387-1024x768.jpg 1024w, https:\/\/visionciudadana.com.mx\/oficial\/wp-content\/uploads\/2026\/04\/img_8387-300x225.jpg 300w, https:\/\/visionciudadana.com.mx\/oficial\/wp-content\/uploads\/2026\/04\/img_8387-768x576.jpg 768w, https:\/\/visionciudadana.com.mx\/oficial\/wp-content\/uploads\/2026\/04\/img_8387-1536x1152.jpg 1536w, https:\/\/visionciudadana.com.mx\/oficial\/wp-content\/uploads\/2026\/04\/img_8387.jpg 2000w\" sizes=\"(max-width: 1024px) 100vw, 1024px\" \/><\/figure>\n\n\n\n<p class=\"p1\">*Se confirma clases el 4 de mayo<\/p>\n\n\n\n<p class=\"p1\">Culiac\u00e1n, Sinaloa; abril 27 de 2026.- La secretaria de Educaci\u00f3n P\u00fablica y Cultura, Gloria Himelda Felix Niebla, inform\u00f3 que los festejos por el D\u00eda del Ni\u00f1o en los planteles educativos deber\u00e1n realizarse respetando la estrategia de vida saludable vigente, evitando principalmente alimentos y bebidas con alto contenido cal\u00f3rico y az\u00facares.<\/p>\n\n\n\n<p class=\"p1\">La funcionaria explic\u00f3 que, de acuerdo con el calendario escolar, la conmemoraci\u00f3n del 30 de abril se llevar\u00e1 a cabo en las escuelas con actividades organizadas por cada plantel, bajo lineamientos ya establecidos y conocidos por directivos, supervisores, maestras y maestros, quienes cuentan con un manual sobre los productos permitidos para introducir en las aulas.<\/p>\n\n\n\n<p class=\"p1\">Subray\u00f3 que se ha emitido el llamado para que las celebraciones prioricen opciones saludables, evitando dulces y bebidas azucaradas, con el prop\u00f3sito de mantener congruencia con la estrategia que se impulsa en el sistema educativo.<\/p>\n\n\n\n<p class=\"p1\">Adem\u00e1s Gloria Himelda, se\u00f1al\u00f3 que se busca que el festejo se realice propiamente el 30 de abril, para que las ni\u00f1as y ni\u00f1os puedan disfrutar de esta fecha especial en sus escuelas.<\/p>\n\n\n\n<p class=\"p1\">En cuanto a los pr\u00f3ximos d\u00edas de asueto, precis\u00f3 que el 1 de mayo es d\u00eda inh\u00e1bil por la conmemoraci\u00f3n del D\u00eda del Trabajo, mientras que el 4 de mayo habr\u00e1 actividades normales, descartando la suspensi\u00f3n de clases o un \u201cpuente\u201d largo.<\/p>\n\n\n\n<p class=\"p1\">Afirm\u00f3 que maestras y maestros estar\u00e1n listos para reanudar actividades y recibir al alumnado el lunes 4 de mayo, por lo que no habr\u00e1 extensi\u00f3n del descanso escolar.<\/p>\n\n\n\n<p><\/p>\n\n\n\n<p><\/p>\n\n\n\n<p><\/p>\n\n\n\n<p><\/p>\n\n\n\n<p>REDACCI\u00d3N\/CELINA FONSECA. <\/p>\n","protected":false},"excerpt":{"rendered":"<p>*Se confirma clases el 4 de mayo Culiac\u00e1n, Sinaloa; abril 27 de 2026.- La secretaria de Educaci\u00f3n P\u00fablica y Cultura, Gloria Himelda Felix Niebla, inform\u00f3 que los festejos por el D\u00eda del Ni\u00f1o en los planteles educativos deber\u00e1n realizarse respetando la estrategia de vida saludable vigente, evitando principalmente alimentos y bebidas con alto contenido cal\u00f3rico [&hellip;]<\/p>\n","protected":false},"author":11,"featured_media":41554,"comment_status":"closed","ping_status":"closed","sticky":false,"template":"","format":"standard","meta":{"footnotes":""},"categories":[13,24],"tags":[],"ppma_author":[42],"class_list":["post-41555","post","type-post","status-publish","format-standard","has-post-thumbnail","hentry","category-locales","category-relevantes"],"aioseo_notices":[],"authors":[{"term_id":42,"user_id":11,"is_guest":0,"slug":"celinavision","display_name":"Redacci\u00f3n Vision Ciudadana","avatar_url":"https:\/\/secure.gravatar.com\/avatar\/5974f79b452df50dc11600a3c0f261022fc34eb0879d83b503e86107cd3e64cc?s=96&d=mm&r=g","0":null,"1":"","2":"","3":"","4":"","5":"","6":"","7":"","8":""}],"_links":{"self":[{"href":"https:\/\/visionciudadana.com.mx\/oficial\/wp-json\/wp\/v2\/posts\/41555","targetHints":{"allow":["GET"]}}],"collection":[{"href":"https:\/\/visionciudadana.com.mx\/oficial\/wp-json\/wp\/v2\/posts"}],"about":[{"href":"https:\/\/visionciudadana.com.mx\/oficial\/wp-json\/wp\/v2\/types\/post"}],"author":[{"embeddable":true,"href":"https:\/\/visionciudadana.com.mx\/oficial\/wp-json\/wp\/v2\/users\/11"}],"replies":[{"embeddable":true,"href":"https:\/\/visionciudadana.com.mx\/oficial\/wp-json\/wp\/v2\/comments?post=41555"}],"version-history":[{"count":1,"href":"https:\/\/visionciudadana.com.mx\/oficial\/wp-json\/wp\/v2\/posts\/41555\/revisions"}],"predecessor-version":[{"id":41556,"href":"https:\/\/visionciudadana.com.mx\/oficial\/wp-json\/wp\/v2\/posts\/41555\/revisions\/41556"}],"wp:featuredmedia":[{"embeddable":true,"href":"https:\/\/visionciudadana.com.mx\/oficial\/wp-json\/wp\/v2\/media\/41554"}],"wp:attachment":[{"href":"https:\/\/visionciudadana.com.mx\/oficial\/wp-json\/wp\/v2\/media?parent=41555"}],"wp:term":[{"taxonomy":"category","embeddable":true,"href":"https:\/\/visionciudadana.com.mx\/oficial\/wp-json\/wp\/v2\/categories?post=41555"},{"taxonomy":"post_tag","embeddable":true,"href":"https:\/\/visionciudadana.com.mx\/oficial\/wp-json\/wp\/v2\/tags?post=41555"},{"taxonomy":"author","embeddable":true,"href":"https:\/\/visionciudadana.com.mx\/oficial\/wp-json\/wp\/v2\/ppma_author?post=41555"}],"curies":[{"name":"wp","href":"https:\/\/api.w.org\/{rel}","templated":true}]}}