{"id":41532,"date":"2026-04-27T07:29:58","date_gmt":"2026-04-27T14:29:58","guid":{"rendered":"https:\/\/visionciudadana.com.mx\/oficial\/?p=41532"},"modified":"2026-04-27T07:29:58","modified_gmt":"2026-04-27T14:29:58","slug":"jornada-laboral-de-40-horas-el-reloj-ya-empezo-a-correr","status":"publish","type":"post","link":"https:\/\/visionciudadana.com.mx\/oficial\/2026\/04\/27\/jornada-laboral-de-40-horas-el-reloj-ya-empezo-a-correr\/","title":{"rendered":"JORNADA LABORAL DE 40 HORAS: EL RELOJ YA EMPEZ\u00d3 A CORRER"},"content":{"rendered":"<p><img decoding=\"async\" class=\"alignnone size-medium wp-image-41533\" src=\"https:\/\/visionciudadana.com.mx\/oficial\/wp-content\/uploads\/2026\/04\/GIlberto-instagram-3-300x147.jpg\" alt=\"\" width=\"300\" height=\"147\" srcset=\"https:\/\/visionciudadana.com.mx\/oficial\/wp-content\/uploads\/2026\/04\/GIlberto-instagram-3-300x147.jpg 300w, https:\/\/visionciudadana.com.mx\/oficial\/wp-content\/uploads\/2026\/04\/GIlberto-instagram-3.jpg 450w\" sizes=\"(max-width: 300px) 100vw, 300px\" \/>Durante a\u00f1os, la reducci\u00f3n de la jornada laboral en M\u00e9xico fue tratada como una promesa pol\u00edtica, una discusi\u00f3n sindical o un tema inc\u00f3modo para ciertos sectores empresariales. Hoy esa etapa termin\u00f3. La reforma ya entr\u00f3 al terreno constitucional y el mensaje es claro: el pa\u00eds decidi\u00f3 avanzar hacia una jornada m\u00e1xima de <strong>40 horas semanales<\/strong>.<\/p>\n<p>No estamos frente a una moda ideol\u00f3gica ni ante una ocurrencia legislativa. Estamos ante una correcci\u00f3n hist\u00f3rica. M\u00e9xico ha sostenido por d\u00e9cadas uno de los esquemas laborales m\u00e1s extensos entre econom\u00edas comparables, con jornadas largas que muchas veces no se traducen en mayor productividad, pero s\u00ed en agotamiento, rotaci\u00f3n de personal, deterioro familiar y baja calidad de vida.<\/p>\n<p>La vieja idea de que \u201cm\u00e1s horas significan m\u00e1s resultados\u201d ha quedado superada por la realidad. Empresas eficientes en todo el mundo entendieron algo elemental: una persona descansada, motivada y enfocada produce m\u00e1s que una persona agotada que solo acumula presencia f\u00edsica.<\/p>\n<p>Sin embargo, ser\u00eda ingenuo presentar la reforma como una victoria autom\u00e1tica. Reducir horas sin redise\u00f1ar procesos puede generar caos operativo, costos inesperados y conflictos internos. Especialmente en sectores como comercio, manufactura, log\u00edstica, hospitalidad, agroindustria y servicios continuos, donde cada hora cuenta y cada turno impacta directamente en ingresos.<\/p>\n<p>Por eso, el verdadero debate no es si la jornada de 40 horas \u201cgusta\u201d o \u201cno gusta\u201d. Ese debate ya perdi\u00f3 vigencia. La pregunta inteligente es otra: <strong>\u00bfqui\u00e9n se preparar\u00e1 a tiempo y qui\u00e9n reaccionar\u00e1 tarde?<\/strong><\/p>\n<p>Las empresas disciplinadas ya deber\u00edan estar trabajando en cinco frentes urgentes:<\/p>\n<ul>\n<li>Medici\u00f3n real de horas laboradas por puesto.<\/li>\n<li>Revisi\u00f3n de productividad por \u00e1rea.<\/li>\n<li>Redise\u00f1o de turnos y descansos.<\/li>\n<li>Control formal de horas extra.<\/li>\n<li>Proyecci\u00f3n financiera del impacto en n\u00f3mina.<\/li>\n<\/ul>\n<p>Quien ignore estos puntos pagar\u00e1 caro la improvisaci\u00f3n. Porque cuando una reforma laboral entra en vigor, no castiga primero al desordenado con multas; lo castiga con p\u00e9rdida de margen, fuga de talento y conflictos laborales.<\/p>\n<p>Tambi\u00e9n hay que decirlo con claridad: el Estado debi\u00f3 acompa\u00f1ar esta transici\u00f3n con incentivos fiscales y apoyos para peque\u00f1as y medianas empresas. No basta con ordenar cambios; tambi\u00e9n se requiere facilitar su cumplimiento. Miles de negocios formales enfrentar\u00e1n ajustes reales en costos sin una pol\u00edtica p\u00fablica robusta que los respalde.<\/p>\n<p>Aun as\u00ed, resistirse por nostalgia tampoco es estrategia. El mercado laboral cambi\u00f3. Las nuevas generaciones valoran tiempo, equilibrio y flexibilidad tanto como salario. La empresa que no entienda eso perder\u00e1 competitividad en la atracci\u00f3n de talento.<\/p>\n<p>La jornada de 40 horas no debe verse solo como una obligaci\u00f3n legal. Puede convertirse en una oportunidad para profesionalizar operaciones, eliminar ineficiencias, modernizar controles y elevar productividad.<\/p>\n<p>M\u00e9xico no necesita trabajadores m\u00e1s cansados. Necesita empresas m\u00e1s inteligentes.<\/p>\n<p>El reloj ya empez\u00f3 a correr. Algunos lo usar\u00e1n para transformarse. Otros solo lo ver\u00e1n avanzar.<\/p>\n<p><strong>CPC, LD y MI Gilberto Soto Beltran<\/strong><\/p>\n<p><strong>X: @gilsoto70<\/strong><\/p>\n<p><strong>Facebook: Gilberto Soto<\/strong><\/p>\n<p><strong>Instagram: gilberto.soto.391<\/strong><\/p>\n","protected":false},"excerpt":{"rendered":"<p>Durante a\u00f1os, la reducci\u00f3n de la jornada laboral en M\u00e9xico fue tratada como una promesa pol\u00edtica, una discusi\u00f3n sindical o un tema inc\u00f3modo para ciertos sectores empresariales. Hoy esa etapa termin\u00f3. La reforma ya entr\u00f3 al terreno constitucional y el mensaje es claro: el pa\u00eds decidi\u00f3 avanzar hacia una jornada m\u00e1xima de 40 horas semanales. [&hellip;]<\/p>\n","protected":false},"author":2,"featured_media":41534,"comment_status":"closed","ping_status":"closed","sticky":false,"template":"","format":"standard","meta":{"footnotes":""},"categories":[12],"tags":[],"ppma_author":[36],"class_list":["post-41532","post","type-post","status-publish","format-standard","has-post-thumbnail","hentry","category-gilberto-soto"],"aioseo_notices":[],"authors":[{"term_id":36,"user_id":2,"is_guest":0,"slug":"gilberto-soto","display_name":"Gilberto Soto","avatar_url":{"url":"https:\/\/visionciudadana.com.mx\/oficial\/wp-content\/uploads\/2021\/03\/gilberto-soto.png","url2x":"https:\/\/visionciudadana.com.mx\/oficial\/wp-content\/uploads\/2021\/03\/gilberto-soto.png"},"0":null,"1":"","2":"","3":"","4":"","5":"","6":"","7":"","8":""}],"_links":{"self":[{"href":"https:\/\/visionciudadana.com.mx\/oficial\/wp-json\/wp\/v2\/posts\/41532","targetHints":{"allow":["GET"]}}],"collection":[{"href":"https:\/\/visionciudadana.com.mx\/oficial\/wp-json\/wp\/v2\/posts"}],"about":[{"href":"https:\/\/visionciudadana.com.mx\/oficial\/wp-json\/wp\/v2\/types\/post"}],"author":[{"embeddable":true,"href":"https:\/\/visionciudadana.com.mx\/oficial\/wp-json\/wp\/v2\/users\/2"}],"replies":[{"embeddable":true,"href":"https:\/\/visionciudadana.com.mx\/oficial\/wp-json\/wp\/v2\/comments?post=41532"}],"version-history":[{"count":1,"href":"https:\/\/visionciudadana.com.mx\/oficial\/wp-json\/wp\/v2\/posts\/41532\/revisions"}],"predecessor-version":[{"id":41535,"href":"https:\/\/visionciudadana.com.mx\/oficial\/wp-json\/wp\/v2\/posts\/41532\/revisions\/41535"}],"wp:featuredmedia":[{"embeddable":true,"href":"https:\/\/visionciudadana.com.mx\/oficial\/wp-json\/wp\/v2\/media\/41534"}],"wp:attachment":[{"href":"https:\/\/visionciudadana.com.mx\/oficial\/wp-json\/wp\/v2\/media?parent=41532"}],"wp:term":[{"taxonomy":"category","embeddable":true,"href":"https:\/\/visionciudadana.com.mx\/oficial\/wp-json\/wp\/v2\/categories?post=41532"},{"taxonomy":"post_tag","embeddable":true,"href":"https:\/\/visionciudadana.com.mx\/oficial\/wp-json\/wp\/v2\/tags?post=41532"},{"taxonomy":"author","embeddable":true,"href":"https:\/\/visionciudadana.com.mx\/oficial\/wp-json\/wp\/v2\/ppma_author?post=41532"}],"curies":[{"name":"wp","href":"https:\/\/api.w.org\/{rel}","templated":true}]}}