{"id":41526,"date":"2026-04-26T13:25:57","date_gmt":"2026-04-26T20:25:57","guid":{"rendered":"https:\/\/visionciudadana.com.mx\/oficial\/?p=41526"},"modified":"2026-04-26T13:25:57","modified_gmt":"2026-04-26T20:25:57","slug":"la-unidad-de-bienestar-universitario-encabeza-la-segunda-plenaria-del-diplomado-en-construccion-de-paz-desde-los-derechos-humanos-2026","status":"publish","type":"post","link":"https:\/\/visionciudadana.com.mx\/oficial\/2026\/04\/26\/la-unidad-de-bienestar-universitario-encabeza-la-segunda-plenaria-del-diplomado-en-construccion-de-paz-desde-los-derechos-humanos-2026\/","title":{"rendered":"La Unidad de Bienestar Universitario encabeza la segunda plenaria del Diplomado en Construcci\u00f3n de Paz desde los Derechos Humanos 2026"},"content":{"rendered":"\n<p><\/p>\n\n\n\n<figure class=\"wp-block-image size-large\"><img fetchpriority=\"high\" decoding=\"async\" width=\"1024\" height=\"768\" src=\"https:\/\/visionciudadana.com.mx\/oficial\/wp-content\/uploads\/2026\/04\/dca1183b-228a-407a-9902-8c4a2e69a8c0-1024x768.jpg\" class=\"wp-image-41524\" srcset=\"https:\/\/visionciudadana.com.mx\/oficial\/wp-content\/uploads\/2026\/04\/dca1183b-228a-407a-9902-8c4a2e69a8c0-1024x768.jpg 1024w, https:\/\/visionciudadana.com.mx\/oficial\/wp-content\/uploads\/2026\/04\/dca1183b-228a-407a-9902-8c4a2e69a8c0-300x225.jpg 300w, https:\/\/visionciudadana.com.mx\/oficial\/wp-content\/uploads\/2026\/04\/dca1183b-228a-407a-9902-8c4a2e69a8c0-768x576.jpg 768w, https:\/\/visionciudadana.com.mx\/oficial\/wp-content\/uploads\/2026\/04\/dca1183b-228a-407a-9902-8c4a2e69a8c0.jpg 1420w\" sizes=\"(max-width: 1024px) 100vw, 1024px\" \/><\/figure>\n\n\n\n<p>Culiacan, Sinaloa; abril 26 de 2026.- Con el objetivo de trascender la teor\u00eda y materializar propuestas concretas para la sociedad, la Universidad Aut\u00f3noma de Sinaloa (UAS), a trav\u00e9s de la Unidad de Bienestar Universitario (UBU), llev\u00f3 a cabo la segunda plenaria del \u201cDiplomado en Construcci\u00f3n de Paz desde los Derechos Humanos 2026\u201d, primera edici\u00f3n en la que se integran procesos de investigaci\u00f3n cient\u00edfica como eje central de la formaci\u00f3n.<\/p>\n\n\n\n<p>Esta reuni\u00f3n estuvo encabezada por el director de Proceso Pac\u00edfico, el doctor Everard Meade, quien destac\u00f3 la importancia de desarrollar este tipo de diplomados para comprender el contexto de violencia que se vive en la ciudad y, m\u00e1s a\u00fan, para fortalecer la construcci\u00f3n de paz desde el \u00e1mbito educativo, al considerar que son las instituciones de educaci\u00f3n las principales generadoras de agentes de paz.<\/p>\n\n\n\n<p>\u201cNecesitamos instituciones grandes como la UAS, l\u00edderes en el sector educativo, que digan siempre: esto es lo m\u00e1s importante que pasa, tenemos que ser l\u00edderes en ello. Una educaci\u00f3n sin paz, hoy en d\u00eda, es una educaci\u00f3n irrelevante para el futuro\u201d, expres\u00f3.<\/p>\n\n\n\n<p>Por su parte, la doctora Alma Luz Bernal, responsable del Programa Institucional de Cultura de Paz desde los Derechos Humanos, subray\u00f3 que la edici\u00f3n actual se distingue por la profesionalizaci\u00f3n de la investigaci\u00f3n. En este espacio, bajo la direcci\u00f3n del doctor Everard Meade y en colaboraci\u00f3n con expertos, se est\u00e1 capacitando a los participantes en la redacci\u00f3n y desarrollo de art\u00edculos cient\u00edficos que permitan evaluar y proponer soluciones a problem\u00e1ticas sociales vigentes.<\/p>\n\n\n\n<p>\u201cSorprende c\u00f3mo agradecen a la universidad el tener este foro de apertura y aprendizaje; pero, m\u00e1s que nada, la fortaleza \u2014reitero una y otra vez\u2014 redunda en la oportunidad de accionar, de proponer\u201d, comparti\u00f3.<\/p>\n\n\n\n<p>Alumnos de esta edici\u00f3n del diplomado coincidieron en que este programa les ha permitido adquirir herramientas te\u00f3ricas y t\u00e9cnicas aplicables en sus contextos para contribuir, desde sus trincheras, a la reconstrucci\u00f3n del tejido social con un enfoque de paz.<\/p>\n\n\n\n<p>Cabe decir que el diplomado se estructura en 10 l\u00edneas de investigaci\u00f3n, dise\u00f1adas para abordar temas de alta relevancia y sensibilidad social. Actualmente, el programa cuenta con una participaci\u00f3n de m\u00e1s de 110 personas comprometidas con la transformaci\u00f3n social, de las cuales 50 asisten en modalidad presencial y 60 v\u00eda plataforma, provenientes de diversos pa\u00edses.<\/p>\n\n\n\n<p><\/p>\n\n\n\n<p><\/p>\n\n\n\n<p><\/p>\n\n\n\n<p>REDACCI\u00d3N\/VISION CIUDADANA. <\/p>\n","protected":false},"excerpt":{"rendered":"<p>Culiacan, Sinaloa; abril 26 de 2026.- Con el objetivo de trascender la teor\u00eda y materializar propuestas concretas para la sociedad, la Universidad Aut\u00f3noma de Sinaloa (UAS), a trav\u00e9s de la Unidad de Bienestar Universitario (UBU), llev\u00f3 a cabo la segunda plenaria del \u201cDiplomado en Construcci\u00f3n de Paz desde los Derechos Humanos 2026\u201d, primera edici\u00f3n en [&hellip;]<\/p>\n","protected":false},"author":11,"featured_media":41525,"comment_status":"closed","ping_status":"closed","sticky":false,"template":"","format":"standard","meta":{"footnotes":""},"categories":[13],"tags":[],"ppma_author":[42],"class_list":["post-41526","post","type-post","status-publish","format-standard","has-post-thumbnail","hentry","category-locales"],"aioseo_notices":[],"authors":[{"term_id":42,"user_id":11,"is_guest":0,"slug":"celinavision","display_name":"Redacci\u00f3n Vision Ciudadana","avatar_url":"https:\/\/secure.gravatar.com\/avatar\/5974f79b452df50dc11600a3c0f261022fc34eb0879d83b503e86107cd3e64cc?s=96&d=mm&r=g","0":null,"1":"","2":"","3":"","4":"","5":"","6":"","7":"","8":""}],"_links":{"self":[{"href":"https:\/\/visionciudadana.com.mx\/oficial\/wp-json\/wp\/v2\/posts\/41526","targetHints":{"allow":["GET"]}}],"collection":[{"href":"https:\/\/visionciudadana.com.mx\/oficial\/wp-json\/wp\/v2\/posts"}],"about":[{"href":"https:\/\/visionciudadana.com.mx\/oficial\/wp-json\/wp\/v2\/types\/post"}],"author":[{"embeddable":true,"href":"https:\/\/visionciudadana.com.mx\/oficial\/wp-json\/wp\/v2\/users\/11"}],"replies":[{"embeddable":true,"href":"https:\/\/visionciudadana.com.mx\/oficial\/wp-json\/wp\/v2\/comments?post=41526"}],"version-history":[{"count":1,"href":"https:\/\/visionciudadana.com.mx\/oficial\/wp-json\/wp\/v2\/posts\/41526\/revisions"}],"predecessor-version":[{"id":41527,"href":"https:\/\/visionciudadana.com.mx\/oficial\/wp-json\/wp\/v2\/posts\/41526\/revisions\/41527"}],"wp:featuredmedia":[{"embeddable":true,"href":"https:\/\/visionciudadana.com.mx\/oficial\/wp-json\/wp\/v2\/media\/41525"}],"wp:attachment":[{"href":"https:\/\/visionciudadana.com.mx\/oficial\/wp-json\/wp\/v2\/media?parent=41526"}],"wp:term":[{"taxonomy":"category","embeddable":true,"href":"https:\/\/visionciudadana.com.mx\/oficial\/wp-json\/wp\/v2\/categories?post=41526"},{"taxonomy":"post_tag","embeddable":true,"href":"https:\/\/visionciudadana.com.mx\/oficial\/wp-json\/wp\/v2\/tags?post=41526"},{"taxonomy":"author","embeddable":true,"href":"https:\/\/visionciudadana.com.mx\/oficial\/wp-json\/wp\/v2\/ppma_author?post=41526"}],"curies":[{"name":"wp","href":"https:\/\/api.w.org\/{rel}","templated":true}]}}