{"id":41514,"date":"2026-04-25T18:37:21","date_gmt":"2026-04-26T01:37:21","guid":{"rendered":"https:\/\/visionciudadana.com.mx\/oficial\/?p=41514"},"modified":"2026-04-25T18:37:21","modified_gmt":"2026-04-26T01:37:21","slug":"la-uas-y-el-imss-fortalecen-la-prevencion-de-riesgos-laborales-en-la-torre-academica-culiacan-supervisan-medidas-de-seguridad-e-higiene","status":"publish","type":"post","link":"https:\/\/visionciudadana.com.mx\/oficial\/2026\/04\/25\/la-uas-y-el-imss-fortalecen-la-prevencion-de-riesgos-laborales-en-la-torre-academica-culiacan-supervisan-medidas-de-seguridad-e-higiene\/","title":{"rendered":"La UAS y el IMSS fortalecen la prevenci\u00f3n de riesgos laborales en la Torre Acad\u00e9mica Culiac\u00e1n; supervisan medidas de seguridad e higiene"},"content":{"rendered":"\n<p><\/p>\n\n\n\n<figure class=\"wp-block-image size-large\"><img fetchpriority=\"high\" decoding=\"async\" width=\"1024\" height=\"768\" src=\"https:\/\/visionciudadana.com.mx\/oficial\/wp-content\/uploads\/2026\/04\/6c8b0531-81ba-4521-92cf-5f311a6e3a29-1024x768.jpg\" class=\"wp-image-41512\" srcset=\"https:\/\/visionciudadana.com.mx\/oficial\/wp-content\/uploads\/2026\/04\/6c8b0531-81ba-4521-92cf-5f311a6e3a29-1024x768.jpg 1024w, https:\/\/visionciudadana.com.mx\/oficial\/wp-content\/uploads\/2026\/04\/6c8b0531-81ba-4521-92cf-5f311a6e3a29-300x225.jpg 300w, https:\/\/visionciudadana.com.mx\/oficial\/wp-content\/uploads\/2026\/04\/6c8b0531-81ba-4521-92cf-5f311a6e3a29-768x576.jpg 768w, https:\/\/visionciudadana.com.mx\/oficial\/wp-content\/uploads\/2026\/04\/6c8b0531-81ba-4521-92cf-5f311a6e3a29.jpg 1332w\" sizes=\"(max-width: 1024px) 100vw, 1024px\" \/><\/figure>\n\n\n\n<p>Culiac\u00e1n, Sinaloa; abril 25 de 2026.- Especialistas en medicina del trabajo del Instituto Mexicano del Seguro Social (IMSS) realizaron un acompa\u00f1amiento a la Comisi\u00f3n de Seguridad e Higiene del Trabajo Local de la Torre Acad\u00e9mica Culiac\u00e1n de la Universidad Aut\u00f3noma de Sinaloa (UAS), inform\u00f3 el maestro Jorge Amid Castellanos Navarro, titular de la Direcci\u00f3n de Prestaciones Sociales.<\/p>\n\n\n\n<p>En un esfuerzo por garantizar espacios seguros, el integrante del Gabinete Laboral de la UAS resalt\u00f3 que se busca detectar \u00e1reas de oportunidad para la prevenci\u00f3n de riesgos de trabajo, tanto para empleados como para usuarios de este espacio universitario.<\/p>\n\n\n\n<p>\u201cDe acuerdo con la normativa, ellos vienen a asesorarnos para que todo lo relacionado con el sistema el\u00e9ctrico, maquinaria, escaleras y cualquier situaci\u00f3n que pueda generar un riesgo laboral sea revisado. Nos har\u00e1n observaciones en las que tendremos que trabajar para solventar cualquier observaci\u00f3n u obstrucci\u00f3n que se presente\u201d, explic\u00f3 Castellanos Navarro.<\/p>\n\n\n\n<p>Como parte de este acompa\u00f1amiento, se realiz\u00f3 un recorrido por las instalaciones de la Torre Acad\u00e9mica para evaluar factores de riesgo f\u00edsicos, sanitarios y ergon\u00f3micos. Esto en cumplimiento con la Norma Oficial Mexicana NOM-019-STPS, la cual establece los requisitos para la constituci\u00f3n, integraci\u00f3n, organizaci\u00f3n y funcionamiento de las Comisiones de Seguridad e Higiene (CSH) en los centros de trabajo.<\/p>\n\n\n\n<p>Por su parte, la ingeniera Argelia Donaj\u00ed Ruiz G\u00e1ndara, especialista en seguridad del trabajo, indic\u00f3 que desde 2023 la UAS colabora con el IMSS a trav\u00e9s del programa ELSSA (Entornos Laborales Seguros y Saludables) para activar estas comisiones. Tras el recorrido, reconoci\u00f3 que la universidad cumple con las condiciones necesarias para salvaguardar la integridad de las personas.<\/p>\n\n\n\n<p>\u201cEn t\u00e9rminos generales est\u00e1n muy bien. Existen algunos detalles y \u00e1reas de oportunidad en zonas de acceso al p\u00fablico y personal externo; son puntos que podr\u00edan parecer menores, pero que en una situaci\u00f3n de emergencia marcan la diferencia. Se pueden resolver con facilidad, pues las instalaciones est\u00e1n en muy buen estado\u201d, expres\u00f3 Ruiz G\u00e1ndara.<\/p>\n\n\n\n<p><\/p>\n\n\n\n<p><\/p>\n\n\n\n<p><\/p>\n\n\n\n<p><\/p>\n\n\n\n<p>REDACCI\u00d3N\/VISION CIUDADANA. <\/p>\n","protected":false},"excerpt":{"rendered":"<p>Culiac\u00e1n, Sinaloa; abril 25 de 2026.- Especialistas en medicina del trabajo del Instituto Mexicano del Seguro Social (IMSS) realizaron un acompa\u00f1amiento a la Comisi\u00f3n de Seguridad e Higiene del Trabajo Local de la Torre Acad\u00e9mica Culiac\u00e1n de la Universidad Aut\u00f3noma de Sinaloa (UAS), inform\u00f3 el maestro Jorge Amid Castellanos Navarro, titular de la Direcci\u00f3n de [&hellip;]<\/p>\n","protected":false},"author":11,"featured_media":41513,"comment_status":"closed","ping_status":"closed","sticky":false,"template":"","format":"standard","meta":{"footnotes":""},"categories":[13],"tags":[],"ppma_author":[42],"class_list":["post-41514","post","type-post","status-publish","format-standard","has-post-thumbnail","hentry","category-locales"],"aioseo_notices":[],"authors":[{"term_id":42,"user_id":11,"is_guest":0,"slug":"celinavision","display_name":"Redacci\u00f3n Vision Ciudadana","avatar_url":"https:\/\/secure.gravatar.com\/avatar\/5974f79b452df50dc11600a3c0f261022fc34eb0879d83b503e86107cd3e64cc?s=96&d=mm&r=g","0":null,"1":"","2":"","3":"","4":"","5":"","6":"","7":"","8":""}],"_links":{"self":[{"href":"https:\/\/visionciudadana.com.mx\/oficial\/wp-json\/wp\/v2\/posts\/41514","targetHints":{"allow":["GET"]}}],"collection":[{"href":"https:\/\/visionciudadana.com.mx\/oficial\/wp-json\/wp\/v2\/posts"}],"about":[{"href":"https:\/\/visionciudadana.com.mx\/oficial\/wp-json\/wp\/v2\/types\/post"}],"author":[{"embeddable":true,"href":"https:\/\/visionciudadana.com.mx\/oficial\/wp-json\/wp\/v2\/users\/11"}],"replies":[{"embeddable":true,"href":"https:\/\/visionciudadana.com.mx\/oficial\/wp-json\/wp\/v2\/comments?post=41514"}],"version-history":[{"count":1,"href":"https:\/\/visionciudadana.com.mx\/oficial\/wp-json\/wp\/v2\/posts\/41514\/revisions"}],"predecessor-version":[{"id":41515,"href":"https:\/\/visionciudadana.com.mx\/oficial\/wp-json\/wp\/v2\/posts\/41514\/revisions\/41515"}],"wp:featuredmedia":[{"embeddable":true,"href":"https:\/\/visionciudadana.com.mx\/oficial\/wp-json\/wp\/v2\/media\/41513"}],"wp:attachment":[{"href":"https:\/\/visionciudadana.com.mx\/oficial\/wp-json\/wp\/v2\/media?parent=41514"}],"wp:term":[{"taxonomy":"category","embeddable":true,"href":"https:\/\/visionciudadana.com.mx\/oficial\/wp-json\/wp\/v2\/categories?post=41514"},{"taxonomy":"post_tag","embeddable":true,"href":"https:\/\/visionciudadana.com.mx\/oficial\/wp-json\/wp\/v2\/tags?post=41514"},{"taxonomy":"author","embeddable":true,"href":"https:\/\/visionciudadana.com.mx\/oficial\/wp-json\/wp\/v2\/ppma_author?post=41514"}],"curies":[{"name":"wp","href":"https:\/\/api.w.org\/{rel}","templated":true}]}}