{"id":41357,"date":"2026-04-20T08:20:13","date_gmt":"2026-04-20T15:20:13","guid":{"rendered":"https:\/\/visionciudadana.com.mx\/oficial\/?p=41357"},"modified":"2026-04-20T08:20:13","modified_gmt":"2026-04-20T15:20:13","slug":"el-caballo-negrojuan-de-dios-gamez-mendivil","status":"publish","type":"post","link":"https:\/\/visionciudadana.com.mx\/oficial\/2026\/04\/20\/el-caballo-negrojuan-de-dios-gamez-mendivil\/","title":{"rendered":"EL CABALLO NEGRO\u2026JUAN DE DIOS G\u00c1MEZ MEND\u00cdVIL"},"content":{"rendered":"<p><img decoding=\"async\" class=\"alignnone size-medium wp-image-41358\" src=\"https:\/\/visionciudadana.com.mx\/oficial\/wp-content\/uploads\/2026\/04\/Jose-Luis-Lopez-Duarte-2-300x147.jpg\" alt=\"\" width=\"300\" height=\"147\" srcset=\"https:\/\/visionciudadana.com.mx\/oficial\/wp-content\/uploads\/2026\/04\/Jose-Luis-Lopez-Duarte-2-300x147.jpg 300w, https:\/\/visionciudadana.com.mx\/oficial\/wp-content\/uploads\/2026\/04\/Jose-Luis-Lopez-Duarte-2.jpg 450w\" sizes=\"(max-width: 300px) 100vw, 300px\" \/>El camino tortuoso y plagado de maniobras maquiav\u00e9licas que el gobernador Rub\u00e9n Rocha ha construido para designar \u2014m\u00e1s bien imponer\u2014 a su sucesor dentro de Morena comienza a mostrarse con una claridad que ni \u00e9l mismo podr\u00eda negar. No es obra de la casualidad que los primeros en salir del tablero hayan sido Jes\u00fas Estrada, \u201cel qu\u00edmico\u00bb Ben\u00edtez, H\u00e9ctor Cu\u00e9n y Gerardo Vargas ; era s\u00f3lo el comienzo de un despeje despiadado hacia su objetivo final: hacer brillar con luz propia a su ahijado, Juan de Dios G\u00e1mez Mend\u00edvil, actual presidente municipal de Culiac\u00e1n.<\/p>\n<p>&nbsp;<\/p>\n<p>Desde antes de tomar posesi\u00f3n, Rocha no se anduvo con medias tintas ni juegos inocentes. Dibuj\u00f3 un equipo de gobierno digno de un aut\u00f3crata moderno y teji\u00f3 alianzas con los grupos principales del PRI en Sinaloa, una jugada maestra que hoy le permite manejar los hilos del poder como si fuera un titiritero consumado. Pero no se detuvo ah\u00ed; junt\u00f3 a los pesos pesados econ\u00f3micos del estado \u2014el grupo Coppel con su abultada cartera de 43,000 millones de d\u00f3lares, Jes\u00fas Vizcarra y la familia Kuroda, junto con otros comerciantes del poder\u2014 para cerrar esa famosa \u00abpinza pol\u00edtica\u00bb que casi garantiza el control absoluto sobre las candidaturas de Morena y sus aliados, PT y Verde Ecologista.<\/p>\n<p>&nbsp;<\/p>\n<p>\u00bfQui\u00e9n puede dudar de la lealtad inquebrantable de Rocha a L\u00f3pez Obrador? Ese romance pol\u00edtico que incluso jug\u00f3 con la precandidatura del senador Augusto L\u00f3pez, deja claro que la relaci\u00f3n con Palacio Nacional es un plus que fortalece la posici\u00f3n del gobernador. Y la imagen que circul\u00f3 tras la visita del Consejo Nacional de Seguridad a Sinaloa es la evidencia fotogr\u00e1fica que resume esta combinaci\u00f3n letal de poder pol\u00edtico y econ\u00f3mico. Dicha foto no es mera casualidad; es el s\u00edmbolo de toda una estrategia para garantizar que el pr\u00f3ximo abanderado de Morena en la entidad lleve el sello rochista al cien por ciento.<\/p>\n<p>&nbsp;<\/p>\n<p>El grupo de Jes\u00fas Vizcarra, fiel escudero del gobernador, no tiene intenciones de desviarse ni un mil\u00edmetro de ese plan; y qu\u00e9 decir del gigante Coppel, que no solo domina por su poder econ\u00f3mico, sino que tambi\u00e9n juega duro en la arena pol\u00edtica, hasta el punto de haber apoyado en ocasiones a la oposici\u00f3n al PRI cuando este ten\u00eda el poder. Esa alianza con la presidencia, reflejada en proyectos como la fabricaci\u00f3n de 40 millones de pares de calzado para frenar la penetraci\u00f3n china en el mercado local, no es m\u00e1s que otro engranaje en la m\u00e1quina de poder que Rocha opera con precisi\u00f3n quir\u00fargica.<\/p>\n<p>&nbsp;<\/p>\n<p>El mensaje, tan expl\u00edcito como un pu\u00f1etazo en la cara, es que el rochismo va con todo para promover a Juan de Dios G\u00e1mez, blind\u00e1ndolo con el respaldo no solo pol\u00edtico sino econ\u00f3mico e institucional. Y si alguien piensa que el escenario cambiar\u00e1 porque aparezca otro candidato o candidata, que se prepare para una dosis de realidad cruda: el poder concentrado all\u00ed decidir\u00e1 al ungido, sin importar las voces dispersas en colonias, rancher\u00edas o grafitis improvisados.<\/p>\n<p>&nbsp;<\/p>\n<p>Quedan ocho meses para conocer a los candidatos a la gubernatura, un tiempo corto si consideramos el tama\u00f1o de los amarres y negociaciones que verdaderamente importan. Aqu\u00ed no vale andar correteando ilusiones; lo que se est\u00e1 cocinando en las entra\u00f1as del poder pol\u00edtico sinaloense es una alianza que promete ser poco convencional, pero brutal en su efectividad. En estos tiempos donde no hay elecciones presidenciales, el peso de los gobernadores ser\u00e1 decisivo, y pinta para que Rocha termine poniendo la \u00faltima palabra en qui\u00e9n ser\u00e1 su relevo.<\/p>\n<p>&nbsp;<\/p>\n<p>As\u00ed que ya saben, la pol\u00edtica en Sinaloa no es un juego limpio ni una competencia democr\u00e1tica abierta. Es el tablero personal de un gobernador que ha sabido acumular tanto poder que ahora tiene en sus manos la llave para abrir \u2014o cerrar\u2014 la puerta de la gubernatura para quien mejor sirva a sus intereses. Y mientras algunos est\u00e1n pintando bardas, otros ya est\u00e1n haciendo los amarres que realmente cuentan. al tiempo.<\/p>\n","protected":false},"excerpt":{"rendered":"<p>El camino tortuoso y plagado de maniobras maquiav\u00e9licas que el gobernador Rub\u00e9n Rocha ha construido para designar \u2014m\u00e1s bien imponer\u2014 a su sucesor dentro de Morena comienza a mostrarse con una claridad que ni \u00e9l mismo podr\u00eda negar. No es obra de la casualidad que los primeros en salir del tablero hayan sido Jes\u00fas Estrada, [&hellip;]<\/p>\n","protected":false},"author":5,"featured_media":41223,"comment_status":"closed","ping_status":"closed","sticky":false,"template":"","format":"standard","meta":{"footnotes":""},"categories":[21],"tags":[],"ppma_author":[38],"class_list":["post-41357","post","type-post","status-publish","format-standard","has-post-thumbnail","hentry","category-jose-luis-lopez-duarte"],"aioseo_notices":[],"authors":[{"term_id":38,"user_id":5,"is_guest":0,"slug":"jose-luis-lopez-duarte","display_name":"Jos\u00e9 Luis L\u00f3pez Duarte","avatar_url":{"url":"https:\/\/visionciudadana.com.mx\/oficial\/wp-content\/uploads\/2021\/03\/columna-joseluis.png","url2x":"https:\/\/visionciudadana.com.mx\/oficial\/wp-content\/uploads\/2021\/03\/columna-joseluis.png"},"0":null,"1":"","2":"","3":"","4":"","5":"","6":"","7":"","8":""}],"_links":{"self":[{"href":"https:\/\/visionciudadana.com.mx\/oficial\/wp-json\/wp\/v2\/posts\/41357","targetHints":{"allow":["GET"]}}],"collection":[{"href":"https:\/\/visionciudadana.com.mx\/oficial\/wp-json\/wp\/v2\/posts"}],"about":[{"href":"https:\/\/visionciudadana.com.mx\/oficial\/wp-json\/wp\/v2\/types\/post"}],"author":[{"embeddable":true,"href":"https:\/\/visionciudadana.com.mx\/oficial\/wp-json\/wp\/v2\/users\/5"}],"replies":[{"embeddable":true,"href":"https:\/\/visionciudadana.com.mx\/oficial\/wp-json\/wp\/v2\/comments?post=41357"}],"version-history":[{"count":1,"href":"https:\/\/visionciudadana.com.mx\/oficial\/wp-json\/wp\/v2\/posts\/41357\/revisions"}],"predecessor-version":[{"id":41359,"href":"https:\/\/visionciudadana.com.mx\/oficial\/wp-json\/wp\/v2\/posts\/41357\/revisions\/41359"}],"wp:featuredmedia":[{"embeddable":true,"href":"https:\/\/visionciudadana.com.mx\/oficial\/wp-json\/wp\/v2\/media\/41223"}],"wp:attachment":[{"href":"https:\/\/visionciudadana.com.mx\/oficial\/wp-json\/wp\/v2\/media?parent=41357"}],"wp:term":[{"taxonomy":"category","embeddable":true,"href":"https:\/\/visionciudadana.com.mx\/oficial\/wp-json\/wp\/v2\/categories?post=41357"},{"taxonomy":"post_tag","embeddable":true,"href":"https:\/\/visionciudadana.com.mx\/oficial\/wp-json\/wp\/v2\/tags?post=41357"},{"taxonomy":"author","embeddable":true,"href":"https:\/\/visionciudadana.com.mx\/oficial\/wp-json\/wp\/v2\/ppma_author?post=41357"}],"curies":[{"name":"wp","href":"https:\/\/api.w.org\/{rel}","templated":true}]}}