{"id":41236,"date":"2026-04-16T08:37:34","date_gmt":"2026-04-16T15:37:34","guid":{"rendered":"https:\/\/visionciudadana.com.mx\/oficial\/?p=41236"},"modified":"2026-04-16T08:37:34","modified_gmt":"2026-04-16T15:37:34","slug":"imelda-y-los-cuentos-de-la-4t-por-donde-salta-la-chiva-vieja","status":"publish","type":"post","link":"https:\/\/visionciudadana.com.mx\/oficial\/2026\/04\/16\/imelda-y-los-cuentos-de-la-4t-por-donde-salta-la-chiva-vieja\/","title":{"rendered":"IMELDA Y LOS CUENTOS DE LA 4T\u2026..POR DONDE SALTA LA CHIVA VIEJA&#8230;"},"content":{"rendered":"<p><img decoding=\"async\" class=\"alignnone size-medium wp-image-41222\" src=\"https:\/\/visionciudadana.com.mx\/oficial\/wp-content\/uploads\/2026\/04\/Jose-Luis-Lopez-Duarte-1-300x147.jpg\" alt=\"\" width=\"300\" height=\"147\" srcset=\"https:\/\/visionciudadana.com.mx\/oficial\/wp-content\/uploads\/2026\/04\/Jose-Luis-Lopez-Duarte-1-300x147.jpg 300w, https:\/\/visionciudadana.com.mx\/oficial\/wp-content\/uploads\/2026\/04\/Jose-Luis-Lopez-Duarte-1.jpg 450w\" sizes=\"(max-width: 300px) 100vw, 300px\" \/>* Para el amigo Isfa Leal Salazar y toda su familia, nuestra solidaridad por la p\u00e9rdida de su querida madre, nuestra querida amiga Fany Salazar. DEP.<\/p>\n<p>&nbsp;<\/p>\n<p>&nbsp;<\/p>\n<p>La campa\u00f1a electoral del 2027 ya arranc\u00f3 y, como buen espect\u00e1culo a la 4T, desde que llegaron nos han acostumbrado a que aqu\u00ed no hay regla, ni ley ni autoridad electoral que valga. Desde junio de 2022, pasando por todo 2023 y hasta junio de 2024, Morena y su gobierno han montado un show electoral digno de circo romano: primero nominaron a Claudia Sheinbaum \u2014porque s\u00ed, porque ellos mandan\u2014 luego organizaron su elecci\u00f3n de Estado con la maestr\u00eda del artista de la trampa y, para cerrar con broche de oro, violaron la legitimidad del Congreso de la Uni\u00f3n con una sobre representaci\u00f3n grotesca. Todo esto, claro est\u00e1, sin que nadie les pida permiso; la 4T es due\u00f1a y se\u00f1ora de las instituciones y se comporta como tal.<\/p>\n<p>&nbsp;<\/p>\n<p>Hoy la ruta es m\u00e1s o menos igualita. A principios de marzo su consejo nacional dio el grito de salida para asignar delegados en todos los niveles electorales en junio, quienes ya son, de hecho, los pretensos candidatos. Nada es casualidad: todo est\u00e1 decidido, financiado y operado desde los gobiernos morenistas, con programas sociales que para septiembre habr\u00e1n alcanzado a 38 millones de mexicanos, casi el 40% de la poblaci\u00f3n. Es la f\u00f3rmula para asegurar votos y mantener el poder sin importar lo legal o ilegal que resulte. Al INE lo reducen a la mera respuesta simb\u00f3lica, con la frase m\u00e1gica: \u201cNada m\u00e1s que respetan los lineamientos de la ley\u201d. Pero, \u00bfqu\u00e9 ley? La que dicta la 4T, todo lo dem\u00e1s es mero tr\u00e1mite.<\/p>\n<p>&nbsp;<\/p>\n<p>En Sinaloa, por ejemplo, el gobernador Rub\u00e9n Rocha se volvi\u00f3 el \u2018fact\u00f3tum\u2019 pol\u00edtico de Morena, moviendo piezas y decidiendo candidaturas municipales y distritales a su antojo, sometiendo o expulsando a aliados inc\u00f3modos. Los aspirantes bailan al son que \u00e9l marca, excepto quiz\u00e1 Melda Castro, que ha logrado construir alianzas con grupos nacionales y la c\u00fapula presidencial, coloc\u00e1ndose como precandidata fuerte, aunque a\u00fan por debajo del gobernador.<\/p>\n<p>&nbsp;<\/p>\n<p>Este choque interno se expresa claramente en el conflicto entre diputados locales y el grupo mayoritario de Morena, sobre el despido abusivo de la responsable de la unidad t\u00e9cnica de evaluaci\u00f3n del Congreso. La respuesta del poder fue r\u00e1pida: una denuncia contra la diputada Imelda Castro por actos anticipados de campa\u00f1a, promovida desde el Tribunal Estatal Electoral, \u00edntimamente coordinado con Palacio de Gobierno. As\u00ed, el gobierno controla y somete los actos pol\u00edticos no afines, dejando ver la torpeza pol\u00edtica y abuso de poder que desnuda la maquinaria electoral morenista.<\/p>\n<p>&nbsp;<\/p>\n<p>Mientras tanto, personajes como Feliciano Castro juegan a promotores culturales m\u00e1s que pol\u00edticos, en un escenario donde se estimula y hasta se obliga a realizar actos preelectorales, sin mayor consecuencia m\u00e1s que la aceptaci\u00f3n sumisa.<\/p>\n<p>&nbsp;<\/p>\n<p>En resumen, lo que se viene es m\u00e1s de lo mismo: campa\u00f1as adelantadas, control f\u00e9rreo desde el gobierno, manipulaci\u00f3n de las instituciones y un sistema electoral convertido en teatro para legitimar lo que la 4T ya decidi\u00f3. Los reacomodos pol\u00edticos est\u00e1n en marcha y aunque algunos intentan diferenciarse, la mayor\u00eda seguir\u00e1 la l\u00ednea marcada desde arriba.<\/p>\n<p>&nbsp;<\/p>\n<p>As\u00ed es la democracia morenista: un espejismo de legalidad que solo sirve para perpetuar un r\u00e9gimen autoritario disfrazado de revoluci\u00f3n. Esta historia se repite y la funci\u00f3n no tiene final anunciado, solo act\u00faan y nosotros a aguantar el show.<\/p>\n","protected":false},"excerpt":{"rendered":"<p>* Para el amigo Isfa Leal Salazar y toda su familia, nuestra solidaridad por la p\u00e9rdida de su querida madre, nuestra querida amiga Fany Salazar. DEP. &nbsp; &nbsp; La campa\u00f1a electoral del 2027 ya arranc\u00f3 y, como buen espect\u00e1culo a la 4T, desde que llegaron nos han acostumbrado a que aqu\u00ed no hay regla, ni [&hellip;]<\/p>\n","protected":false},"author":5,"featured_media":41223,"comment_status":"closed","ping_status":"closed","sticky":false,"template":"","format":"standard","meta":{"footnotes":""},"categories":[21],"tags":[],"ppma_author":[38],"class_list":["post-41236","post","type-post","status-publish","format-standard","has-post-thumbnail","hentry","category-jose-luis-lopez-duarte"],"aioseo_notices":[],"authors":[{"term_id":38,"user_id":5,"is_guest":0,"slug":"jose-luis-lopez-duarte","display_name":"Jos\u00e9 Luis L\u00f3pez Duarte","avatar_url":{"url":"https:\/\/visionciudadana.com.mx\/oficial\/wp-content\/uploads\/2021\/03\/columna-joseluis.png","url2x":"https:\/\/visionciudadana.com.mx\/oficial\/wp-content\/uploads\/2021\/03\/columna-joseluis.png"},"0":null,"1":"","2":"","3":"","4":"","5":"","6":"","7":"","8":""}],"_links":{"self":[{"href":"https:\/\/visionciudadana.com.mx\/oficial\/wp-json\/wp\/v2\/posts\/41236","targetHints":{"allow":["GET"]}}],"collection":[{"href":"https:\/\/visionciudadana.com.mx\/oficial\/wp-json\/wp\/v2\/posts"}],"about":[{"href":"https:\/\/visionciudadana.com.mx\/oficial\/wp-json\/wp\/v2\/types\/post"}],"author":[{"embeddable":true,"href":"https:\/\/visionciudadana.com.mx\/oficial\/wp-json\/wp\/v2\/users\/5"}],"replies":[{"embeddable":true,"href":"https:\/\/visionciudadana.com.mx\/oficial\/wp-json\/wp\/v2\/comments?post=41236"}],"version-history":[{"count":1,"href":"https:\/\/visionciudadana.com.mx\/oficial\/wp-json\/wp\/v2\/posts\/41236\/revisions"}],"predecessor-version":[{"id":41241,"href":"https:\/\/visionciudadana.com.mx\/oficial\/wp-json\/wp\/v2\/posts\/41236\/revisions\/41241"}],"wp:featuredmedia":[{"embeddable":true,"href":"https:\/\/visionciudadana.com.mx\/oficial\/wp-json\/wp\/v2\/media\/41223"}],"wp:attachment":[{"href":"https:\/\/visionciudadana.com.mx\/oficial\/wp-json\/wp\/v2\/media?parent=41236"}],"wp:term":[{"taxonomy":"category","embeddable":true,"href":"https:\/\/visionciudadana.com.mx\/oficial\/wp-json\/wp\/v2\/categories?post=41236"},{"taxonomy":"post_tag","embeddable":true,"href":"https:\/\/visionciudadana.com.mx\/oficial\/wp-json\/wp\/v2\/tags?post=41236"},{"taxonomy":"author","embeddable":true,"href":"https:\/\/visionciudadana.com.mx\/oficial\/wp-json\/wp\/v2\/ppma_author?post=41236"}],"curies":[{"name":"wp","href":"https:\/\/api.w.org\/{rel}","templated":true}]}}