{"id":41229,"date":"2026-04-16T08:28:10","date_gmt":"2026-04-16T15:28:10","guid":{"rendered":"https:\/\/visionciudadana.com.mx\/oficial\/?p=41229"},"modified":"2026-04-16T08:28:10","modified_gmt":"2026-04-16T15:28:10","slug":"sergio-torres-o-la-impunidad-cuestionar-o-denostar","status":"publish","type":"post","link":"https:\/\/visionciudadana.com.mx\/oficial\/2026\/04\/16\/sergio-torres-o-la-impunidad-cuestionar-o-denostar\/","title":{"rendered":"SERGIO TORRES O LA IMPUNIDAD\u2026..CUESTIONAR O DENOSTAR"},"content":{"rendered":"<p><img decoding=\"async\" class=\"alignnone size-medium wp-image-41222\" src=\"https:\/\/visionciudadana.com.mx\/oficial\/wp-content\/uploads\/2026\/04\/Jose-Luis-Lopez-Duarte-1-300x147.jpg\" alt=\"\" width=\"300\" height=\"147\" srcset=\"https:\/\/visionciudadana.com.mx\/oficial\/wp-content\/uploads\/2026\/04\/Jose-Luis-Lopez-Duarte-1-300x147.jpg 300w, https:\/\/visionciudadana.com.mx\/oficial\/wp-content\/uploads\/2026\/04\/Jose-Luis-Lopez-Duarte-1.jpg 450w\" sizes=\"(max-width: 300px) 100vw, 300px\" \/>En las circunstancias actuales que enfrenta Sergio Torres, expresidente estatal de Movimiento Ciudadano en Sinaloa, resulta profundamente inapropiado y hasta inmoral polemizar sobre su desempe\u00f1o pol\u00edtico cuando su salud se encuentra gravemente comprometida. La lucha por recuperar su vida no solo es un tema delicado, sino que tambi\u00e9n exige respeto y empat\u00eda por parte de todos, incluyendo sus compa\u00f1eros de militancia y adversarios pol\u00edticos. En este contexto, no comprendo ni comparto la decisi\u00f3n tomada por Movimiento Ciudadano de sustituirlo del cargo sin mostrar la m\u00ednima consideraci\u00f3n hacia su estado de salud. Se pudo haber optado por nombrar un encargado provisional durante el tiempo necesario, una medida prudente y respetuosa que beneficiar\u00eda a Sergio Torres, a su familia y a la propia militancia de su partido.<\/p>\n<p>&nbsp;<\/p>\n<p>Hasta el momento en que fue v\u00edctima del ataque que cambi\u00f3 su vida, Sergio Torres se hab\u00eda consolidado como un l\u00edder indiscutible dentro de la \u00e9lite pol\u00edtica sinaloense. Su trayectoria y compromiso lo distinguen sobremanera, y resulta injusto que su actual situaci\u00f3n se utilice como pretexto para abrir una discusi\u00f3n vac\u00eda y de mal gusto sobre su legado. La pol\u00edtica debe ser un espacio de respeto a quienes han dado mucho por ella, y en este caso, ese respeto deber\u00eda prevalecer por encima de intereses personales o coyunturales.<\/p>\n<p>&nbsp;<\/p>\n<p>Con Sergio Torres fuera de la dirigencia y bajo la conducci\u00f3n cuestionable de quienes manipulan al nuevo dirigente, Sergio \u00abel P\u00edo\u00bb Esquer, Movimiento Ciudadano en Sinaloa no solo pierde un referente clave, sino que tambi\u00e9n pone en riesgo su posicionamiento de cara al pr\u00f3ximo proceso electoral. El protagonismo desmedido exhibido por algunos en estos momentos refleja una falta de sensibilidad y entendimiento de la verdadera dimensi\u00f3n del liderazgo que representa Sergio. En todas las trincheras en las que ha participado, se ha destacado no como uno m\u00e1s, sino como un actor pol\u00edtico de primera l\u00ednea, con una trayectoria marcada por el compromiso y la eficacia.<\/p>\n<p>&nbsp;<\/p>\n<p>Negar o minimizar el valor de un pol\u00edtico de su talla, independientemente del cargo que ocupe en un momento dado, es un error frecuente pero igualmente grave. Este tipo de desaires suelen estar motivados m\u00e1s por c\u00e1lculos medi\u00e1ticos o intereses particulares que por un an\u00e1lisis objetivo y justo. Sergio Torres merece el reconocimiento y el respeto que ha ganado a pulso, y ese mismo respeto debe extenderse a la forma en que se le debe tratar, especialmente en momentos de vulnerabilidad.<\/p>\n<p>&nbsp;<\/p>\n<p>El canibalismo pol\u00edtico y la rapi\u00f1a son malezas da\u00f1inas que deber\u00edan erradicarse de la noble labor pol\u00edtica, especialmente cuando esta se ejerce con aut\u00e9ntica vocaci\u00f3n de servicio y deseo genuino de aportar a la sociedad. No podemos permitir que oportunistas o intereses mezquinos empa\u00f1en la trayectoria de quienes han trabajado con dedicaci\u00f3n y honestidad.<\/p>\n<p>&nbsp;<\/p>\n<p>El proceso de convalecencia que atraviesa Sergio Torres es de tal magnitud que, lamentablemente, su regreso a la vida pol\u00edtica inmediata parece improbable. Por ello, cualquier debate p\u00fablico sobre su calidad como ser humano y servidor p\u00fablico resulta no solo inoportuno, sino tambi\u00e9n doloroso para \u00e9l, su familia y sus amigos, quienes luchan d\u00eda con d\u00eda por su recuperaci\u00f3n.<\/p>\n<p>&nbsp;<\/p>\n<p>Finalmente, debe reconocerse la importancia de una pluralidad pol\u00edtica que fomente un debate intenso, constructivo y respetuoso. Solo as\u00ed podr\u00e1 construirse una sociedad m\u00e1s democr\u00e1tica, con gobiernos realmente responsables, comprometidos y eficaces. Ese deber\u00eda ser nuestro mayor anhelo y el mejor mensaje de apoyo para quien hoy nos inspira a no rendirnos ante la adversidad. \u00c1nimo, Sergio.<\/p>\n","protected":false},"excerpt":{"rendered":"<p>En las circunstancias actuales que enfrenta Sergio Torres, expresidente estatal de Movimiento Ciudadano en Sinaloa, resulta profundamente inapropiado y hasta inmoral polemizar sobre su desempe\u00f1o pol\u00edtico cuando su salud se encuentra gravemente comprometida. La lucha por recuperar su vida no solo es un tema delicado, sino que tambi\u00e9n exige respeto y empat\u00eda por parte de [&hellip;]<\/p>\n","protected":false},"author":5,"featured_media":41223,"comment_status":"closed","ping_status":"closed","sticky":false,"template":"","format":"standard","meta":{"footnotes":""},"categories":[21],"tags":[],"ppma_author":[38],"class_list":["post-41229","post","type-post","status-publish","format-standard","has-post-thumbnail","hentry","category-jose-luis-lopez-duarte"],"aioseo_notices":[],"authors":[{"term_id":38,"user_id":5,"is_guest":0,"slug":"jose-luis-lopez-duarte","display_name":"Jos\u00e9 Luis L\u00f3pez Duarte","avatar_url":{"url":"https:\/\/visionciudadana.com.mx\/oficial\/wp-content\/uploads\/2021\/03\/columna-joseluis.png","url2x":"https:\/\/visionciudadana.com.mx\/oficial\/wp-content\/uploads\/2021\/03\/columna-joseluis.png"},"0":null,"1":"","2":"","3":"","4":"","5":"","6":"","7":"","8":""}],"_links":{"self":[{"href":"https:\/\/visionciudadana.com.mx\/oficial\/wp-json\/wp\/v2\/posts\/41229","targetHints":{"allow":["GET"]}}],"collection":[{"href":"https:\/\/visionciudadana.com.mx\/oficial\/wp-json\/wp\/v2\/posts"}],"about":[{"href":"https:\/\/visionciudadana.com.mx\/oficial\/wp-json\/wp\/v2\/types\/post"}],"author":[{"embeddable":true,"href":"https:\/\/visionciudadana.com.mx\/oficial\/wp-json\/wp\/v2\/users\/5"}],"replies":[{"embeddable":true,"href":"https:\/\/visionciudadana.com.mx\/oficial\/wp-json\/wp\/v2\/comments?post=41229"}],"version-history":[{"count":1,"href":"https:\/\/visionciudadana.com.mx\/oficial\/wp-json\/wp\/v2\/posts\/41229\/revisions"}],"predecessor-version":[{"id":41230,"href":"https:\/\/visionciudadana.com.mx\/oficial\/wp-json\/wp\/v2\/posts\/41229\/revisions\/41230"}],"wp:featuredmedia":[{"embeddable":true,"href":"https:\/\/visionciudadana.com.mx\/oficial\/wp-json\/wp\/v2\/media\/41223"}],"wp:attachment":[{"href":"https:\/\/visionciudadana.com.mx\/oficial\/wp-json\/wp\/v2\/media?parent=41229"}],"wp:term":[{"taxonomy":"category","embeddable":true,"href":"https:\/\/visionciudadana.com.mx\/oficial\/wp-json\/wp\/v2\/categories?post=41229"},{"taxonomy":"post_tag","embeddable":true,"href":"https:\/\/visionciudadana.com.mx\/oficial\/wp-json\/wp\/v2\/tags?post=41229"},{"taxonomy":"author","embeddable":true,"href":"https:\/\/visionciudadana.com.mx\/oficial\/wp-json\/wp\/v2\/ppma_author?post=41229"}],"curies":[{"name":"wp","href":"https:\/\/api.w.org\/{rel}","templated":true}]}}