{"id":41221,"date":"2026-04-16T08:17:06","date_gmt":"2026-04-16T15:17:06","guid":{"rendered":"https:\/\/visionciudadana.com.mx\/oficial\/?p=41221"},"modified":"2026-04-16T08:18:33","modified_gmt":"2026-04-16T15:18:33","slug":"las-cuentas-y-los-cuentos-como-se-le-complica","status":"publish","type":"post","link":"https:\/\/visionciudadana.com.mx\/oficial\/2026\/04\/16\/las-cuentas-y-los-cuentos-como-se-le-complica\/","title":{"rendered":"LAS CUENTAS Y LOS CUENTOS\u2026..COMO SE LE COMPLICA"},"content":{"rendered":"<p><img decoding=\"async\" class=\"alignnone size-medium wp-image-41222\" src=\"https:\/\/visionciudadana.com.mx\/oficial\/wp-content\/uploads\/2026\/04\/Jose-Luis-Lopez-Duarte-1-300x147.jpg\" alt=\"\" width=\"300\" height=\"147\" srcset=\"https:\/\/visionciudadana.com.mx\/oficial\/wp-content\/uploads\/2026\/04\/Jose-Luis-Lopez-Duarte-1-300x147.jpg 300w, https:\/\/visionciudadana.com.mx\/oficial\/wp-content\/uploads\/2026\/04\/Jose-Luis-Lopez-Duarte-1.jpg 450w\" sizes=\"(max-width: 300px) 100vw, 300px\" \/>Ayer, en un medio estatal, \u201cEl Debate\u201d ofreci\u00f3 un an\u00e1lisis que, m\u00e1s que profundizar en el desempe\u00f1o del gobernador Rub\u00e9n Rocha, se centr\u00f3 en su vestimenta y en cuestionar por qu\u00e9, despu\u00e9s de cuatro a\u00f1os, apenas estar\u00eda comenzando su gobierno. Este enfoque no solo resulta superficial, sino que desv\u00eda la atenci\u00f3n de aspectos sustanciales y contextuales que sobran para hacer un juicio informado sobre su gesti\u00f3n y ofrecer a la sociedad una idea clara de lo que ha significado su administraci\u00f3n.<\/p>\n<p>&nbsp;<\/p>\n<p>El lunes pasado, Rocha emprendi\u00f3 uno de sus esfuerzos m\u00e1s complicados: tratar de explicar la pol\u00e9mica en torno a la adquisici\u00f3n de despensas para el DIF estatal. Un tema que deber\u00eda haberse abordado en una instancia competente, capaz de determinar si hubo irregularidades y si el gobernador estaba enterado, para actuar en consecuencia. Sin embargo, esta explicaci\u00f3n evidenci\u00f3 que Rocha est\u00e1 solo o, en todo caso, que no escucha a nadie. Esta situaci\u00f3n refleja, m\u00e1s all\u00e1 del tema puntual, un gobierno en crisis, con fallas en la comunicaci\u00f3n y en la conducci\u00f3n administrativa.<\/p>\n<p>&nbsp;<\/p>\n<p>Ejemplo de esta crisis es la gesti\u00f3n de la crisis agr\u00edcola en 2023, cuando Sinaloa enfrent\u00f3 una grave dificultad con el precio de la cosecha de ma\u00edz. Fue AMLO quien, al orientar que los productores sembraran sin restricci\u00f3n, dej\u00f3 en manos del gobierno estatal la responsabilidad de garantizar precios justos. La respuesta fue un apoyo econ\u00f3mico de 2,000 pesos por tonelada, que permiti\u00f3 la compra de 700,000 toneladas a unos 20,000 peque\u00f1os productores. Esta medida benefici\u00f3 a muchos pero llev\u00f3 al endeudamiento del estado, de cuya recuperaci\u00f3n y manejo financiero nunca ha habido cuentas claras ni exigencias contundentes por parte del Congreso local o la Auditor\u00eda Superior del Estado (ASE).<\/p>\n<p>&nbsp;<\/p>\n<p>Este manejo financiero podr\u00eda explicar la preocupante disminuci\u00f3n del patrimonio estatal, que cay\u00f3 de 14,600 millones en 2022 a 12,300 millones en 2025. Una brecha patrimonial negativa que sigue sin explicaciones p\u00fablicas sobre su origen ni destino. \u00bfSer\u00e1 resultado de las p\u00e9rdidas generadas en la operaci\u00f3n de compra de ma\u00edz? Si as\u00ed fuera, lo correcto ser\u00eda informar con transparencia sobre las mermas, gastos de almacenaje y otros factores involucrados, sin evadir responsabilidades ni minimizar las consecuencias.<\/p>\n<p>&nbsp;<\/p>\n<p>En definitiva, un gobierno sano debe privilegiar la claridad y rendici\u00f3n de cuentas ante la sociedad, especialmente cuando se hacen esfuerzos por apoyar sectores vulnerables como los peque\u00f1os productores rurales. No siempre las acciones gubernamentales arrojan resultados \u00f3ptimos, pero lo que nunca puede faltar son explicaciones claras, fundamentadas y oportunas. La falta de ellas mina la confianza y profundiza la percepci\u00f3n de crisis. En este sentido, el an\u00e1lisis superfluo que propone \u201cEl Debate\u201d resulta insuficiente y hasta contraproducente. La ciudadan\u00eda merece que se hable de hechos, datos y gesti\u00f3n real, no de colores de zapatos ni de estilos personales. Solo as\u00ed podr\u00e1 formarse un juicio aut\u00e9ntico sobre el rumbo del gobierno de Rub\u00e9n Rocha y su impacto en Sinaloa.<\/p>\n<p>&nbsp;<\/p>\n","protected":false},"excerpt":{"rendered":"<p>Ayer, en un medio estatal, \u201cEl Debate\u201d ofreci\u00f3 un an\u00e1lisis que, m\u00e1s que profundizar en el desempe\u00f1o del gobernador Rub\u00e9n Rocha, se centr\u00f3 en su vestimenta y en cuestionar por qu\u00e9, despu\u00e9s de cuatro a\u00f1os, apenas estar\u00eda comenzando su gobierno. Este enfoque no solo resulta superficial, sino que desv\u00eda la atenci\u00f3n de aspectos sustanciales y [&hellip;]<\/p>\n","protected":false},"author":5,"featured_media":41223,"comment_status":"closed","ping_status":"closed","sticky":false,"template":"","format":"standard","meta":{"footnotes":""},"categories":[21],"tags":[],"ppma_author":[38],"class_list":["post-41221","post","type-post","status-publish","format-standard","has-post-thumbnail","hentry","category-jose-luis-lopez-duarte"],"aioseo_notices":[],"authors":[{"term_id":38,"user_id":5,"is_guest":0,"slug":"jose-luis-lopez-duarte","display_name":"Jos\u00e9 Luis L\u00f3pez Duarte","avatar_url":{"url":"https:\/\/visionciudadana.com.mx\/oficial\/wp-content\/uploads\/2021\/03\/columna-joseluis.png","url2x":"https:\/\/visionciudadana.com.mx\/oficial\/wp-content\/uploads\/2021\/03\/columna-joseluis.png"},"0":null,"1":"","2":"","3":"","4":"","5":"","6":"","7":"","8":""}],"_links":{"self":[{"href":"https:\/\/visionciudadana.com.mx\/oficial\/wp-json\/wp\/v2\/posts\/41221","targetHints":{"allow":["GET"]}}],"collection":[{"href":"https:\/\/visionciudadana.com.mx\/oficial\/wp-json\/wp\/v2\/posts"}],"about":[{"href":"https:\/\/visionciudadana.com.mx\/oficial\/wp-json\/wp\/v2\/types\/post"}],"author":[{"embeddable":true,"href":"https:\/\/visionciudadana.com.mx\/oficial\/wp-json\/wp\/v2\/users\/5"}],"replies":[{"embeddable":true,"href":"https:\/\/visionciudadana.com.mx\/oficial\/wp-json\/wp\/v2\/comments?post=41221"}],"version-history":[{"count":1,"href":"https:\/\/visionciudadana.com.mx\/oficial\/wp-json\/wp\/v2\/posts\/41221\/revisions"}],"predecessor-version":[{"id":41224,"href":"https:\/\/visionciudadana.com.mx\/oficial\/wp-json\/wp\/v2\/posts\/41221\/revisions\/41224"}],"wp:featuredmedia":[{"embeddable":true,"href":"https:\/\/visionciudadana.com.mx\/oficial\/wp-json\/wp\/v2\/media\/41223"}],"wp:attachment":[{"href":"https:\/\/visionciudadana.com.mx\/oficial\/wp-json\/wp\/v2\/media?parent=41221"}],"wp:term":[{"taxonomy":"category","embeddable":true,"href":"https:\/\/visionciudadana.com.mx\/oficial\/wp-json\/wp\/v2\/categories?post=41221"},{"taxonomy":"post_tag","embeddable":true,"href":"https:\/\/visionciudadana.com.mx\/oficial\/wp-json\/wp\/v2\/tags?post=41221"},{"taxonomy":"author","embeddable":true,"href":"https:\/\/visionciudadana.com.mx\/oficial\/wp-json\/wp\/v2\/ppma_author?post=41221"}],"curies":[{"name":"wp","href":"https:\/\/api.w.org\/{rel}","templated":true}]}}