{"id":41005,"date":"2026-04-07T19:41:20","date_gmt":"2026-04-08T02:41:20","guid":{"rendered":"https:\/\/visionciudadana.com.mx\/oficial\/?p=41005"},"modified":"2026-04-07T19:41:20","modified_gmt":"2026-04-08T02:41:20","slug":"hoy-paro-nacional-agricultores-y-transportistas","status":"publish","type":"post","link":"https:\/\/visionciudadana.com.mx\/oficial\/2026\/04\/07\/hoy-paro-nacional-agricultores-y-transportistas\/","title":{"rendered":"HOY, PARO NACIONAL\u2026..AGRICULTORES Y TRANSPORTISTAS"},"content":{"rendered":"<p><img decoding=\"async\" class=\"alignnone size-medium wp-image-41006\" src=\"https:\/\/visionciudadana.com.mx\/oficial\/wp-content\/uploads\/2026\/04\/Jose-Luis-Lopez-Duarte-300x147.jpg\" alt=\"\" width=\"300\" height=\"147\" srcset=\"https:\/\/visionciudadana.com.mx\/oficial\/wp-content\/uploads\/2026\/04\/Jose-Luis-Lopez-Duarte-300x147.jpg 300w, https:\/\/visionciudadana.com.mx\/oficial\/wp-content\/uploads\/2026\/04\/Jose-Luis-Lopez-Duarte.jpg 450w\" sizes=\"(max-width: 300px) 100vw, 300px\" \/>Desde octubre de 2025, M\u00e9xico ha sido testigo de una profunda crisis en el sector agropecuario y del transporte que hoy se manifiesta con un paro nacional contundente. Agricultores y transportistas de 22 estados del pa\u00eds colapsaron el sistema carretero con bloqueos y manifestaciones que no solo demandan justicia y atenci\u00f3n, sino que evidencian la incapacidad del gobierno encabezado por Claudia Sheinbaum para responder a las necesidades urgentes de estos sectores estrat\u00e9gicos.<\/p>\n<p>&nbsp;<\/p>\n<p>El movimiento no nace de la noche a la ma\u00f1ana. En octubre pasado, ya se hab\u00eda planteado al gobierno una exigencia clara: garantizar precios rentables para la agricultura y seguridad para los transportistas. La promesa incumplida llev\u00f3 a que en enero pasado se anunciara la continuidad del movimiento y este 6 de abril se materializara, a pesar del boicot orquestado desde hace m\u00e1s de diez d\u00edas por el gobierno federal. Este boicot, siguiendo las pr\u00e1cticas de los gobiernos de la 4T, intent\u00f3 desmovilizar a los estados mediante acuerdos enga\u00f1osos, como los compromisos de pago a productores de frijol y ma\u00edz.<\/p>\n<p>&nbsp;<\/p>\n<p>Un caso emblem\u00e1tico es Zacatecas, donde se anunci\u00f3 una soberan\u00eda alimentaria en frijol que dista mucho de la realidad: la supuesta producci\u00f3n de un mill\u00f3n 200,000 toneladas no cubre ni una fracci\u00f3n del consumo nacional promedio, que ronda las ocho millones. Adem\u00e1s, se prometi\u00f3 la liquidaci\u00f3n de ma\u00edz a m\u00e1s de 32,000 productores en cinco estados con una cifra de 1,900 millones de pesos, un monto que en m\u00faltiples ocasiones ha quedado en promesas incumplidas, como el ejemplo de Sinaloa, donde desde hace dos a\u00f1os los pagos a m\u00e1s de 2,000 productores est\u00e1n pendientes.<\/p>\n<p>&nbsp;<\/p>\n<p>La falta de medidas concretas \u2014que no solo incluyan apoyos puntuales, sino que establezcan un precio garant\u00eda rentable\u2014 profundiza la crisis. Los insumos b\u00e1sicos, como fertilizantes y di\u00e9sel, mantienen precios elevados sin ning\u00fan control estatal. Tampoco existen regulaciones efectivas sobre las importaciones, lo que genera saturaci\u00f3n de los granos en bodegas industriales, especialmente ma\u00edz, cuyo precio ha ca\u00eddo significativamente en Estados Unidos mientras aqu\u00ed reina la incertidumbre. Los di\u00e1logos gubernamentales se han tornado en meras promesas sin acci\u00f3n real, situ\u00e1ndonos en un escenario de desgaste econ\u00f3mico y social palpable.<\/p>\n<p>&nbsp;<\/p>\n<p>Por otro lado, la situaci\u00f3n de los transportistas es cr\u00edtica. Los esfuerzos contra el crimen organizado han provocado un aumento en la violencia territorial, haciendo que el cobro de piso, los robos y secuestros sean una amenaza constante. La complicidad de algunos cuerpos de seguridad con delincuentes agrava a\u00fan m\u00e1s este ambiente hostil, creando un c\u00edrculo vicioso de inseguridad y desprotecci\u00f3n. Todo esto en un contexto en el que los gobiernos de la 4T agotan sus fondos p\u00fablicos y deben recurrir cada vez m\u00e1s al endeudamiento.<\/p>\n<p>&nbsp;<\/p>\n<p>El actual panorama revela un gobierno fracturado, incapaz de aunar esfuerzos entre la federaci\u00f3n y los estados. Se vive una suerte de torre de Babel pol\u00edtica donde las promesas vac\u00edas sustituyen las soluciones reales. El diagn\u00f3stico presentado recientemente por el secretario de Hacienda, que prev\u00e9 un crecimiento nacional de apenas 2%, contrasta con el rendimiento promedio anual del 1% que ha caracterizado a la 4T en siete a\u00f1os, reflejando un estancamiento preocupante.<\/p>\n<p>&nbsp;<\/p>\n<p>Frente a esta realidad, 700 sinaloenses alzaron la voz la semana pasada con un desplegado de apoyo total al paro nacional. Este movimiento es m\u00e1s que una protesta: es un llamado pol\u00edtico nacional contra el fracaso y la inacci\u00f3n gubernamental. Los ciudadanos no pueden ni deben permanecer indiferentes ante los riesgos de una debacle mayor que se cierne sobre el pa\u00eds, m\u00e1xime cuando se preparan elecciones cr\u00edticas para 2027 y la administraci\u00f3n actual insiste en su ruta sin escuchar ni corregir el rumbo.<\/p>\n<p>&nbsp;<\/p>\n<p>Respaldar este movimiento implica hacerlo sin cortapisas ni pretextos pol\u00edticos, rechazando encubrimientos que, por m\u00ednimas que parezcan, s\u00f3lo aumentan la desconfianza ciudadana. El pa\u00eds est\u00e1 en una encrucijada; algo se debe y se tiene que hacer para evitar que la crisis general siga profundiz\u00e1ndose y ponga en jaque el futuro de millones de mexicanos. La oportunidad est\u00e1 en actuar ahora, con valent\u00eda y responsabilidad, reconociendo la urgencia de cambiar el modelo antes de que sea demasiado tarde.<\/p>\n","protected":false},"excerpt":{"rendered":"<p>Desde octubre de 2025, M\u00e9xico ha sido testigo de una profunda crisis en el sector agropecuario y del transporte que hoy se manifiesta con un paro nacional contundente. Agricultores y transportistas de 22 estados del pa\u00eds colapsaron el sistema carretero con bloqueos y manifestaciones que no solo demandan justicia y atenci\u00f3n, sino que evidencian la [&hellip;]<\/p>\n","protected":false},"author":5,"featured_media":41007,"comment_status":"closed","ping_status":"closed","sticky":false,"template":"","format":"standard","meta":{"footnotes":""},"categories":[21],"tags":[],"ppma_author":[38],"class_list":["post-41005","post","type-post","status-publish","format-standard","has-post-thumbnail","hentry","category-jose-luis-lopez-duarte"],"aioseo_notices":[],"authors":[{"term_id":38,"user_id":5,"is_guest":0,"slug":"jose-luis-lopez-duarte","display_name":"Jos\u00e9 Luis L\u00f3pez Duarte","avatar_url":{"url":"https:\/\/visionciudadana.com.mx\/oficial\/wp-content\/uploads\/2021\/03\/columna-joseluis.png","url2x":"https:\/\/visionciudadana.com.mx\/oficial\/wp-content\/uploads\/2021\/03\/columna-joseluis.png"},"0":null,"1":"","2":"","3":"","4":"","5":"","6":"","7":"","8":""}],"_links":{"self":[{"href":"https:\/\/visionciudadana.com.mx\/oficial\/wp-json\/wp\/v2\/posts\/41005","targetHints":{"allow":["GET"]}}],"collection":[{"href":"https:\/\/visionciudadana.com.mx\/oficial\/wp-json\/wp\/v2\/posts"}],"about":[{"href":"https:\/\/visionciudadana.com.mx\/oficial\/wp-json\/wp\/v2\/types\/post"}],"author":[{"embeddable":true,"href":"https:\/\/visionciudadana.com.mx\/oficial\/wp-json\/wp\/v2\/users\/5"}],"replies":[{"embeddable":true,"href":"https:\/\/visionciudadana.com.mx\/oficial\/wp-json\/wp\/v2\/comments?post=41005"}],"version-history":[{"count":1,"href":"https:\/\/visionciudadana.com.mx\/oficial\/wp-json\/wp\/v2\/posts\/41005\/revisions"}],"predecessor-version":[{"id":41008,"href":"https:\/\/visionciudadana.com.mx\/oficial\/wp-json\/wp\/v2\/posts\/41005\/revisions\/41008"}],"wp:featuredmedia":[{"embeddable":true,"href":"https:\/\/visionciudadana.com.mx\/oficial\/wp-json\/wp\/v2\/media\/41007"}],"wp:attachment":[{"href":"https:\/\/visionciudadana.com.mx\/oficial\/wp-json\/wp\/v2\/media?parent=41005"}],"wp:term":[{"taxonomy":"category","embeddable":true,"href":"https:\/\/visionciudadana.com.mx\/oficial\/wp-json\/wp\/v2\/categories?post=41005"},{"taxonomy":"post_tag","embeddable":true,"href":"https:\/\/visionciudadana.com.mx\/oficial\/wp-json\/wp\/v2\/tags?post=41005"},{"taxonomy":"author","embeddable":true,"href":"https:\/\/visionciudadana.com.mx\/oficial\/wp-json\/wp\/v2\/ppma_author?post=41005"}],"curies":[{"name":"wp","href":"https:\/\/api.w.org\/{rel}","templated":true}]}}