{"id":39740,"date":"2026-02-24T14:25:00","date_gmt":"2026-02-24T21:25:00","guid":{"rendered":"https:\/\/visionciudadana.com.mx\/oficial\/?p=39740"},"modified":"2026-02-24T19:07:13","modified_gmt":"2026-02-25T02:07:13","slug":"culiacan-celebra-con-orgullo-el-dia-de-la-bandera-con-exhibicion-historica-y-presentaciones-artisticas","status":"publish","type":"post","link":"https:\/\/visionciudadana.com.mx\/oficial\/2026\/02\/24\/culiacan-celebra-con-orgullo-el-dia-de-la-bandera-con-exhibicion-historica-y-presentaciones-artisticas\/","title":{"rendered":"Culiac\u00e1n celebra con orgullo el D\u00eda de la Bandera con exhibici\u00f3n hist\u00f3rica y presentaciones art\u00edsticas"},"content":{"rendered":"\n<p><\/p>\n\n\n\n<figure class=\"wp-block-image size-large\"><img fetchpriority=\"high\" decoding=\"async\" width=\"1024\" height=\"768\" src=\"https:\/\/visionciudadana.com.mx\/oficial\/wp-content\/uploads\/2026\/02\/c9d73187-abdc-4e20-8714-f311e249f725-1024x768.jpg\" class=\"wp-image-39738\" srcset=\"https:\/\/visionciudadana.com.mx\/oficial\/wp-content\/uploads\/2026\/02\/c9d73187-abdc-4e20-8714-f311e249f725-1024x768.jpg 1024w, https:\/\/visionciudadana.com.mx\/oficial\/wp-content\/uploads\/2026\/02\/c9d73187-abdc-4e20-8714-f311e249f725-300x225.jpg 300w, https:\/\/visionciudadana.com.mx\/oficial\/wp-content\/uploads\/2026\/02\/c9d73187-abdc-4e20-8714-f311e249f725-768x576.jpg 768w, https:\/\/visionciudadana.com.mx\/oficial\/wp-content\/uploads\/2026\/02\/c9d73187-abdc-4e20-8714-f311e249f725.jpg 1421w\" sizes=\"(max-width: 1024px) 100vw, 1024px\" \/><\/figure>\n\n\n\n<p>Culiac\u00e1n, Sinaloa; a 24 de febrero de 2026.- Con una ceremonia c\u00edvica solemne y un programa art\u00edstico-cultural, el Ayuntamiento de Culiac\u00e1n conmemor\u00f3 el D\u00eda de la Bandera, destacando el orgullo y la identidad nacional a trav\u00e9s de la exhibici\u00f3n de estandartes hist\u00f3ricos y la participaci\u00f3n de ni\u00f1as y ni\u00f1os del Cabildo Infantil.<\/p>\n\n\n\n<p>El acto inici\u00f3 con los honores a la Bandera Nacional Mexicana, acompa\u00f1ados por la escolta y banda de guerra de la Guardia Nacional, quienes dieron realce al protocolo c\u00edvico.<\/p>\n\n\n\n<p>Durante su mensaje de bienvenida, el director de Educaci\u00f3n Municipal, Francisco Villa F\u00e9lix, agradeci\u00f3 la presencia de autoridades militares, regidores, funcionarios y ciudadanos que se dieron cita para celebrar a uno de los s\u00edmbolos m\u00e1s importantes del pa\u00eds.<\/p>\n\n\n\n<p>Subray\u00f3 que esta fecha debe llenarnos de orgullo como mexicanos, recordando que la bandera actual se consolid\u00f3 hace cerca de 110 a\u00f1os, en el periodo encabezado por Venustiano Carranza, aunque a lo largo de la historia ha tenido diversas transformaciones derivadas de los momentos hist\u00f3ricos que ha vivido la naci\u00f3n.<\/p>\n\n\n\n<p>\u201cCelebremos juntas y juntos el gran honor de ser mexicanas y mexicanos, y festejemos a nuestra bandera\u201d, expres\u00f3.<\/p>\n\n\n\n<p>Como parte del programa, la Compa\u00f1\u00eda de Danza Folcl\u00f3rica Jiapsi Cegua ofreci\u00f3 tres presentaciones art\u00edsticas que enmarcaron los bloques de exhibici\u00f3n de banderas hist\u00f3ricas.<\/p>\n\n\n\n<p>En total se presentaron 18 estandartes representativos de distintas etapas de la historia de M\u00e9xico, acompa\u00f1ados de la lectura de semblanzas a cargo de las ganadoras del Cabildo Infantil, Scarleth Daleyza Angulo Samaniego y Victoria Delgado Esquerra, as\u00ed como otros participantes.<\/p>\n\n\n\n<p>La ceremonia concluy\u00f3 con un llamado a fortalecer los valores c\u00edvicos y el respeto a los s\u00edmbolos patrios.<\/p>\n\n\n\n<p>En el evento estuvieron presentes el coronel de la Guardia Nacional de Estado Mayor, Jos\u00e9 Francisco Gonz\u00e1lez Hern\u00e1ndez; la s\u00edndica procuradora, Ana Miriam Ramos Villarreal; la presidenta del Sistema DIF Bienestar Culiac\u00e1n, Irma Nidia Gasca Aldama; el regidor Luis Alonso Garc\u00eda Corrales, presidente de la Comisi\u00f3n de Educaci\u00f3n; la secretaria de Bienestar, Itzel Margarita Estolano Ibarra; y el director del Instituto Municipal de Cultura, Adolfo Plata Guzm\u00e1n.<\/p>\n","protected":false},"excerpt":{"rendered":"<p>Culiac\u00e1n, Sinaloa; a 24 de febrero de 2026.- Con una ceremonia c\u00edvica solemne y un programa art\u00edstico-cultural, el Ayuntamiento de Culiac\u00e1n conmemor\u00f3 el D\u00eda de la Bandera, destacando el orgullo y la identidad nacional a trav\u00e9s de la exhibici\u00f3n de estandartes hist\u00f3ricos y la participaci\u00f3n de ni\u00f1as y ni\u00f1os del Cabildo Infantil. El acto inici\u00f3 [&hellip;]<\/p>\n","protected":false},"author":11,"featured_media":39739,"comment_status":"closed","ping_status":"closed","sticky":false,"template":"","format":"standard","meta":{"footnotes":""},"categories":[13],"tags":[],"ppma_author":[42],"class_list":["post-39740","post","type-post","status-publish","format-standard","has-post-thumbnail","hentry","category-locales"],"aioseo_notices":[],"authors":[{"term_id":42,"user_id":11,"is_guest":0,"slug":"celinavision","display_name":"Redacci\u00f3n Vision Ciudadana","avatar_url":"https:\/\/secure.gravatar.com\/avatar\/5974f79b452df50dc11600a3c0f261022fc34eb0879d83b503e86107cd3e64cc?s=96&d=mm&r=g","0":null,"1":"","2":"","3":"","4":"","5":"","6":"","7":"","8":""}],"_links":{"self":[{"href":"https:\/\/visionciudadana.com.mx\/oficial\/wp-json\/wp\/v2\/posts\/39740","targetHints":{"allow":["GET"]}}],"collection":[{"href":"https:\/\/visionciudadana.com.mx\/oficial\/wp-json\/wp\/v2\/posts"}],"about":[{"href":"https:\/\/visionciudadana.com.mx\/oficial\/wp-json\/wp\/v2\/types\/post"}],"author":[{"embeddable":true,"href":"https:\/\/visionciudadana.com.mx\/oficial\/wp-json\/wp\/v2\/users\/11"}],"replies":[{"embeddable":true,"href":"https:\/\/visionciudadana.com.mx\/oficial\/wp-json\/wp\/v2\/comments?post=39740"}],"version-history":[{"count":1,"href":"https:\/\/visionciudadana.com.mx\/oficial\/wp-json\/wp\/v2\/posts\/39740\/revisions"}],"predecessor-version":[{"id":39741,"href":"https:\/\/visionciudadana.com.mx\/oficial\/wp-json\/wp\/v2\/posts\/39740\/revisions\/39741"}],"wp:featuredmedia":[{"embeddable":true,"href":"https:\/\/visionciudadana.com.mx\/oficial\/wp-json\/wp\/v2\/media\/39739"}],"wp:attachment":[{"href":"https:\/\/visionciudadana.com.mx\/oficial\/wp-json\/wp\/v2\/media?parent=39740"}],"wp:term":[{"taxonomy":"category","embeddable":true,"href":"https:\/\/visionciudadana.com.mx\/oficial\/wp-json\/wp\/v2\/categories?post=39740"},{"taxonomy":"post_tag","embeddable":true,"href":"https:\/\/visionciudadana.com.mx\/oficial\/wp-json\/wp\/v2\/tags?post=39740"},{"taxonomy":"author","embeddable":true,"href":"https:\/\/visionciudadana.com.mx\/oficial\/wp-json\/wp\/v2\/ppma_author?post=39740"}],"curies":[{"name":"wp","href":"https:\/\/api.w.org\/{rel}","templated":true}]}}