{"id":37454,"date":"2025-12-01T08:22:24","date_gmt":"2025-12-01T15:22:24","guid":{"rendered":"https:\/\/visionciudadana.com.mx\/oficial\/?p=37454"},"modified":"2025-12-01T08:22:24","modified_gmt":"2025-12-01T15:22:24","slug":"la-uas-llevara-a-cabo-la-feria-de-la-salud-2025-2026-en-trabajo-social-y-la-fcqb","status":"publish","type":"post","link":"https:\/\/visionciudadana.com.mx\/oficial\/2025\/12\/01\/la-uas-llevara-a-cabo-la-feria-de-la-salud-2025-2026-en-trabajo-social-y-la-fcqb\/","title":{"rendered":"La UAS llevar\u00e1 a cabo la Feria de la Salud 2025-2026 en Trabajo Social y la FCQB"},"content":{"rendered":"\n<p><\/p>\n\n\n\n<figure class=\"wp-block-image size-large\"><img fetchpriority=\"high\" decoding=\"async\" width=\"1280\" height=\"853\" src=\"https:\/\/visionciudadana.com.mx\/oficial\/wp-content\/uploads\/2025\/12\/f004d289-184e-4999-8862-35d96a1f9421.jpg\" class=\"wp-image-37452\"\/><\/figure>\n\n\n\n<p>Culiac\u00e1n, Sinaloa; diciembre 01 de 2025.- En el marco del D\u00eda Mundial de la Lucha contra el VIH\/Sida, la Universidad Aut\u00f3noma de Sinaloa (UAS), a trav\u00e9s de la Unidad de Bienestar Universitario (UBU) en colaboraci\u00f3n con el Instituto Mexicano del Seguro Social (IMSS) y la Secretar\u00eda de Salud, llevar\u00e1 la Feria de la Salud 2025-2026 a las instalaciones de la Facultad de Ciencias Qu\u00edmico Biol\u00f3gicas (FCQB) y la Facultad de Trabajo Social este pr\u00f3ximo 2 y 9 de diciembre, respectivamente.<\/p>\n\n\n\n<p>Es por medio del Programa PrevenIMSS-Bienestar-UAS y el Programa de Estrategia Nacional de Salud Escolar (PENSE) que se implementan estas acciones que refuerzan la prevenci\u00f3n y el cuidado de la salud entre la comunidad universitaria, inform\u00f3 Karina Ortiz L\u00f3pez, responsable de los mismos, al resaltar la participaci\u00f3n de estas instituciones de salud con prueba r\u00e1pida de VIH, S\u00edfilis y hepatitis C; prevenci\u00f3n de enfermedades de transmisi\u00f3n sexual; vacunaci\u00f3n contra diferentes enfermedades; tamizaje de peso y talla; entre otros servicios gratuitos.<\/p>\n\n\n\n<p>\u201cEsta feria de la salud viene a promover actividades en prevenci\u00f3n de la salud como la orientaci\u00f3n, la sensibilizaci\u00f3n de lo que es la enfermedad del VIH Sida por personal del \u00e1rea de la salud del IMSS y ahora tambi\u00e9n se incorpora Secretar\u00eda de Salud; estar\u00e1n aportando gran parte de las acciones en prevenci\u00f3n a la salud para que el alumno tenga toda la informaci\u00f3n\u201d, mencion\u00f3.<\/p>\n\n\n\n<p>De igual manera, destac\u00f3 que por parte de Bienestar Universitario que tiene a bien dirigir la doctora Sof\u00eda Angulo Olivas, se contar\u00e1 con la participaci\u00f3n de las diferentes \u00e1reas como son de Nutrici\u00f3n, Psicolog\u00eda, M\u00e9dica, Enfermer\u00eda, Deportes, Emprendimiento y Acci\u00f3n Social, Donaci\u00f3n de Cabello y Elaboraci\u00f3n de Pelucas Oncol\u00f3gicas; al igual que de Sostenibilidad y de Reciclaje.<\/p>\n\n\n\n<p>\u201cSe estar\u00e1 realizando tambi\u00e9n toda la promoci\u00f3n de actividades que se realizan en cada uno de los programas que dirige la Unidad de Bienestar Universitario y la doctora Sof\u00eda Angulo Olivas, cada uno de los responsables de los programas estaremos ah\u00ed con un stand promocionando y realizando peque\u00f1as actividades, acciones din\u00e1micas en prevenci\u00f3n a la salud\u201d, se\u00f1al\u00f3.<\/p>\n\n\n\n<p>Es por ello que reiter\u00f3 la invitaci\u00f3n a la comunidad universitaria a ser parte de esta din\u00e1mica en alguna de las dos fechas programadas, con diferentes actividades orientadas a promover una cultura de prevenci\u00f3n de enfermedades, mismas que se desarrollar\u00e1n en un horario de 9 de la ma\u00f1ana a 2 de la tarde.<\/p>\n\n\n\n<p>\u201cSer\u00e1 una Feria de Salud completa donde se le brindar\u00e1n todos esos servicios de forma gratuita a la comunidad estudiantil y a los trabajadores, el d\u00eda 2 de diciembre en la Facultad de Qu\u00edmica y el d\u00eda 9 de diciembre en la Facultad de Trabajo Social\u201d, extendi\u00f3.<\/p>\n\n\n\n<p><\/p>\n\n\n\n<p><\/p>\n\n\n\n<p><\/p>\n\n\n\n<p>REDACCION\/VISION CIUDADANAs <\/p>\n","protected":false},"excerpt":{"rendered":"<p>Culiac\u00e1n, Sinaloa; diciembre 01 de 2025.- En el marco del D\u00eda Mundial de la Lucha contra el VIH\/Sida, la Universidad Aut\u00f3noma de Sinaloa (UAS), a trav\u00e9s de la Unidad de Bienestar Universitario (UBU) en colaboraci\u00f3n con el Instituto Mexicano del Seguro Social (IMSS) y la Secretar\u00eda de Salud, llevar\u00e1 la Feria de la Salud 2025-2026 [&hellip;]<\/p>\n","protected":false},"author":11,"featured_media":37453,"comment_status":"closed","ping_status":"closed","sticky":false,"template":"","format":"standard","meta":{"footnotes":""},"categories":[13],"tags":[],"ppma_author":[42],"class_list":["post-37454","post","type-post","status-publish","format-standard","has-post-thumbnail","hentry","category-locales"],"aioseo_notices":[],"authors":[{"term_id":42,"user_id":11,"is_guest":0,"slug":"celinavision","display_name":"Redacci\u00f3n Vision Ciudadana","avatar_url":"https:\/\/secure.gravatar.com\/avatar\/5974f79b452df50dc11600a3c0f261022fc34eb0879d83b503e86107cd3e64cc?s=96&d=mm&r=g","0":null,"1":"","2":"","3":"","4":"","5":"","6":"","7":"","8":""}],"_links":{"self":[{"href":"https:\/\/visionciudadana.com.mx\/oficial\/wp-json\/wp\/v2\/posts\/37454","targetHints":{"allow":["GET"]}}],"collection":[{"href":"https:\/\/visionciudadana.com.mx\/oficial\/wp-json\/wp\/v2\/posts"}],"about":[{"href":"https:\/\/visionciudadana.com.mx\/oficial\/wp-json\/wp\/v2\/types\/post"}],"author":[{"embeddable":true,"href":"https:\/\/visionciudadana.com.mx\/oficial\/wp-json\/wp\/v2\/users\/11"}],"replies":[{"embeddable":true,"href":"https:\/\/visionciudadana.com.mx\/oficial\/wp-json\/wp\/v2\/comments?post=37454"}],"version-history":[{"count":1,"href":"https:\/\/visionciudadana.com.mx\/oficial\/wp-json\/wp\/v2\/posts\/37454\/revisions"}],"predecessor-version":[{"id":37455,"href":"https:\/\/visionciudadana.com.mx\/oficial\/wp-json\/wp\/v2\/posts\/37454\/revisions\/37455"}],"wp:featuredmedia":[{"embeddable":true,"href":"https:\/\/visionciudadana.com.mx\/oficial\/wp-json\/wp\/v2\/media\/37453"}],"wp:attachment":[{"href":"https:\/\/visionciudadana.com.mx\/oficial\/wp-json\/wp\/v2\/media?parent=37454"}],"wp:term":[{"taxonomy":"category","embeddable":true,"href":"https:\/\/visionciudadana.com.mx\/oficial\/wp-json\/wp\/v2\/categories?post=37454"},{"taxonomy":"post_tag","embeddable":true,"href":"https:\/\/visionciudadana.com.mx\/oficial\/wp-json\/wp\/v2\/tags?post=37454"},{"taxonomy":"author","embeddable":true,"href":"https:\/\/visionciudadana.com.mx\/oficial\/wp-json\/wp\/v2\/ppma_author?post=37454"}],"curies":[{"name":"wp","href":"https:\/\/api.w.org\/{rel}","templated":true}]}}