{"id":36852,"date":"2025-11-11T14:16:25","date_gmt":"2025-11-11T21:16:25","guid":{"rendered":"https:\/\/visionciudadana.com.mx\/oficial\/?p=36852"},"modified":"2025-11-11T14:16:25","modified_gmt":"2025-11-11T21:16:25","slug":"se-hace-presente-la-uas-en-la-feria-internacional-del-libro-culiacan-2025","status":"publish","type":"post","link":"https:\/\/visionciudadana.com.mx\/oficial\/2025\/11\/11\/se-hace-presente-la-uas-en-la-feria-internacional-del-libro-culiacan-2025\/","title":{"rendered":"Se hace presente la UAS en la Feria Internacional del Libro Culiac\u00e1n 2025"},"content":{"rendered":"\n<p><\/p>\n\n\n\n<figure class=\"wp-block-image size-large\"><img fetchpriority=\"high\" decoding=\"async\" width=\"1500\" height=\"1000\" src=\"https:\/\/visionciudadana.com.mx\/oficial\/wp-content\/uploads\/2025\/11\/1027c994-9bf5-4b45-9f26-a9a9cdfe00cc.jpg\" class=\"wp-image-36850\"\/><\/figure>\n\n\n\n<p>Culiac\u00e1n, Sinaloa; noviembre 11 de 2025.- La participaci\u00f3n de la Universidad Aut\u00f3noma de Sinaloa (UAS) es clave para el desarrollo de la Feria Internacional del Libro de Culiac\u00e1n 2025, resalt\u00f3 el alcalde de la capital sinaloense, arquitecto Juan de Dios G\u00e1mez Mend\u00edvil en el marco de la inauguraci\u00f3n de esta fiesta literaria.<\/p>\n\n\n\n<p>Al poner en marcha de manera oficial la tercera edici\u00f3n de la Feria, el Presidente Municipal de Culiac\u00e1n reconoci\u00f3 que el apoyo de la m\u00e1xima casa de estudios es de gran trascendencia para seguir construyendo una mejor sociedad a trav\u00e9s del fortalecimiento de estrategias como el fomento a la lectura, \u00e1rea en la que la instituci\u00f3n trabaja fuertemente.<\/p>\n\n\n\n<p>\u201cTener el respaldo de la compa\u00f1\u00eda, el apoyo en todo momento, porque no es la \u00fanica agenda que nos apoya y nos respalda a la universidad, tener el v\u00ednculo para, as\u00ed como estas ni\u00f1as y estos ni\u00f1os participan desde muy temprana edad en un tema cercano a los libros y todo lo que representa, pero tambi\u00e9n el v\u00ednculo con la comunidad, con la familia universitaria. Tenerlos aqu\u00ed, que sean parte de esta feria y de esta organizaci\u00f3n, es muy representativo, muy significativo, por lo cual nosotros estamos muy agradecidos por el respaldo, sabiendo la importancia y la trascendencia que tiene\u201d, expres\u00f3.<\/p>\n\n\n\n<p>En este evento que se llevar\u00e1 a cabo del 10 al 16 de noviembre, con sede principal en la Plazuela \u00c1lvaro Obreg\u00f3n y otros espacios ubicados en el coraz\u00f3n de Culiac\u00e1n, la casa Rosalina a trav\u00e9s de su Direcci\u00f3n de Editorial adem\u00e1s de contar con un stand donde exhibe m\u00e1s de 120 t\u00edtulos, tambi\u00e9n participa con la presentaci\u00f3n de la Colecci\u00f3n Editorial de la UAS y siete libros entre los que destacan \u201cConfiguraci\u00f3n de las pol\u00edticas p\u00fablicas para la cultura en Sinaloa (1950-2004)\u201d, de Francisco Padilla Beltr\u00e1n.<\/p>\n\n\n\n<p>Asimismo, la Direcci\u00f3n General de Extensi\u00f3n de la Cultura de la Universidad, est\u00e1 presente en la FIL Culiac\u00e1n 2025, llevando entretenimiento a chicos y grandes con las obras \u201cCuentos cortos amistades largas\u201d y \u201cLa carpa de los 2 colores\u201d por el grupo Gui\u00f1oleros UAS y \u201cDivert\u00edteres\u201d de la compa\u00f1\u00eda Bitache, as\u00ed como los espect\u00e1culos musicales de la Banda Regional \u201cGranito de Oro\u201d y de la Big Band de la UAS, entre otros.<\/p>\n\n\n\n<p>El programa de actividades que tendr\u00e1 la Universidad Aut\u00f3noma de Sinaloa en la FIL Culiac\u00e1n 2025 lo pueden consultar en las cuentas de Facebook Editorial UAS y Cultura UAS.<\/p>\n\n\n\n<p>Martes 11 de noviembre<br \/>12:00 hrs. Presentaci\u00f3n del libro: Zarpar, de Juan Esmerio Navarro. Presentan: Elena M\u00e9ndez y Mariel Iribe. Foro \u201cModular In\u00e9s Arredondo (MIA)\u201d<\/p>\n\n\n\n<p>17:00 hrs. Presentaci\u00f3n del libro: La alteridad castigada, ensayo sobre \u00d3scar Liera, de Javier Vel\u00e1zquez. Presenta: Orlando Espinoza D\u00edaz, Foro \u201cLa Casa del Maqu\u00edo\u201d.<\/p>\n\n\n\n<p>Mi\u00e9rcoles 12 de noviembre<br \/>12:00 hrs. Presentaci\u00f3n de la Colecci\u00f3n Editorial de la Universidad Aut\u00f3noma de Sinaloa, foro \u201cPatio del Ayuntamiento de Culiac\u00e1n\u201d.<\/p>\n\n\n\n<p>17:30 hrs. Presentaci\u00f3n del libro: Hacinado, de Bibiana Hern\u00e1ndez. Presenta: Patricio Ortiz. Foro \u201cPatio del Ayuntamiento de Culiac\u00e1n\u201d<\/p>\n\n\n\n<p>Jueves 13 de noviembre<br \/>10:30 hrs. Presentaci\u00f3n del libro: Diablo, diablito, de Beatriz Reyes Cano. Presenta: Georgina Mart\u00ednez. Foro \u201cPabell\u00f3n Infantil de la FIL Culiac\u00e1n\u201d.<\/p>\n\n\n\n<p>17:00 hrs. Discurso de los Doctores Honoris Causa de la Universidad Aut\u00f3noma de Sinaloa, Dina Beltr\u00e1n, Joel Cuadras y Jes\u00fas Abel S\u00e1nchez. Foro Modular In\u00e9s Arredondo.<\/p>\n\n\n\n<p>S\u00e1bado 15 de noviembre<br \/>15:30 hrs. Presentaci\u00f3n del libro: Salir del bosque, de Iliana Olmedo. Presenta: Luis Felipe Rodr\u00edguez. Foro \u201cPabell\u00f3n Infantil de la FIL Culiac\u00e1n\u201d.<\/p>\n","protected":false},"excerpt":{"rendered":"<p>Culiac\u00e1n, Sinaloa; noviembre 11 de 2025.- La participaci\u00f3n de la Universidad Aut\u00f3noma de Sinaloa (UAS) es clave para el desarrollo de la Feria Internacional del Libro de Culiac\u00e1n 2025, resalt\u00f3 el alcalde de la capital sinaloense, arquitecto Juan de Dios G\u00e1mez Mend\u00edvil en el marco de la inauguraci\u00f3n de esta fiesta literaria. Al poner en [&hellip;]<\/p>\n","protected":false},"author":11,"featured_media":36851,"comment_status":"closed","ping_status":"closed","sticky":false,"template":"","format":"standard","meta":{"footnotes":""},"categories":[13,24],"tags":[],"ppma_author":[42],"class_list":["post-36852","post","type-post","status-publish","format-standard","has-post-thumbnail","hentry","category-locales","category-relevantes"],"aioseo_notices":[],"authors":[{"term_id":42,"user_id":11,"is_guest":0,"slug":"celinavision","display_name":"Redacci\u00f3n Vision Ciudadana","avatar_url":"https:\/\/secure.gravatar.com\/avatar\/5974f79b452df50dc11600a3c0f261022fc34eb0879d83b503e86107cd3e64cc?s=96&d=mm&r=g","0":null,"1":"","2":"","3":"","4":"","5":"","6":"","7":"","8":""}],"_links":{"self":[{"href":"https:\/\/visionciudadana.com.mx\/oficial\/wp-json\/wp\/v2\/posts\/36852","targetHints":{"allow":["GET"]}}],"collection":[{"href":"https:\/\/visionciudadana.com.mx\/oficial\/wp-json\/wp\/v2\/posts"}],"about":[{"href":"https:\/\/visionciudadana.com.mx\/oficial\/wp-json\/wp\/v2\/types\/post"}],"author":[{"embeddable":true,"href":"https:\/\/visionciudadana.com.mx\/oficial\/wp-json\/wp\/v2\/users\/11"}],"replies":[{"embeddable":true,"href":"https:\/\/visionciudadana.com.mx\/oficial\/wp-json\/wp\/v2\/comments?post=36852"}],"version-history":[{"count":1,"href":"https:\/\/visionciudadana.com.mx\/oficial\/wp-json\/wp\/v2\/posts\/36852\/revisions"}],"predecessor-version":[{"id":36853,"href":"https:\/\/visionciudadana.com.mx\/oficial\/wp-json\/wp\/v2\/posts\/36852\/revisions\/36853"}],"wp:featuredmedia":[{"embeddable":true,"href":"https:\/\/visionciudadana.com.mx\/oficial\/wp-json\/wp\/v2\/media\/36851"}],"wp:attachment":[{"href":"https:\/\/visionciudadana.com.mx\/oficial\/wp-json\/wp\/v2\/media?parent=36852"}],"wp:term":[{"taxonomy":"category","embeddable":true,"href":"https:\/\/visionciudadana.com.mx\/oficial\/wp-json\/wp\/v2\/categories?post=36852"},{"taxonomy":"post_tag","embeddable":true,"href":"https:\/\/visionciudadana.com.mx\/oficial\/wp-json\/wp\/v2\/tags?post=36852"},{"taxonomy":"author","embeddable":true,"href":"https:\/\/visionciudadana.com.mx\/oficial\/wp-json\/wp\/v2\/ppma_author?post=36852"}],"curies":[{"name":"wp","href":"https:\/\/api.w.org\/{rel}","templated":true}]}}