{"id":36462,"date":"2025-11-01T08:52:17","date_gmt":"2025-11-01T15:52:17","guid":{"rendered":"https:\/\/visionciudadana.com.mx\/oficial\/?p=36462"},"modified":"2025-11-01T08:52:17","modified_gmt":"2025-11-01T15:52:17","slug":"altares-flores-y-creatividad-llenan-de-vida-la-celebracion-del-dia-de-muertos-en-ciudad-universitaria","status":"publish","type":"post","link":"https:\/\/visionciudadana.com.mx\/oficial\/2025\/11\/01\/altares-flores-y-creatividad-llenan-de-vida-la-celebracion-del-dia-de-muertos-en-ciudad-universitaria\/","title":{"rendered":"Altares, flores y creatividad llenan de vida la celebraci\u00f3n del D\u00eda de Muertos en Ciudad Universitaria"},"content":{"rendered":"\n<p><\/p>\n\n\n\n<figure class=\"wp-block-gallery has-nested-images columns-default is-cropped wp-block-gallery-1 is-layout-flex wp-block-gallery-is-layout-flex\">\n<figure class=\"wp-block-image size-large\"><img fetchpriority=\"high\" decoding=\"async\" width=\"1420\" height=\"1065\" data-id=\"36459\" src=\"https:\/\/visionciudadana.com.mx\/oficial\/wp-content\/uploads\/2025\/11\/f146cf9f-0539-42ae-80ef-4227ab60f594.jpg\" alt=\"\" class=\"wp-image-36459\"\/><\/figure>\n\n\n\n<figure class=\"wp-block-image size-large\"><img decoding=\"async\" width=\"1420\" height=\"1065\" data-id=\"36460\" src=\"https:\/\/visionciudadana.com.mx\/oficial\/wp-content\/uploads\/2025\/11\/64ab46ec-f73c-405a-b2a1-ec2f93fb2812.jpg\" alt=\"\" class=\"wp-image-36460\"\/><\/figure>\n<\/figure>\n\n\n\n<p>Culiac\u00e1n, Sinaloa; noviembre 01 de 2025.- Entre papeles de colores, ofrendas y calacas, unidades acad\u00e9micas de la Universidad Aut\u00f3noma de Sinaloa (UAS) se unieron a la XLVI Celebraci\u00f3n Universitaria Estatal de D\u00eda Muertos que cada a\u00f1o convoca la casa de estudios, festividad que se llev\u00f3 a cabo en un ambiente lleno de convivencia, compa\u00f1erismo, alegr\u00eda y creatividad.<\/p>\n\n\n\n<p>Ciudad Universitaria se convirti\u00f3 en una fiesta viva en donde los pasillos, explanadas y jardines de las escuelas que integran este complejo educativo, se vistieron con impresionantes altares para rendir homenaje a la memoria de personajes ilustres de las distintas \u00e1reas del conocimiento.<\/p>\n\n\n\n<p>Desde temprano espacios universitarios como la Facultad de Contadur\u00eda y Administraci\u00f3n se llenaron de flores de cempas\u00fachil, papel picado y velas, en el que docentes, personal administrativo y estudiantes como Walter F\u00e9lix participaron en la elaboraci\u00f3n de altares y en la realizaci\u00f3n de actividades como bazares, presentaciones musicales y concursos de disfraces.<\/p>\n\n\n\n<p>\u00abComo estudiante, yo estoy muy contento y aqu\u00ed ya me ha tocado participar en varias actividades culturales y se siente muy bonito, ya que los estudiantes no solo se enfocan cien por ciento en sus clases, sino que tambi\u00e9n pueden desarrollar un poquito su creatividad, su estilo y salir un poco de la rutina\u00bb, comparti\u00f3 el estudiante de la Licenciatura en Negocio y Comercio Internacional, quien adem\u00e1s reconoci\u00f3 que \u00absiempre hemos sentido el apoyo de las autoridades para poder organizar este tipo de eventos\u00bb.<\/p>\n\n\n\n<p>La Facultad de Psicolog\u00eda fue otro de los planteles que en esta ocasi\u00f3n organiz\u00f3 un concurso de disfraces teniendo una impresionante respuesta por todo el alumnado que dio muestra de su creatividad al caracterizarse de sus personajes favoritos, ah\u00ed la alumna Ana Fabiola Cabanillas se\u00f1al\u00f3 que adem\u00e1s de fomentar la cultura, este tipo de actividades tambi\u00e9n fortalecen el compa\u00f1erismo.<\/p>\n\n\n\n<p>\u00abMe pone feliz que la facultad nos deje expresarnos con los disfraces y divertirnos, es de las mejoras cosas que puede hacer, la gente se divierte mucho, convivimos\u00bb, dijo.<\/p>\n\n\n\n<p>La Facultad de Derecho destac\u00f3 por su monumental altar, la Facultad de Arquitectura dedic\u00f3 toda una exposici\u00f3n con distintas representaciones arquitect\u00f3nicas alusivas a la celebraci\u00f3n del D\u00eda de Muertos. Por su parte, la Facultad de Ciencias Econ\u00f3micas y Sociales organiz\u00f3 un concurso de altares.<\/p>\n\n\n\n<p>Los estudiantes coincidieron en que estas actividades fortalecen los lazos de amistad y promueven la preservaci\u00f3n de las tradiciones mexicanas, en un ambiente de sana convivencia, respeto y alegr\u00eda.<\/p>\n\n\n\n<p><\/p>\n\n\n\n<p><\/p>\n\n\n\n<p><\/p>\n\n\n\n<p><\/p>\n\n\n\n<p>REDACCI\u00d3N\/VISION CIUDADANA. <\/p>\n","protected":false},"excerpt":{"rendered":"<p>Culiac\u00e1n, Sinaloa; noviembre 01 de 2025.- Entre papeles de colores, ofrendas y calacas, unidades acad\u00e9micas de la Universidad Aut\u00f3noma de Sinaloa (UAS) se unieron a la XLVI Celebraci\u00f3n Universitaria Estatal de D\u00eda Muertos que cada a\u00f1o convoca la casa de estudios, festividad que se llev\u00f3 a cabo en un ambiente lleno de convivencia, compa\u00f1erismo, alegr\u00eda [&hellip;]<\/p>\n","protected":false},"author":11,"featured_media":36461,"comment_status":"closed","ping_status":"closed","sticky":false,"template":"","format":"standard","meta":{"footnotes":""},"categories":[13,24],"tags":[],"ppma_author":[42],"class_list":["post-36462","post","type-post","status-publish","format-standard","has-post-thumbnail","hentry","category-locales","category-relevantes"],"aioseo_notices":[],"authors":[{"term_id":42,"user_id":11,"is_guest":0,"slug":"celinavision","display_name":"Redacci\u00f3n Vision Ciudadana","avatar_url":"https:\/\/secure.gravatar.com\/avatar\/5974f79b452df50dc11600a3c0f261022fc34eb0879d83b503e86107cd3e64cc?s=96&d=mm&r=g","0":null,"1":"","2":"","3":"","4":"","5":"","6":"","7":"","8":""}],"_links":{"self":[{"href":"https:\/\/visionciudadana.com.mx\/oficial\/wp-json\/wp\/v2\/posts\/36462","targetHints":{"allow":["GET"]}}],"collection":[{"href":"https:\/\/visionciudadana.com.mx\/oficial\/wp-json\/wp\/v2\/posts"}],"about":[{"href":"https:\/\/visionciudadana.com.mx\/oficial\/wp-json\/wp\/v2\/types\/post"}],"author":[{"embeddable":true,"href":"https:\/\/visionciudadana.com.mx\/oficial\/wp-json\/wp\/v2\/users\/11"}],"replies":[{"embeddable":true,"href":"https:\/\/visionciudadana.com.mx\/oficial\/wp-json\/wp\/v2\/comments?post=36462"}],"version-history":[{"count":1,"href":"https:\/\/visionciudadana.com.mx\/oficial\/wp-json\/wp\/v2\/posts\/36462\/revisions"}],"predecessor-version":[{"id":36463,"href":"https:\/\/visionciudadana.com.mx\/oficial\/wp-json\/wp\/v2\/posts\/36462\/revisions\/36463"}],"wp:featuredmedia":[{"embeddable":true,"href":"https:\/\/visionciudadana.com.mx\/oficial\/wp-json\/wp\/v2\/media\/36461"}],"wp:attachment":[{"href":"https:\/\/visionciudadana.com.mx\/oficial\/wp-json\/wp\/v2\/media?parent=36462"}],"wp:term":[{"taxonomy":"category","embeddable":true,"href":"https:\/\/visionciudadana.com.mx\/oficial\/wp-json\/wp\/v2\/categories?post=36462"},{"taxonomy":"post_tag","embeddable":true,"href":"https:\/\/visionciudadana.com.mx\/oficial\/wp-json\/wp\/v2\/tags?post=36462"},{"taxonomy":"author","embeddable":true,"href":"https:\/\/visionciudadana.com.mx\/oficial\/wp-json\/wp\/v2\/ppma_author?post=36462"}],"curies":[{"name":"wp","href":"https:\/\/api.w.org\/{rel}","templated":true}]}}