{"id":17925,"date":"2021-11-17T22:21:53","date_gmt":"2021-11-17T22:21:53","guid":{"rendered":"https:\/\/visionciudadana.com.mx\/chio\/2021\/11\/17\/asiste-secretario-de-salud-a-primera-reunion-de-conasa\/"},"modified":"2025-06-24T23:30:52","modified_gmt":"2025-06-24T23:30:52","slug":"asiste-secretario-de-salud-a-primera-reunion-de-conasa","status":"publish","type":"post","link":"https:\/\/visionciudadana.com.mx\/oficial\/2021\/11\/17\/asiste-secretario-de-salud-a-primera-reunion-de-conasa\/","title":{"rendered":"Asiste Secretario de Salud a primera reuni\u00f3n de CONASA"},"content":{"rendered":"<p><img fetchpriority=\"high\" decoding=\"async\" src=\"images\/2021\/nov21\/reuni\u00f3n-conasa.jpg\" alt=\"reuni\u00f3n conasa\" width=\"780\" height=\"420\" style=\"display: block; margin: 20px auto;\" \/><\/p>\n<p class=\"x_MsoNormal\" style=\"text-align: justify;\"><span lang=\"ES\" style=\"font-size: 14pt;\"> En su primera reuni\u00f3n con el Consejo Nacional de Salud (CONASA), el Secretario de Salud de Sinaloa, M.C. H\u00e9ctor Melesio Cu\u00e9n Ojeda, afirm\u00f3 que se trabajar\u00e1 en coordinaci\u00f3n con la federaci\u00f3n para fortalecer el Sistema de Salud en el estado de Sinaloa y que la calidad de los servicios sea el reflejo de un trabajo en conjunto.<\/span><\/p>\n<p style=\"text-align: justify;\">&nbsp;<\/p>\n<p class=\"x_MsoNormal\" style=\"text-align: justify;\"><span lang=\"ES\" style=\"font-size: 14pt;\">En una productiva mesa de trabajo, se lograron importantes acuerdos para mejorar el funcionamiento de la Secretar\u00eda de Salud de Sinaloa bajo un esquema de coordinaci\u00f3n, planeaci\u00f3n, programaci\u00f3n, supervisi\u00f3n y soluci\u00f3n en cada uno de los programas de salud, priorizando con ello que las y los sinaloenses reciban un mejor servicio con calidad y calidez.<\/span><\/p>\n<p style=\"text-align: justify;\">&nbsp;<\/p>\n<p class=\"x_MsoNormal\" style=\"text-align: justify;\"><span lang=\"ES\" style=\"font-size: 14pt;\">\u201cQueremos agradecer esta reuni\u00f3n de seguimiento y nosotros hacemos el compromiso a la vez de darle seguimiento al estado de Sinaloa a todos estos acuerdos que se analizaron en esta reuni\u00f3n, y a todas las personas de la Secretar\u00eda de Salud muchas gracias es un trabajo en equipo y la idea es hacer las cosas bien para que al final de cuentas el ganon sea el ciudadano de eso se trata fundamentalmente por eso estamos aqu\u00ed, por eso quise estar de manera presencial para conocerlos, yo les agradezco mucho me hayan dado la oportunidad\u201d, indic\u00f3.<\/span><\/p>\n<p style=\"text-align: justify;\">&nbsp;<\/p>\n<p class=\"x_MsoNormal\" style=\"text-align: justify;\"><span lang=\"ES\" style=\"font-size: 14pt;\">En esta ocasi\u00f3n, la Comisi\u00f3n Nacional de Salud y la Secretar\u00eda de Salud de Sinaloa, realizaron una autoevaluaci\u00f3n en el control y reducci\u00f3n de la deuda, servicio de mastograf\u00edas, banco de sangre, estrategia nacional para la prevenci\u00f3n de adicciones, gratuidad de servicios de salud, medicamentos e insumos y la reingenier\u00eda de recursos humanos.<\/span><\/p>\n<p style=\"text-align: justify;\">&nbsp;<\/p>\n<p class=\"x_MsoNormal\" style=\"text-align: justify;\"><span lang=\"ES\" style=\"font-size: 14pt;\">En este \u00faltimo an\u00e1lisis, el titular de la Salud en Sinaloa, puso sobre la mesa de la CONASA el compromiso del Gobernador del Estado, Rub\u00e9n Rocha Moya de iniciar la basificaci\u00f3n a partir del 1 de enero del 2022, sin embargo garantiz\u00f3 que Sinaloa buscar\u00e1 la sinergia con la federaci\u00f3n para hacer una realidad el compromiso del Presidente de la Rep\u00fablica, Andr\u00e9s Manuel L\u00f3pez Obrador de basificar al 100% de los empleados del sector salud, y con ello hacer historia llevando justicia social a las y los trabajadores.<\/span><\/p>\n<p style=\"text-align: justify;\">&nbsp;<\/p>\n<p class=\"x_MsoNormal\" style=\"text-align: justify;\">&nbsp;<\/p>\n<p style=\"text-align: justify;\">&nbsp;<\/p>\n<p style=\"text-align: justify;\">REDACCI\u00d3N\/VISI\u00d3N CIUDADANA.<\/p>\n<p class=\"x_MsoNormal\" style=\"text-align: justify;\"><span lang=\"ES\" style=\"font-size: 14pt;\"><\/span><\/p>\n","protected":false},"excerpt":{"rendered":"<p>En su primera reuni\u00f3n con el Consejo Nacional de Salud (CONASA), el Secretario de Salud de Sinaloa, M.C. H\u00e9ctor Melesio Cu\u00e9n Ojeda, afirm\u00f3 que se trabajar\u00e1 en coordinaci\u00f3n con la federaci\u00f3n para fortalecer el Sistema de Salud en el estado de Sinaloa y que la calidad de los servicios sea el reflejo de un trabajo [&hellip;]<\/p>\n","protected":false},"author":1,"featured_media":2249,"comment_status":"closed","ping_status":"closed","sticky":false,"template":"","format":"standard","meta":{"footnotes":""},"categories":[13],"tags":[],"ppma_author":[31],"class_list":["post-17925","post","type-post","status-publish","format-standard","has-post-thumbnail","hentry","category-locales"],"aioseo_notices":[],"authors":[{"term_id":31,"user_id":1,"is_guest":0,"slug":"ivan3vino","display_name":"Iv\u00e1n Trevi\u00f1o","avatar_url":{"url":"https:\/\/visionciudadana.com.mx\/oficial\/wp-content\/uploads\/2025\/09\/columna-ivan-Trevino.png","url2x":"https:\/\/visionciudadana.com.mx\/oficial\/wp-content\/uploads\/2025\/09\/columna-ivan-Trevino.png"},"0":null,"1":"","2":"","3":"","4":"","5":"","6":"","7":"","8":""}],"_links":{"self":[{"href":"https:\/\/visionciudadana.com.mx\/oficial\/wp-json\/wp\/v2\/posts\/17925","targetHints":{"allow":["GET"]}}],"collection":[{"href":"https:\/\/visionciudadana.com.mx\/oficial\/wp-json\/wp\/v2\/posts"}],"about":[{"href":"https:\/\/visionciudadana.com.mx\/oficial\/wp-json\/wp\/v2\/types\/post"}],"author":[{"embeddable":true,"href":"https:\/\/visionciudadana.com.mx\/oficial\/wp-json\/wp\/v2\/users\/1"}],"replies":[{"embeddable":true,"href":"https:\/\/visionciudadana.com.mx\/oficial\/wp-json\/wp\/v2\/comments?post=17925"}],"version-history":[{"count":1,"href":"https:\/\/visionciudadana.com.mx\/oficial\/wp-json\/wp\/v2\/posts\/17925\/revisions"}],"predecessor-version":[{"id":30429,"href":"https:\/\/visionciudadana.com.mx\/oficial\/wp-json\/wp\/v2\/posts\/17925\/revisions\/30429"}],"wp:featuredmedia":[{"embeddable":true,"href":"https:\/\/visionciudadana.com.mx\/oficial\/wp-json\/wp\/v2\/media\/2249"}],"wp:attachment":[{"href":"https:\/\/visionciudadana.com.mx\/oficial\/wp-json\/wp\/v2\/media?parent=17925"}],"wp:term":[{"taxonomy":"category","embeddable":true,"href":"https:\/\/visionciudadana.com.mx\/oficial\/wp-json\/wp\/v2\/categories?post=17925"},{"taxonomy":"post_tag","embeddable":true,"href":"https:\/\/visionciudadana.com.mx\/oficial\/wp-json\/wp\/v2\/tags?post=17925"},{"taxonomy":"author","embeddable":true,"href":"https:\/\/visionciudadana.com.mx\/oficial\/wp-json\/wp\/v2\/ppma_author?post=17925"}],"curies":[{"name":"wp","href":"https:\/\/api.w.org\/{rel}","templated":true}]}}