{"id":17924,"date":"2021-11-17T17:44:53","date_gmt":"2021-11-17T17:44:53","guid":{"rendered":"https:\/\/visionciudadana.com.mx\/chio\/2021\/11\/17\/maravilla-la-noche-de-estrellas-a-los-culiacanenses\/"},"modified":"2025-06-24T23:30:52","modified_gmt":"2025-06-24T23:30:52","slug":"maravilla-la-noche-de-estrellas-a-los-culiacanenses","status":"publish","type":"post","link":"https:\/\/visionciudadana.com.mx\/oficial\/2021\/11\/17\/maravilla-la-noche-de-estrellas-a-los-culiacanenses\/","title":{"rendered":"Maravilla la noche de estrellas a los Culiacanenses"},"content":{"rendered":"<p style=\"text-align: justify;\"><img fetchpriority=\"high\" decoding=\"async\" src=\"images\/2021\/nov21\/ciencias.jpg\" alt=\"ciencias\" width=\"780\" height=\"420\" style=\"display: block; margin: 20px auto;\" \/><\/p>\n<p class=\"x_MsoNormal\" style=\"text-align: justify;\"><span style=\"font-size: 14pt;\">Un \u00e9xito la realizaci\u00f3n de la noche de las estrellas 2021: Armon\u00eda y Revoluci\u00f3n, celebrando los 500 a\u00f1os del natalicio de Johannes Kepler, la cual recibi\u00f3 a las familias culiacanenses en el Centro de Ciencias de Sinaloa quienes disfrutaron de conferencias, talleres, observaci\u00f3n a los astros, concursos, juegos,&nbsp; entre otras actividades.<\/span><\/p>\n<p style=\"text-align: justify;\">&nbsp;<\/p>\n<p class=\"x_MsoNormal\" style=\"text-align: justify;\"><span style=\"font-size: 14pt;\">Las actividades iniciaron con el Taller de Constelaciones con m&amp;m\u00b4s, donde las familias elaboraron una constelaci\u00f3n con chocolates y conocieron como ubicarlas en el cielo; de esta misma manera se realiz\u00f3 la conferencia magistral \u201cNoche de las estrellas 2021 y lo que se puede observar en el cielo\u201d, impartida por la MC Tatiana Kokina, quien explic\u00f3 a los asistentes los fen\u00f3menos astron\u00f3micos que podemos observar durante este mes y a la vez se mostr\u00f3 gustosa de ver el inter\u00e9s de tantas personas en temas astron\u00f3micos.<\/span><\/p>\n<p style=\"text-align: justify;\">&nbsp;<\/p>\n<p class=\"x_MsoNormal\" style=\"text-align: justify;\"><span style=\"font-size: 14pt;\">El Jard\u00edn Evolutivo del CCS fue el lugar perfecto para reunir a ni\u00f1os, j\u00f3venes y adultos para que disfrutaran de una noche despejada siendo un \u00e9xito la observaci\u00f3n con telescopios que fueron operados por el personal de la Asociaci\u00f3n Sinaloense de Astronom\u00eda y el CCS, observando la Luna, Saturno y J\u00fapiter, entre otros astros.<\/span><\/p>\n<p style=\"text-align: justify;\">&nbsp;<\/p>\n<p class=\"x_MsoNormal\" style=\"text-align: justify;\"><span style=\"font-size: 14pt;\">El Ing. Jos\u00e9 Mar\u00eda Conde Uraga, Secretario T\u00e9cnico del CCS, coment\u00f3 que la Noche de las Estrellas es un evento organizado gracias a la colaboraci\u00f3n de la Asociaci\u00f3n Sinaloense de Astronom\u00eda, la Universidad Aut\u00f3noma de Sinaloa y el Centro de Ciencias de Sinaloa, \u201ceste evento se ha realizado desde el a\u00f1o 2009 con la finalidad de integrar e interesar a las familias en temas astron\u00f3micos. Adem\u00e1s cabe mencionar que, debido al talento sinaloense y al inter\u00e9s de los j\u00f3venes por esta ciencia, Sinaloa ha obtenido primeros lugares en olimpiadas de astronom\u00eda\u201d, finaliz\u00f3.<\/span><\/p>\n<p style=\"text-align: justify;\">&nbsp;<\/p>\n<p style=\"text-align: justify;\">&nbsp;<\/p>\n<p style=\"text-align: justify;\"><span style=\"font-size: 14pt;\">REDACCI\u00d3N\/VISI\u00d3N CIUDADANA.<\/span><\/p>\n","protected":false},"excerpt":{"rendered":"<p>Un \u00e9xito la realizaci\u00f3n de la noche de las estrellas 2021: Armon\u00eda y Revoluci\u00f3n, celebrando los 500 a\u00f1os del natalicio de Johannes Kepler, la cual recibi\u00f3 a las familias culiacanenses en el Centro de Ciencias de Sinaloa quienes disfrutaron de conferencias, talleres, observaci\u00f3n a los astros, concursos, juegos,&nbsp; entre otras actividades. &nbsp; Las actividades iniciaron [&hellip;]<\/p>\n","protected":false},"author":1,"featured_media":2194,"comment_status":"closed","ping_status":"closed","sticky":false,"template":"","format":"standard","meta":{"footnotes":""},"categories":[13],"tags":[],"ppma_author":[31],"class_list":["post-17924","post","type-post","status-publish","format-standard","has-post-thumbnail","hentry","category-locales"],"aioseo_notices":[],"authors":[{"term_id":31,"user_id":1,"is_guest":0,"slug":"ivan3vino","display_name":"Iv\u00e1n Trevi\u00f1o","avatar_url":{"url":"https:\/\/visionciudadana.com.mx\/oficial\/wp-content\/uploads\/2025\/09\/columna-ivan-Trevino.png","url2x":"https:\/\/visionciudadana.com.mx\/oficial\/wp-content\/uploads\/2025\/09\/columna-ivan-Trevino.png"},"0":null,"1":"","2":"","3":"","4":"","5":"","6":"","7":"","8":""}],"_links":{"self":[{"href":"https:\/\/visionciudadana.com.mx\/oficial\/wp-json\/wp\/v2\/posts\/17924","targetHints":{"allow":["GET"]}}],"collection":[{"href":"https:\/\/visionciudadana.com.mx\/oficial\/wp-json\/wp\/v2\/posts"}],"about":[{"href":"https:\/\/visionciudadana.com.mx\/oficial\/wp-json\/wp\/v2\/types\/post"}],"author":[{"embeddable":true,"href":"https:\/\/visionciudadana.com.mx\/oficial\/wp-json\/wp\/v2\/users\/1"}],"replies":[{"embeddable":true,"href":"https:\/\/visionciudadana.com.mx\/oficial\/wp-json\/wp\/v2\/comments?post=17924"}],"version-history":[{"count":1,"href":"https:\/\/visionciudadana.com.mx\/oficial\/wp-json\/wp\/v2\/posts\/17924\/revisions"}],"predecessor-version":[{"id":30430,"href":"https:\/\/visionciudadana.com.mx\/oficial\/wp-json\/wp\/v2\/posts\/17924\/revisions\/30430"}],"wp:featuredmedia":[{"embeddable":true,"href":"https:\/\/visionciudadana.com.mx\/oficial\/wp-json\/wp\/v2\/posts\/2194"}],"wp:attachment":[{"href":"https:\/\/visionciudadana.com.mx\/oficial\/wp-json\/wp\/v2\/media?parent=17924"}],"wp:term":[{"taxonomy":"category","embeddable":true,"href":"https:\/\/visionciudadana.com.mx\/oficial\/wp-json\/wp\/v2\/categories?post=17924"},{"taxonomy":"post_tag","embeddable":true,"href":"https:\/\/visionciudadana.com.mx\/oficial\/wp-json\/wp\/v2\/tags?post=17924"},{"taxonomy":"author","embeddable":true,"href":"https:\/\/visionciudadana.com.mx\/oficial\/wp-json\/wp\/v2\/ppma_author?post=17924"}],"curies":[{"name":"wp","href":"https:\/\/api.w.org\/{rel}","templated":true}]}}