{"id":17923,"date":"2021-11-17T17:14:42","date_gmt":"2021-11-17T17:14:42","guid":{"rendered":"https:\/\/visionciudadana.com.mx\/chio\/2021\/11\/17\/estos-seran-los-centros-de-vacunacion-fijos-para-culiacan-ahome-y-mazatlan\/"},"modified":"2025-06-24T23:30:53","modified_gmt":"2025-06-24T23:30:53","slug":"estos-seran-los-centros-de-vacunacion-fijos-para-culiacan-ahome-y-mazatlan","status":"publish","type":"post","link":"https:\/\/visionciudadana.com.mx\/oficial\/2021\/11\/17\/estos-seran-los-centros-de-vacunacion-fijos-para-culiacan-ahome-y-mazatlan\/","title":{"rendered":"Estos ser\u00e1n los centros de vacunaci\u00f3n fijos para Culiac\u00e1n, Ahome y Mazatl\u00e1n"},"content":{"rendered":"<p><img fetchpriority=\"high\" decoding=\"async\" src=\"images\/2021\/nov21\/vacunac.JPG\" alt=\"vacunac\" width=\"780\" height=\"420\" style=\"display: block; margin: 20px auto;\" \/><\/p>\n<p style=\"text-align: justify;\"><span style=\"caret-color: auto; font-size: 14pt;\">A partir del mi\u00e9rcoles 17 hasta el 21 de noviembre, la Secretar\u00eda de Salud mantendr\u00e1 puntos fijos de vacunaci\u00f3n en los municipios m\u00e1s grandes de la entidad; Culiac\u00e1n, Ahome y Mazatl\u00e1n, esto de mi\u00e9rcoles a domingo de cada semana, con el objetivo de alcanzar el 100% de vacunaci\u00f3n y completar esquemas con segundas dosis en poblaci\u00f3n mayor de 18 a\u00f1os, adem\u00e1s de menores de 12 a\u00f1os en adelante con alguna comorbilidad y mujeres embarazadas de 12 a\u00f1os en adelante, inform\u00f3 el Secretario de Salud de Sinaloa, M.C. H\u00e9ctor Melesio Cu\u00e9n Ojeda.<\/span><\/p>\n<p style=\"text-align: justify;\">&nbsp;<\/p>\n<p class=\"x_MsoNormal\" style=\"text-align: justify;\"><span lang=\"ES\" style=\"font-size: 14pt;\">El responsable de la Salud en el Estado, detall\u00f3 que estos ser\u00e1n los puntos fijos; Culiac\u00e1n-Novena Zona Militar; Ahome- Unidad Administrativa de Gobierno y en Mazatl\u00e1n- Polideportivo UAS, los cuales se encontrar\u00e1n del mi\u00e9rcoles 17 al 21 del presente mes con horarios de 9:00 a.m. a 3:00 p.m., para aplicar primeras y segundas dosis de AstraZeneca y segunda de Sinovac.<\/span><\/p>\n<p style=\"text-align: justify;\">&nbsp;<\/p>\n<p class=\"x_MsoNormal\" style=\"text-align: justify;\"><span lang=\"ES-MX\" style=\"font-size: 14pt;\">\u201cEl comando de vacunaci\u00f3n tomamos una decisi\u00f3n de que haya ya la presencia de centros de vacunaci\u00f3n permanentes, comenzamos el d\u00eda de ma\u00f1ana en Mazatl\u00e1n, Ahome y Culiac\u00e1n vamos a empezar y va a ser de mi\u00e9rcoles a domingo cada semana, para aquellos que est\u00e1n rezagados puedan vacunarse y nosotros poder cubrir ese 10% que nos falta arriba de 18 a\u00f1os que no es nada f\u00e1cil porque hay gente esc\u00e9ptica, hay gente que tiene mucho trabajo, hay gente que simplemente no ha tenido la informaci\u00f3n\u201d, indic\u00f3.<\/span><\/p>\n<p style=\"text-align: justify;\">&nbsp;<\/p>\n<p class=\"x_MsoNormal\" style=\"text-align: justify;\"><span lang=\"ES\" style=\"font-size: 14pt;\">El Secretario de Salud, record\u00f3 que actualmente Sinaloa registra el 89.5% de la poblaci\u00f3n arriba de 18 a\u00f1os ya vacunada con al menos una sola dosis y la meta es llegar al 100%, agreg\u00f3 que la mejor estrategia para continuar en sem\u00e1foro verde y evitar un rebrote es la vacunaci\u00f3n en reba\u00f1o.<\/span><\/p>\n<p style=\"text-align: justify;\">&nbsp;<\/p>\n<p class=\"x_MsoNormal\" style=\"text-align: justify;\"><span lang=\"ES\" style=\"font-size: 14pt;\">Es por ello que inst\u00f3 a la poblaci\u00f3n mayor de 18 a\u00f1os, mujeres mayores de 12 a\u00f1os embarazadas, y menores de 12 a\u00f1os en adelante con alguna comorbilidad, a que acudan a alguno de estos puntos de vacunaci\u00f3n fijos para tener inmunizaci\u00f3n contra el Covid \u2013 19.<\/span><\/p>\n<p style=\"text-align: justify;\">&nbsp;<\/p>\n<p class=\"x_MsoNormal\" style=\"text-align: justify;\"><span lang=\"ES\" style=\"font-size: 14pt;\">Respecto al anuncio de la federaci\u00f3n para la apertura del registro para la poblaci\u00f3n de 15 a 17 a\u00f1os a partir del 19 de noviembre, lo calific\u00f3 como un acierto del Presidente de M\u00e9xico, Andr\u00e9s Manuel L\u00f3pez Obrador y una estrategia de salud que vendr\u00e1 a reforzar la inmunizaci\u00f3n en reba\u00f1o, con lo cual se busca evitar rebrotes como ya ocurre en otros lados del mundo.&nbsp;<\/span><\/p>\n<p style=\"text-align: justify;\">&nbsp;<\/p>\n<p style=\"text-align: justify;\">&nbsp;<\/p>\n<p style=\"text-align: justify;\">&nbsp;<\/p>\n<p style=\"text-align: justify;\"><span style=\"font-size: 14pt;\">REDACCI\u00d3N\/VISI\u00d3N CIUDADANA.<\/span><\/p>\n","protected":false},"excerpt":{"rendered":"<p>A partir del mi\u00e9rcoles 17 hasta el 21 de noviembre, la Secretar\u00eda de Salud mantendr\u00e1 puntos fijos de vacunaci\u00f3n en los municipios m\u00e1s grandes de la entidad; Culiac\u00e1n, Ahome y Mazatl\u00e1n, esto de mi\u00e9rcoles a domingo de cada semana, con el objetivo de alcanzar el 100% de vacunaci\u00f3n y completar esquemas con segundas dosis en [&hellip;]<\/p>\n","protected":false},"author":1,"featured_media":2246,"comment_status":"closed","ping_status":"closed","sticky":false,"template":"","format":"standard","meta":{"footnotes":""},"categories":[13],"tags":[],"ppma_author":[31],"class_list":["post-17923","post","type-post","status-publish","format-standard","has-post-thumbnail","hentry","category-locales"],"aioseo_notices":[],"authors":[{"term_id":31,"user_id":1,"is_guest":0,"slug":"ivan3vino","display_name":"Iv\u00e1n Trevi\u00f1o","avatar_url":{"url":"https:\/\/visionciudadana.com.mx\/oficial\/wp-content\/uploads\/2025\/09\/columna-ivan-Trevino.png","url2x":"https:\/\/visionciudadana.com.mx\/oficial\/wp-content\/uploads\/2025\/09\/columna-ivan-Trevino.png"},"0":null,"1":"","2":"","3":"","4":"","5":"","6":"","7":"","8":""}],"_links":{"self":[{"href":"https:\/\/visionciudadana.com.mx\/oficial\/wp-json\/wp\/v2\/posts\/17923","targetHints":{"allow":["GET"]}}],"collection":[{"href":"https:\/\/visionciudadana.com.mx\/oficial\/wp-json\/wp\/v2\/posts"}],"about":[{"href":"https:\/\/visionciudadana.com.mx\/oficial\/wp-json\/wp\/v2\/types\/post"}],"author":[{"embeddable":true,"href":"https:\/\/visionciudadana.com.mx\/oficial\/wp-json\/wp\/v2\/users\/1"}],"replies":[{"embeddable":true,"href":"https:\/\/visionciudadana.com.mx\/oficial\/wp-json\/wp\/v2\/comments?post=17923"}],"version-history":[{"count":1,"href":"https:\/\/visionciudadana.com.mx\/oficial\/wp-json\/wp\/v2\/posts\/17923\/revisions"}],"predecessor-version":[{"id":30431,"href":"https:\/\/visionciudadana.com.mx\/oficial\/wp-json\/wp\/v2\/posts\/17923\/revisions\/30431"}],"wp:featuredmedia":[{"embeddable":true,"href":"https:\/\/visionciudadana.com.mx\/oficial\/wp-json\/wp\/v2\/posts\/2246"}],"wp:attachment":[{"href":"https:\/\/visionciudadana.com.mx\/oficial\/wp-json\/wp\/v2\/media?parent=17923"}],"wp:term":[{"taxonomy":"category","embeddable":true,"href":"https:\/\/visionciudadana.com.mx\/oficial\/wp-json\/wp\/v2\/categories?post=17923"},{"taxonomy":"post_tag","embeddable":true,"href":"https:\/\/visionciudadana.com.mx\/oficial\/wp-json\/wp\/v2\/tags?post=17923"},{"taxonomy":"author","embeddable":true,"href":"https:\/\/visionciudadana.com.mx\/oficial\/wp-json\/wp\/v2\/ppma_author?post=17923"}],"curies":[{"name":"wp","href":"https:\/\/api.w.org\/{rel}","templated":true}]}}