{"id":17922,"date":"2021-11-17T17:01:13","date_gmt":"2021-11-17T17:01:13","guid":{"rendered":"https:\/\/visionciudadana.com.mx\/chio\/2021\/11\/17\/en-el-pri-no-se-necesitan-candidatos-golondrinos-alejandro-moreno\/"},"modified":"2025-06-24T23:30:53","modified_gmt":"2025-06-24T23:30:53","slug":"en-el-pri-no-se-necesitan-candidatos-golondrinos-alejandro-moreno","status":"publish","type":"post","link":"https:\/\/visionciudadana.com.mx\/oficial\/2021\/11\/17\/en-el-pri-no-se-necesitan-candidatos-golondrinos-alejandro-moreno\/","title":{"rendered":"En el PRI no se necesitan candidatos golondrinos Alejandro Moreno"},"content":{"rendered":"<p><img fetchpriority=\"high\" decoding=\"async\" src=\"images\/2021\/nov21\/golondrinos.JPG\" alt=\"golondrinos\" width=\"780\" height=\"420\" style=\"display: block; margin: 20px auto;\" \/><\/p>\n<p class=\"x_MsoNormal\" style=\"text-align: justify;\"><span style=\"font-size: 14pt;\">De cara a las elecciones del 2022, en el Partido Revolucionario Institucional (PRI) no necesitamos candidatos golondrinos, que s\u00f3lo se acercan en los tiempos electorales, afirm\u00f3 el Presidente del Comit\u00e9 Ejecutivo Nacional (CEN) de este instituto pol\u00edtico, Alejandro Moreno, al se\u00f1alar que primero tienen que trabajar en el territorio y sudar la camiseta, adem\u00e1s de demostrar a la militancia que tienen un compromiso con nosotros, y que van a aceptar siempre la plataforma pol\u00edtica, para que la hagan suya.<\/span><\/p>\n<p>&nbsp;<\/p>\n<p style=\"text-align: justify;\"><span style=\"font-size: 14pt; font-family: arial, helvetica, sans-serif;\">De la nueva dirigencia de la RJXM, destac\u00f3 que se trata de dos cuadros importantes del partido, que siempre han dado la batalla por los j\u00f3venes. Es un reconocimiento a ustedes, les dijo, al subrayar que tendr\u00e1n la gran responsabilidad de encabezar su participaci\u00f3n para que la juventud tenga m\u00e1s espacios.<\/span><\/p>\n<p style=\"text-align: justify;\">&nbsp;<\/p>\n<p class=\"x_MsoNormal\" style=\"text-align: justify;\"><span style=\"font-size: 14pt;\">Alejandro Moreno expuso que desde la dirigencia nacional se est\u00e1 cohesionando al PRI, y argument\u00f3 que hoy la sociedad demanda un partido opositor firme, que genere y garantice contrapesos en los Poderes&nbsp; de la Uni\u00f3n, pero, agreg\u00f3, necesitamos fuerza, fortaleza, vigor, \u00e1nimo permanente.<\/span><\/p>\n<p style=\"text-align: justify;\">&nbsp;<\/p>\n<p class=\"x_MsoNormal\" style=\"text-align: justify;\"><span style=\"font-size: 14pt;\">En la sede nacional del partido, puntualiz\u00f3 que \u201cel PRI siempre va a estar al lado de la gente, siempre va a estar pensando en M\u00e9xico, porque para nosotros primero es M\u00e9xico. A nosotros no nos corre prisa. El PRI tiene programa, tiene estrategia. El PRI trabaja con inteligencia\u201d.<\/span><\/p>\n<p style=\"text-align: justify;\">&nbsp;<\/p>\n<p class=\"x_MsoNormal\" style=\"text-align: justify;\"><span style=\"font-size: 14pt;\">Indic\u00f3 que \u201clo&nbsp; que estamos abordando hoy, los temas fundamentales, como se han&nbsp; abordado, que son las grandes reformas que se pretenden impulsar, hay que tener claro que el PRI desde el gobierno y desde la oposici\u00f3n, ha sido el partido pol\u00edtico que ha impulsado las grandes reformas de este pa\u00eds\u201d.<\/span><\/p>\n<p style=\"text-align: justify;\">&nbsp;<\/p>\n<p class=\"x_MsoNormal\" style=\"text-align: justify;\"><span style=\"font-size: 14pt;\">Por su parte, el nuevo Presidente de la RJXM, Carlos Eduardo Guti\u00e9rrez, subray\u00f3 que \u201choy entrega la dirigencia de la Red un hijo de la frontera norte y la toma un hijo de la frontera sur\u201d. Hizo un amplio reconocimiento a Alejandro Moreno, porque, dijo, \u201cnos ha apoyado como nunca y le vamos a cumplir\u201d.<\/span><\/p>\n<p style=\"text-align: justify;\">&nbsp;<\/p>\n<p class=\"x_MsoNormal\" style=\"text-align: justify;\"><span style=\"font-size: 14pt;\">A su vez Karla Ayala, nueva Secretaria General de la Red de J\u00f3venes por M\u00e9xico, se\u00f1al\u00f3 que \u201cnos pusieron la vara muy alta, pero estaremos a la altura de la situaci\u00f3n. Levantaremos el nombre del PRI y nos enalteceremos como j\u00f3venes, porque ya no podemos quedarnos atr\u00e1s. Debemos tomar espacios de decisi\u00f3n pol\u00edtica, porque eso es lo que hace grande a nuestro partido\u201d.<\/span><\/p>\n<p style=\"text-align: justify;\">&nbsp;<\/p>\n<p class=\"x_MsoNormal\" style=\"text-align: justify;\"><span style=\"font-size: 14pt;\">Hiram Hern\u00e1ndez Zetina, presidente saliente de la RJXM, asegur\u00f3 que en su dirigencia se escribi\u00f3 una etapa de grandes retos y en tiempos hist\u00f3ricos, en los que cambi\u00f3 la forma de hacer pol\u00edtica.<\/span><\/p>\n<p style=\"text-align: justify;\">&nbsp;<\/p>\n<p class=\"x_MsoNormal\" style=\"text-align: justify;\"><span style=\"font-size: 14pt;\">En el evento participaron el Senador Mario Zamora Gast\u00e9lum; los diputados federales Pablo Angulo Brice\u00f1o, Paloma S\u00e1nchez Ramos y Fuensanta Guerrero Esquivel; el General Fausto Zamorano Esparza, dirigente nacional de la Unidad Revolucionaria, as\u00ed como los l\u00edderes estatales del PRI de Puebla, N\u00e9stor Camarillo Medina y de Veracruz, Marlon Ram\u00edrez Mar\u00edn. Tambi\u00e9n, Alejandra Andrade Becerril, Secretaria General saliente de la RJXM, dirigentes estatales de esta organizaci\u00f3n y representantes de la Corriente Cr\u00edtica del tricolor.<\/span><\/p>\n<div style=\"text-align: justify;\"><br aria-hidden=\"true\" \/><\/div>\n<div style=\"text-align: justify;\">&nbsp;<\/div>\n<div style=\"text-align: justify;\">&nbsp;<\/div>\n<div style=\"text-align: justify;\"><span style=\"font-size: 14pt;\">REDACCI\u00d3N\/VISI\u00d3N CIUIDADANA<\/span><\/div>\n","protected":false},"excerpt":{"rendered":"<p>De cara a las elecciones del 2022, en el Partido Revolucionario Institucional (PRI) no necesitamos candidatos golondrinos, que s\u00f3lo se acercan en los tiempos electorales, afirm\u00f3 el Presidente del Comit\u00e9 Ejecutivo Nacional (CEN) de este instituto pol\u00edtico, Alejandro Moreno, al se\u00f1alar que primero tienen que trabajar en el territorio y sudar la camiseta, adem\u00e1s de [&hellip;]<\/p>\n","protected":false},"author":1,"featured_media":2244,"comment_status":"closed","ping_status":"closed","sticky":false,"template":"","format":"standard","meta":{"footnotes":""},"categories":[13],"tags":[],"ppma_author":[31],"class_list":["post-17922","post","type-post","status-publish","format-standard","has-post-thumbnail","hentry","category-locales"],"aioseo_notices":[],"authors":[{"term_id":31,"user_id":1,"is_guest":0,"slug":"ivan3vino","display_name":"Iv\u00e1n Trevi\u00f1o","avatar_url":{"url":"https:\/\/visionciudadana.com.mx\/oficial\/wp-content\/uploads\/2025\/09\/columna-ivan-Trevino.png","url2x":"https:\/\/visionciudadana.com.mx\/oficial\/wp-content\/uploads\/2025\/09\/columna-ivan-Trevino.png"},"0":null,"1":"","2":"","3":"","4":"","5":"","6":"","7":"","8":""}],"_links":{"self":[{"href":"https:\/\/visionciudadana.com.mx\/oficial\/wp-json\/wp\/v2\/posts\/17922","targetHints":{"allow":["GET"]}}],"collection":[{"href":"https:\/\/visionciudadana.com.mx\/oficial\/wp-json\/wp\/v2\/posts"}],"about":[{"href":"https:\/\/visionciudadana.com.mx\/oficial\/wp-json\/wp\/v2\/types\/post"}],"author":[{"embeddable":true,"href":"https:\/\/visionciudadana.com.mx\/oficial\/wp-json\/wp\/v2\/users\/1"}],"replies":[{"embeddable":true,"href":"https:\/\/visionciudadana.com.mx\/oficial\/wp-json\/wp\/v2\/comments?post=17922"}],"version-history":[{"count":1,"href":"https:\/\/visionciudadana.com.mx\/oficial\/wp-json\/wp\/v2\/posts\/17922\/revisions"}],"predecessor-version":[{"id":30432,"href":"https:\/\/visionciudadana.com.mx\/oficial\/wp-json\/wp\/v2\/posts\/17922\/revisions\/30432"}],"wp:featuredmedia":[{"embeddable":true,"href":"https:\/\/visionciudadana.com.mx\/oficial\/wp-json\/wp\/v2\/posts\/2244"}],"wp:attachment":[{"href":"https:\/\/visionciudadana.com.mx\/oficial\/wp-json\/wp\/v2\/media?parent=17922"}],"wp:term":[{"taxonomy":"category","embeddable":true,"href":"https:\/\/visionciudadana.com.mx\/oficial\/wp-json\/wp\/v2\/categories?post=17922"},{"taxonomy":"post_tag","embeddable":true,"href":"https:\/\/visionciudadana.com.mx\/oficial\/wp-json\/wp\/v2\/tags?post=17922"},{"taxonomy":"author","embeddable":true,"href":"https:\/\/visionciudadana.com.mx\/oficial\/wp-json\/wp\/v2\/ppma_author?post=17922"}],"curies":[{"name":"wp","href":"https:\/\/api.w.org\/{rel}","templated":true}]}}