{"id":17921,"date":"2021-11-17T16:50:37","date_gmt":"2021-11-17T16:50:37","guid":{"rendered":"https:\/\/visionciudadana.com.mx\/chio\/2021\/11\/17\/asegura-jesus-ibarra-que-presupuesto-federal-2022-beneficia-a-sinaloa\/"},"modified":"2025-06-24T23:30:53","modified_gmt":"2025-06-24T23:30:53","slug":"asegura-jesus-ibarra-que-presupuesto-federal-2022-beneficia-a-sinaloa","status":"publish","type":"post","link":"https:\/\/visionciudadana.com.mx\/oficial\/2021\/11\/17\/asegura-jesus-ibarra-que-presupuesto-federal-2022-beneficia-a-sinaloa\/","title":{"rendered":"Asegura Jes\u00fas Ibarra que Presupuesto Federal 2022 beneficia a Sinaloa  \u00a0"},"content":{"rendered":"<p><img fetchpriority=\"high\" decoding=\"async\" src=\"images\/2021\/nov21\/jesus-i.jpg\" alt=\"jesus i\" width=\"780\" height=\"420\" style=\"display: block; margin: 20px auto;\" \/><\/p>\n<div style=\"text-align: justify;\"><span style=\"font-size: 14pt;\">El diputado Jes\u00fas Alfonso Ibarra Ramos, integrante del Grupo Parlamentario de morena y Presidente de la Comisi\u00f3n de Hacienda en el Congreso del Estado, particip\u00f3 este martes en tribuna para tocar el importante tema del presupuesto federal aprobado durante el pasado fin de semana, y consider\u00f3 que con su aprobaci\u00f3n morena le cumple al pueblo de M\u00e9xico, y resalt\u00f3 que a Sinaloa este presupuesto le beneficia de gran manera.&nbsp;<\/span><\/div>\n<div style=\"text-align: justify;\"><span style=\"font-size: 14pt;\"><\/span><\/div>\n<div style=\"text-align: justify;\"><span style=\"font-size: 14pt;\"><\/span><\/div>\n<div style=\"text-align: justify;\"><span style=\"font-size: 14pt;\">El legislador record\u00f3 que el domingo pasado, los Diputados Federales construyeron y defendieron hasta el \u00faltimo momento, un presupuesto con sentido social y humano, acorde a las verdaderas necesidades de los mexicanos y los principios de la cuarta transformaci\u00f3n, aprobando un presupuesto para el a\u00f1o 2022, de 7.08 billones de pesos, con un incremento real del 8.6% anual respecto al de 2021.<\/span><\/div>\n<div style=\"text-align: justify;\">&nbsp;<\/div>\n<div style=\"text-align: justify;\"><span style=\"font-size: 14pt;\"><\/span><\/div>\n<div style=\"text-align: justify;\"><span style=\"font-size: 14pt;\">\u201cY aclaro, que es un presupuesto social y humano, porque todav\u00eda hay muchos que no entienden que los tiempos ya cambiaron, esa herencia de burocracias costosas, sin calidad en el gasto p\u00fablico, ya no tienen cabida, hoy el bienestar de los que menos tienen est\u00e1 por encima de los intereses de unos cuantos. Con este presupuesto, se afirma que el Presidente L\u00f3pez Obrador y los Diputados Federales, cumplieron\u201d, expres\u00f3 el legislador.&nbsp;<\/span><\/div>\n<div style=\"text-align: justify;\"><span style=\"font-size: 14pt;\"><\/span><\/div>\n<div style=\"text-align: justify;\"><span style=\"font-size: 14pt;\"><\/span><\/div>\n<div style=\"text-align: justify;\"><span style=\"font-size: 14pt;\">\u201cSe tienen m\u00e1s recursos y no hay nuevos impuestos, no hay incrementos, se fortalece la educaci\u00f3n, se garantizan los programas sociales, se prioriza a la salud, se impulsa la recuperaci\u00f3n econ\u00f3mica post-covid, se crea el nuevo R\u00e9gimen Simplificado de Confianza y adem\u00e1s nos fue muy bien como estado, creci\u00f3 el Gasto Federalizado y lo mismo para los Programas y Proyectos de Inversi\u00f3n\u201d, a\u00f1adi\u00f3 Jes\u00fas Alfonso Ibarra Ramos.&nbsp;<\/span><\/div>\n<div style=\"text-align: justify;\"><span style=\"font-size: 14pt;\"><\/span><\/div>\n<div style=\"text-align: justify;\"><span style=\"font-size: 14pt;\"><\/span><\/div>\n<div style=\"text-align: justify;\"><span style=\"font-size: 14pt;\"><\/span><\/div>\n<div style=\"text-align: justify;\"><span style=\"font-size: 14pt;\">Destac\u00f3 adem\u00e1s que a pesar de que el presupuesto se realiz\u00f3 en medio de la pandemia, es sensible a las causas, contribuye a la b\u00fasqueda del Estado de Bienestar, fortalece la red de protecci\u00f3n social y promueve el desarrollo productivo de la econom\u00eda nacional, se\u00f1alando que la acertada distribuci\u00f3n de los recursos federales permitir\u00e1 crear un c\u00edrculo virtuoso que impacte de manera positiva en las diferentes regiones del pa\u00eds.&nbsp;<\/span><\/div>\n<div style=\"text-align: justify;\"><span style=\"font-size: 14pt;\"><\/span><\/div>\n<div style=\"text-align: justify;\"><span style=\"font-size: 14pt;\"><\/span><\/div>\n<div style=\"text-align: justify;\"><span style=\"font-size: 14pt;\">\u201cSe decidi\u00f3 inyectar grandes cantidades de recursos para la salud, se destinar\u00e1n 794 mil mdp, un 15.2% m\u00e1s que el de 2021. Tendremos m\u00e1s recursos para la vacunaci\u00f3n (Covid), mejora hospitalaria, atenci\u00f3n del personal y para personas no derechohabientes.&nbsp; Se invierte tambi\u00e9n en la protecci\u00f3n social, para los m\u00e1s desfavorecidos. Se destinar\u00e1n 1.4 billones de pesos, un 12.8% m\u00e1s para reducir la brecha de la desigualdad, proteger a las personas con mayores tasas de marginaci\u00f3n, pobreza y la redignificaci\u00f3n de las personas con discapacidad y adultos mayores\u201d, expres\u00f3 el morenista.&nbsp;<\/span><\/div>\n<div style=\"text-align: justify;\">&nbsp;<\/div>\n<div style=\"text-align: justify;\"><span style=\"font-size: 14pt;\"><\/span><\/div>\n<div style=\"text-align: justify;\"><span style=\"font-size: 14pt;\">Consider\u00f3 que en este presupuesto queda m\u00e1s que claro las gestiones del Gobernador Rub\u00e9n Rocha Moya ante el Gobierno Federal y la C\u00e1mara de Diputados, pues para el pr\u00f3ximo a\u00f1o 2022 se tiene un incremento del 6.7% nominal, se pasa de&nbsp; 47,925 mdp a 50,963 mdp, una variaci\u00f3n absoluta de 3,037 mdp.&nbsp;<\/span><\/div>\n<div style=\"text-align: justify;\"><span style=\"font-size: 14pt;\"><\/span><\/div>\n<div style=\"text-align: justify;\"><span style=\"font-size: 14pt;\"><\/span><\/div>\n<div style=\"text-align: justify;\"><span style=\"font-size: 14pt;\">\u201cEl Ramo 28 de \u201cParticipaciones a las Entidades Federativas y Municipios\u201d aumenta de 22,243 mdp a 24,398 mdp, un 9.7%. Tiene incrementos considerables en el Fondo General de Participaciones, el Fondo de Fomento Municipal y el Fondo de Otros Incentivos Econ\u00f3micos. De igual manera, el Ramo 33 de \u201cAportaciones Federales\u201d aumenta de 19,975 mdp a 20,585 mdp. Se garantiza la cobertura de la n\u00f3mina magisterial (el famoso FONE), crecen las Aportaciones a Servicios de Salud, se fortalece el Fondo de Infraestructura Social y se asegura la n\u00f3mina de seguridad p\u00fablica y pago de obligaciones financieras de los municipios a trav\u00e9s del FORTAMUND\u201d, destac\u00f3 Jes\u00fas Alfonso Ibarra Ramos.&nbsp;<\/span><\/div>\n<div style=\"text-align: justify;\"><span style=\"font-size: 14pt;\"><\/span><\/div>\n<div style=\"text-align: justify;\"><span style=\"font-size: 14pt;\"><\/span><\/div>\n<div style=\"text-align: justify;\"><span style=\"font-size: 14pt;\">\u201cSe ven tambi\u00e9n las gestiones del Gobernador, en el apartado de Programas y Proyectos de Inversi\u00f3n por Entidad Federativa, que&nbsp; pas\u00f3 de 2,490 mdp en 2021 a casi 4,000 mdp en 2022, una variaci\u00f3n real del 56.1%. Esas si son buenas noticias\u201d, a\u00f1adi\u00f3 el morenista.&nbsp;<\/span><\/div>\n<div style=\"text-align: justify;\"><span style=\"font-size: 14pt;\"><\/span><\/div>\n<div style=\"text-align: justify;\"><span style=\"font-size: 14pt;\"><\/span><\/div>\n<div style=\"text-align: justify;\"><span style=\"font-size: 14pt;\">Finalmente, destac\u00f3 que se destinar\u00e1n 12 mil mdp para programas sociales; becas para j\u00f3venes, adultos mayores, Pensi\u00f3n para el Bienestar de las personas con Discapacidad y j\u00f3venes construyendo el futuro, y se etiquetaron 2,800 mdp para la comercializaci\u00f3n y otorgar precios de garant\u00eda del ma\u00edz y otros granos, adem\u00e1s de presupuesto para diversas obras de gran importancia.&nbsp;<\/span><\/div>\n<div style=\"text-align: justify;\">&nbsp;<\/div>\n<div style=\"text-align: justify;\"><span style=\"font-size: 14pt;\"><\/span><\/div>\n<div style=\"text-align: justify;\"><span style=\"font-size: 14pt;\">Morena est\u00e1 con quienes menos tienen, es por ellos por los que hay que luchar.&nbsp; Claro que hay temas pendientes, siempre los hay, y quisi\u00e9ramos que el presupuesto atendiera todos los aspectos sociales y econ\u00f3micos, por eso siempre estamos abiertos a escuchar las necesidades de todos. Aprovechemos esta gran oportunidad, con la llegada de la transformaci\u00f3n a Sinaloa, podremos alcanzar el Estado del Bienestar que los sinaloenses hemos so\u00f1amos\u201d, concluy\u00f3 Jes\u00fas Alfonso Ibarra Ramos.<\/span><\/div>\n<div style=\"text-align: justify;\">&nbsp;<\/div>\n<div style=\"text-align: justify;\">&nbsp;<\/div>\n<div style=\"text-align: justify;\">&nbsp;<\/div>\n<div style=\"text-align: justify;\"><span style=\"font-size: 14pt;\">REDACC\u00d3N\/VISI\u00d3N CIUDADANA.<\/span><\/div>\n","protected":false},"excerpt":{"rendered":"<p>El diputado Jes\u00fas Alfonso Ibarra Ramos, integrante del Grupo Parlamentario de morena y Presidente de la Comisi\u00f3n de Hacienda en el Congreso del Estado, particip\u00f3 este martes en tribuna para tocar el importante tema del presupuesto federal aprobado durante el pasado fin de semana, y consider\u00f3 que con su aprobaci\u00f3n morena le cumple al pueblo [&hellip;]<\/p>\n","protected":false},"author":1,"featured_media":2242,"comment_status":"closed","ping_status":"closed","sticky":false,"template":"","format":"standard","meta":{"footnotes":""},"categories":[24],"tags":[],"ppma_author":[31],"class_list":["post-17921","post","type-post","status-publish","format-standard","has-post-thumbnail","hentry","category-relevantes"],"aioseo_notices":[],"authors":[{"term_id":31,"user_id":1,"is_guest":0,"slug":"ivan3vino","display_name":"Iv\u00e1n Trevi\u00f1o","avatar_url":{"url":"https:\/\/visionciudadana.com.mx\/oficial\/wp-content\/uploads\/2025\/09\/columna-ivan-Trevino.png","url2x":"https:\/\/visionciudadana.com.mx\/oficial\/wp-content\/uploads\/2025\/09\/columna-ivan-Trevino.png"},"0":null,"1":"","2":"","3":"","4":"","5":"","6":"","7":"","8":""}],"_links":{"self":[{"href":"https:\/\/visionciudadana.com.mx\/oficial\/wp-json\/wp\/v2\/posts\/17921","targetHints":{"allow":["GET"]}}],"collection":[{"href":"https:\/\/visionciudadana.com.mx\/oficial\/wp-json\/wp\/v2\/posts"}],"about":[{"href":"https:\/\/visionciudadana.com.mx\/oficial\/wp-json\/wp\/v2\/types\/post"}],"author":[{"embeddable":true,"href":"https:\/\/visionciudadana.com.mx\/oficial\/wp-json\/wp\/v2\/users\/1"}],"replies":[{"embeddable":true,"href":"https:\/\/visionciudadana.com.mx\/oficial\/wp-json\/wp\/v2\/comments?post=17921"}],"version-history":[{"count":1,"href":"https:\/\/visionciudadana.com.mx\/oficial\/wp-json\/wp\/v2\/posts\/17921\/revisions"}],"predecessor-version":[{"id":30433,"href":"https:\/\/visionciudadana.com.mx\/oficial\/wp-json\/wp\/v2\/posts\/17921\/revisions\/30433"}],"wp:featuredmedia":[{"embeddable":true,"href":"https:\/\/visionciudadana.com.mx\/oficial\/wp-json\/wp\/v2\/posts\/2242"}],"wp:attachment":[{"href":"https:\/\/visionciudadana.com.mx\/oficial\/wp-json\/wp\/v2\/media?parent=17921"}],"wp:term":[{"taxonomy":"category","embeddable":true,"href":"https:\/\/visionciudadana.com.mx\/oficial\/wp-json\/wp\/v2\/categories?post=17921"},{"taxonomy":"post_tag","embeddable":true,"href":"https:\/\/visionciudadana.com.mx\/oficial\/wp-json\/wp\/v2\/tags?post=17921"},{"taxonomy":"author","embeddable":true,"href":"https:\/\/visionciudadana.com.mx\/oficial\/wp-json\/wp\/v2\/ppma_author?post=17921"}],"curies":[{"name":"wp","href":"https:\/\/api.w.org\/{rel}","templated":true}]}}