{"id":17920,"date":"2021-11-17T16:45:47","date_gmt":"2021-11-17T16:45:47","guid":{"rendered":"https:\/\/visionciudadana.com.mx\/chio\/2021\/11\/17\/elige-congreso-a-dos-nuevos-magistrados-y-una-magistrada\/"},"modified":"2025-06-24T23:30:53","modified_gmt":"2025-06-24T23:30:53","slug":"elige-congreso-a-dos-nuevos-magistrados-y-una-magistrada","status":"publish","type":"post","link":"https:\/\/visionciudadana.com.mx\/oficial\/2021\/11\/17\/elige-congreso-a-dos-nuevos-magistrados-y-una-magistrada\/","title":{"rendered":"Elige Congreso a dos nuevos magistrados y una magistrada  \u00a0"},"content":{"rendered":"<div><img fetchpriority=\"high\" decoding=\"async\" src=\"images\/2021\/nov21\/magys.JPG\" alt=\"magys\" width=\"780\" height=\"420\" style=\"display: block; margin: 20px auto;\" \/><\/div>\n<div>&nbsp;<\/div>\n<div style=\"text-align: justify;\"><span style=\"font-size: 14pt;\">En el marco de la sesi\u00f3n ordinaria de este jueves, el pleno del Congreso del Estado eligi\u00f3 por mayor\u00eda en los tres casos, a Jes\u00fas Iv\u00e1n Ch\u00e1vez Rangel como Magistrado Tercero Propietario con 38 votos a favor, a Claudia Yudiria Meza Avenda\u00f1o como Magistrada Primera Propietaria con 36 votos y a Omar Jes\u00fas Abitia Salazar como Magistrado Quinto Propietario del Poder Judicial del Estado de Sinaloa tambi\u00e9n con 36 votos a favor.&nbsp;<\/span><\/div>\n<div style=\"text-align: justify;\">&nbsp;<\/div>\n<div style=\"text-align: justify;\"><span style=\"font-size: 14pt;\"><\/span><\/div>\n<div style=\"text-align: justify;\"><span style=\"font-size: 14pt;\">Los legisladores coincidieron en sus posicionamientos que despu\u00e9s de las comparecencias de quienes integran las tres ternas, y la revisi\u00f3n de sus curr\u00edculums vitae se consider\u00f3 que todos y todas las candidatas reun\u00edan los requisitos para ocupar las magistraturas vacantes.<\/span><\/div>\n<div style=\"text-align: justify;\"><span style=\"font-size: 14pt;\"><\/span><\/div>\n<div style=\"text-align: justify;\">&nbsp;<\/div>\n<div style=\"text-align: justify;\"><span style=\"font-size: 14pt;\">Las Comisiones unidas de Justicia y Puntos Constitucionales y Gobernaci\u00f3n, estuvieran a cargo de las comparecencias de las y los candidatos, y de igual manera se encargaron de realizar el dictamen que se someti\u00f3 a la votaci\u00f3n del pleno este martes.&nbsp;<\/span><\/div>\n<div style=\"text-align: justify;\">&nbsp;<\/div>\n<div style=\"text-align: justify;\"><span style=\"font-size: 14pt;\"><\/span><\/div>\n<div style=\"text-align: justify;\"><span style=\"font-size: 14pt;\">C\u00e9sar Ismael Guerrero Alarc\u00f3n, integrante del Grupo Parlamentario de morena y Presidente de la Comisi\u00f3n de Justicia, particip\u00f3 en la discusi\u00f3n, y expuso que es fundamental para el gobierno contar en estos puestos con personas preparadas y comprometidas con la procuraci\u00f3n de justicia y la seguridad, adem\u00e1s de personas responsables y honorables.&nbsp;<\/span><\/div>\n<div style=\"text-align: justify;\">&nbsp;<\/div>\n<div style=\"text-align: justify;\"><span style=\"font-size: 14pt;\"><\/span><\/div>\n<div style=\"text-align: justify;\"><span style=\"font-size: 14pt;\">\u201cSabemos los problemas que aquejan a Sinaloa, y la expectativa es muy alta, estoy convencido que con la experiencia y la capacidad de todos los candidatos y candidatas ser\u00e1 superada. Es momento de trabajar ene quipo, ciudadanos y gobierno, para que lograr el proyecto de tener un mejor Sinaloa\u201d, consider\u00f3 el legislador morenista.<\/span><\/div>\n<div style=\"text-align: justify;\">&nbsp;<\/div>\n<div style=\"text-align: justify;\">&nbsp;<\/div>\n<div style=\"text-align: justify;\">&nbsp;<\/div>\n<div style=\"text-align: justify;\"><span style=\"font-size: 14pt;\">REDACCION\/VISION CIUDADANA<\/span><\/div>\n","protected":false},"excerpt":{"rendered":"<p>&nbsp; En el marco de la sesi\u00f3n ordinaria de este jueves, el pleno del Congreso del Estado eligi\u00f3 por mayor\u00eda en los tres casos, a Jes\u00fas Iv\u00e1n Ch\u00e1vez Rangel como Magistrado Tercero Propietario con 38 votos a favor, a Claudia Yudiria Meza Avenda\u00f1o como Magistrada Primera Propietaria con 36 votos y a Omar Jes\u00fas Abitia [&hellip;]<\/p>\n","protected":false},"author":1,"featured_media":2240,"comment_status":"closed","ping_status":"closed","sticky":false,"template":"","format":"standard","meta":{"footnotes":""},"categories":[24],"tags":[],"ppma_author":[31],"class_list":["post-17920","post","type-post","status-publish","format-standard","has-post-thumbnail","hentry","category-relevantes"],"aioseo_notices":[],"authors":[{"term_id":31,"user_id":1,"is_guest":0,"slug":"ivan3vino","display_name":"Iv\u00e1n Trevi\u00f1o","avatar_url":{"url":"https:\/\/visionciudadana.com.mx\/oficial\/wp-content\/uploads\/2025\/09\/columna-ivan-Trevino.png","url2x":"https:\/\/visionciudadana.com.mx\/oficial\/wp-content\/uploads\/2025\/09\/columna-ivan-Trevino.png"},"0":null,"1":"","2":"","3":"","4":"","5":"","6":"","7":"","8":""}],"_links":{"self":[{"href":"https:\/\/visionciudadana.com.mx\/oficial\/wp-json\/wp\/v2\/posts\/17920","targetHints":{"allow":["GET"]}}],"collection":[{"href":"https:\/\/visionciudadana.com.mx\/oficial\/wp-json\/wp\/v2\/posts"}],"about":[{"href":"https:\/\/visionciudadana.com.mx\/oficial\/wp-json\/wp\/v2\/types\/post"}],"author":[{"embeddable":true,"href":"https:\/\/visionciudadana.com.mx\/oficial\/wp-json\/wp\/v2\/users\/1"}],"replies":[{"embeddable":true,"href":"https:\/\/visionciudadana.com.mx\/oficial\/wp-json\/wp\/v2\/comments?post=17920"}],"version-history":[{"count":1,"href":"https:\/\/visionciudadana.com.mx\/oficial\/wp-json\/wp\/v2\/posts\/17920\/revisions"}],"predecessor-version":[{"id":30434,"href":"https:\/\/visionciudadana.com.mx\/oficial\/wp-json\/wp\/v2\/posts\/17920\/revisions\/30434"}],"wp:featuredmedia":[{"embeddable":true,"href":"https:\/\/visionciudadana.com.mx\/oficial\/wp-json\/wp\/v2\/posts\/2240"}],"wp:attachment":[{"href":"https:\/\/visionciudadana.com.mx\/oficial\/wp-json\/wp\/v2\/media?parent=17920"}],"wp:term":[{"taxonomy":"category","embeddable":true,"href":"https:\/\/visionciudadana.com.mx\/oficial\/wp-json\/wp\/v2\/categories?post=17920"},{"taxonomy":"post_tag","embeddable":true,"href":"https:\/\/visionciudadana.com.mx\/oficial\/wp-json\/wp\/v2\/tags?post=17920"},{"taxonomy":"author","embeddable":true,"href":"https:\/\/visionciudadana.com.mx\/oficial\/wp-json\/wp\/v2\/ppma_author?post=17920"}],"curies":[{"name":"wp","href":"https:\/\/api.w.org\/{rel}","templated":true}]}}