{"id":17919,"date":"2021-11-17T16:24:34","date_gmt":"2021-11-17T16:24:34","guid":{"rendered":"https:\/\/visionciudadana.com.mx\/chio\/2021\/11\/17\/este-viernes-abre-el-registro-para-que-estudiantes-de-15-a-17-anos-reciban-la-vacuna\/"},"modified":"2025-06-24T23:30:53","modified_gmt":"2025-06-24T23:30:53","slug":"este-viernes-abre-el-registro-para-que-estudiantes-de-15-a-17-anos-reciban-la-vacuna","status":"publish","type":"post","link":"https:\/\/visionciudadana.com.mx\/oficial\/2021\/11\/17\/este-viernes-abre-el-registro-para-que-estudiantes-de-15-a-17-anos-reciban-la-vacuna\/","title":{"rendered":"Este viernes abre el registro para que estudiantes de 15 a 17 a\u00f1os reciban la vacuna\u00a0  \u00a0"},"content":{"rendered":"<p style=\"text-align: justify;\"><img fetchpriority=\"high\" decoding=\"async\" src=\"images\/2021\/nov21\/registro-student.jpg\" alt=\"registro student\" width=\"780\" height=\"420\" style=\"display: block; margin: 20px auto;\" \/><\/p>\n<p class=\"x_MsoNormal\" style=\"text-align: justify;\"><span lang=\"ES\" style=\"font-size: 14pt;\">La Universidad Aut\u00f3noma de Sinaloa (UAS) hace un llamado a todos los estudiantes con edad entre los 15 y 17 a\u00f1os, a que se registren en la p\u00e1gina&nbsp;<a href=\"http:\/\/mivacuna.salud.gob.mx\/\" target=\"_blank\" rel=\"noopener noreferrer\" data-auth=\"NotApplicable\" data-linkindex=\"0\">mivacuna.salud.gob.mx<\/a>&nbsp;para que reciban en su momento la vacuna contra el COVID-19.<\/span><\/p>\n<p style=\"text-align: justify;\">&nbsp;<\/p>\n<p class=\"x_MsoNormal\" style=\"text-align: justify;\"><span lang=\"ES\" style=\"font-size: 14pt;\">De acuerdo a informaci\u00f3n proporcionada por el secretario de Salud del Gobierno Federal, doctor Hugo L\u00f3pez Gatell, en la Estrategia Nacional de Vacunaci\u00f3n se contempla vacunar a este sector de la poblaci\u00f3n a\u00fan cuando no tengan comorbilidades, y para ello este viernes 19 de noviembre se abrir\u00e1 el prerregistro de los j\u00f3venes en el portal establecido a fin de planear la vacunaci\u00f3n y posteriormente abrir los centros de aplicaci\u00f3n de la vacuna en las entidades federativas. Para el prerregistro solo se requiere ingresar la CURP.<\/span><\/p>\n<p class=\"x_MsoNormal\" style=\"text-align: justify;\"><span lang=\"ES\" style=\"font-size: 14pt;\"><\/span><\/p>\n<p class=\"x_MsoNormal\" style=\"text-align: justify;\"><span lang=\"ES\" style=\"font-size: 14pt;\">Cabe destacar que el Rector de la Universidad Aut\u00f3noma de Sinaloa, doctor Jes\u00fas Madue\u00f1a Molina, desde el pasado mes de septiembre solicit\u00f3 a las autoridades federales incluir a sus estudiantes de preparatoria y de licenciatura menores de 18 a\u00f1os como grupo prioritario para la Vacunaci\u00f3n contra el COVID-19, y se habilit\u00f3 una plataforma donde se registraron los j\u00f3venes, ahora deben hacerlo en la p\u00e1gina de la Secretar\u00eda de Salud del Gobierno Federal para que sean contempladas sus dosis.<\/span><\/p>\n<p style=\"text-align: justify;\">&nbsp;<\/p>\n<p style=\"text-align: justify;\">&nbsp;<\/p>\n<p style=\"text-align: justify;\"><span style=\"font-size: 14pt;\">REDACCI\u00d3N\/VISI\u00d3N CIUDADANA.<\/span><\/p>\n","protected":false},"excerpt":{"rendered":"<p>La Universidad Aut\u00f3noma de Sinaloa (UAS) hace un llamado a todos los estudiantes con edad entre los 15 y 17 a\u00f1os, a que se registren en la p\u00e1gina&nbsp;mivacuna.salud.gob.mx&nbsp;para que reciban en su momento la vacuna contra el COVID-19. &nbsp; De acuerdo a informaci\u00f3n proporcionada por el secretario de Salud del Gobierno Federal, doctor Hugo L\u00f3pez [&hellip;]<\/p>\n","protected":false},"author":1,"featured_media":2238,"comment_status":"closed","ping_status":"closed","sticky":false,"template":"","format":"standard","meta":{"footnotes":""},"categories":[24],"tags":[],"ppma_author":[31],"class_list":["post-17919","post","type-post","status-publish","format-standard","has-post-thumbnail","hentry","category-relevantes"],"aioseo_notices":[],"authors":[{"term_id":31,"user_id":1,"is_guest":0,"slug":"ivan3vino","display_name":"Iv\u00e1n Trevi\u00f1o","avatar_url":{"url":"https:\/\/visionciudadana.com.mx\/oficial\/wp-content\/uploads\/2025\/09\/columna-ivan-Trevino.png","url2x":"https:\/\/visionciudadana.com.mx\/oficial\/wp-content\/uploads\/2025\/09\/columna-ivan-Trevino.png"},"0":null,"1":"","2":"","3":"","4":"","5":"","6":"","7":"","8":""}],"_links":{"self":[{"href":"https:\/\/visionciudadana.com.mx\/oficial\/wp-json\/wp\/v2\/posts\/17919","targetHints":{"allow":["GET"]}}],"collection":[{"href":"https:\/\/visionciudadana.com.mx\/oficial\/wp-json\/wp\/v2\/posts"}],"about":[{"href":"https:\/\/visionciudadana.com.mx\/oficial\/wp-json\/wp\/v2\/types\/post"}],"author":[{"embeddable":true,"href":"https:\/\/visionciudadana.com.mx\/oficial\/wp-json\/wp\/v2\/users\/1"}],"replies":[{"embeddable":true,"href":"https:\/\/visionciudadana.com.mx\/oficial\/wp-json\/wp\/v2\/comments?post=17919"}],"version-history":[{"count":1,"href":"https:\/\/visionciudadana.com.mx\/oficial\/wp-json\/wp\/v2\/posts\/17919\/revisions"}],"predecessor-version":[{"id":30435,"href":"https:\/\/visionciudadana.com.mx\/oficial\/wp-json\/wp\/v2\/posts\/17919\/revisions\/30435"}],"wp:featuredmedia":[{"embeddable":true,"href":"https:\/\/visionciudadana.com.mx\/oficial\/wp-json\/wp\/v2\/posts\/2238"}],"wp:attachment":[{"href":"https:\/\/visionciudadana.com.mx\/oficial\/wp-json\/wp\/v2\/media?parent=17919"}],"wp:term":[{"taxonomy":"category","embeddable":true,"href":"https:\/\/visionciudadana.com.mx\/oficial\/wp-json\/wp\/v2\/categories?post=17919"},{"taxonomy":"post_tag","embeddable":true,"href":"https:\/\/visionciudadana.com.mx\/oficial\/wp-json\/wp\/v2\/tags?post=17919"},{"taxonomy":"author","embeddable":true,"href":"https:\/\/visionciudadana.com.mx\/oficial\/wp-json\/wp\/v2\/ppma_author?post=17919"}],"curies":[{"name":"wp","href":"https:\/\/api.w.org\/{rel}","templated":true}]}}