{"id":17918,"date":"2021-11-17T15:56:12","date_gmt":"2021-11-17T15:56:12","guid":{"rendered":"https:\/\/visionciudadana.com.mx\/chio\/2021\/11\/17\/realizan-una-edicion-mas-de-la-expo-mujeres-artesanas\/"},"modified":"2025-06-24T23:30:53","modified_gmt":"2025-06-24T23:30:53","slug":"realizan-una-edicion-mas-de-la-expo-mujeres-artesanas","status":"publish","type":"post","link":"https:\/\/visionciudadana.com.mx\/oficial\/2021\/11\/17\/realizan-una-edicion-mas-de-la-expo-mujeres-artesanas\/","title":{"rendered":"Realizan una edici\u00f3n m\u00e1s de la Expo Mujeres Artesanas"},"content":{"rendered":"<p style=\"text-align: justify;\">&nbsp;<\/p>\n<div style=\"text-align: justify;\"><span style=\"font-size: 14pt;\"><img fetchpriority=\"high\" decoding=\"async\" src=\"images\/2021\/nov21\/artesanitas.jpg\" alt=\"artesanitas\" width=\"780\" height=\"420\" style=\"display: block; margin: 20px auto;\" \/><br aria-hidden=\"true\" \/>El Gobierno de Culiac\u00e1n, a trav\u00e9s de la Direcci\u00f3n de Participaci\u00f3n, llev\u00f3 a cabo una edici\u00f3n m\u00e1s de la Expo Mujeres Artesanas, donde alrededor de 30 f\u00e9minas del municipio ofertaron sus productos en la plazuela \u00c1lvaro Obreg\u00f3n.<\/span><\/div>\n<div style=\"text-align: justify;\">&nbsp;<\/div>\n<div style=\"text-align: justify;\"><span style=\"font-size: 14pt;\"><br aria-hidden=\"true\" \/>Mar\u00eda de la Luz Reyes Garc\u00eda, titular de la direcci\u00f3n, detall\u00f3 que en esta ocasi\u00f3n participan mujeres emprendedoras, jefas madres de familia, con una amplia gama de productos, alimentos, art\u00edculos para el hogar y manualidades, quienes con sus propias manos han elaborado para sacar adelante a sus familias.<\/span><\/div>\n<div style=\"text-align: justify;\">&nbsp;<\/div>\n<div style=\"text-align: justify;\"><span style=\"font-size: 14pt;\"><br aria-hidden=\"true\" \/>\u201cNos congratula celebrar la primera edici\u00f3n de la Expo Mujeres Artesanas de la actual administraci\u00f3n 2021-2024, donde mujeres de la capital sinaloense dan a conocer su talento y creatividad mediante la preparaci\u00f3n de platillos regionales y productos artesanales de muy buena calidad\u201d, manifest\u00f3.<\/span><\/div>\n<div style=\"text-align: justify;\">&nbsp;<\/div>\n<div style=\"text-align: justify;\"><span style=\"font-size: 14pt;\"><br aria-hidden=\"true\" \/>Mar\u00eda de la Luz Reyes dijo que suman m\u00e1s de 40 ediciones realizadas hasta la fecha, logrando una mayor exposici\u00f3n de los productos entre la poblaci\u00f3n, con el prop\u00f3sito de aumentar sus ventas a favor de la econom\u00eda familiar.<\/span><\/div>\n<div style=\"text-align: justify;\">&nbsp;<\/div>\n<div style=\"text-align: justify;\"><span style=\"font-size: 14pt;\"><br aria-hidden=\"true\" \/>Por su parte, Carlos Zamudio de la Herr\u00e1n, Secretario de Bienestar, felicit\u00f3 a las mujeres artesanas por participar en este tipo de actividades demostrando sus cualidades al plasmarlas en art\u00edculos de salud, comidas, productos de belleza, artesan\u00edas, entre otros m\u00e1s.<\/span><\/div>\n<div style=\"text-align: justify;\">&nbsp;<\/div>\n<div style=\"text-align: justify;\"><span style=\"font-size: 14pt;\"><br aria-hidden=\"true\" \/>Mencion\u00f3 que se buscar\u00e1 llevar la expo a m\u00e1s lugares del municipio, as\u00ed como tambi\u00e9n replicar el formato del programa en las sindicaturas, a fin de apoyar a las mujeres artesanas de sus comunidades.<br aria-hidden=\"true\" \/><\/span><\/div>\n<div style=\"text-align: justify;\">&nbsp;<\/div>\n<div style=\"text-align: justify;\">&nbsp;<\/div>\n<div style=\"text-align: justify;\">&nbsp;<\/div>\n<div style=\"text-align: justify;\">&nbsp;<\/div>\n<div style=\"text-align: justify;\"><span style=\"font-size: 14pt;\">REDACCI\u00d3N\/VISI\u00d3N CIUDADANA<\/span><\/div>\n","protected":false},"excerpt":{"rendered":"<p>&nbsp; El Gobierno de Culiac\u00e1n, a trav\u00e9s de la Direcci\u00f3n de Participaci\u00f3n, llev\u00f3 a cabo una edici\u00f3n m\u00e1s de la Expo Mujeres Artesanas, donde alrededor de 30 f\u00e9minas del municipio ofertaron sus productos en la plazuela \u00c1lvaro Obreg\u00f3n. &nbsp; Mar\u00eda de la Luz Reyes Garc\u00eda, titular de la direcci\u00f3n, detall\u00f3 que en esta ocasi\u00f3n participan [&hellip;]<\/p>\n","protected":false},"author":1,"featured_media":2236,"comment_status":"closed","ping_status":"closed","sticky":false,"template":"","format":"standard","meta":{"footnotes":""},"categories":[13],"tags":[],"ppma_author":[31],"class_list":["post-17918","post","type-post","status-publish","format-standard","has-post-thumbnail","hentry","category-locales"],"aioseo_notices":[],"authors":[{"term_id":31,"user_id":1,"is_guest":0,"slug":"ivan3vino","display_name":"Iv\u00e1n Trevi\u00f1o","avatar_url":{"url":"https:\/\/visionciudadana.com.mx\/oficial\/wp-content\/uploads\/2025\/09\/columna-ivan-Trevino.png","url2x":"https:\/\/visionciudadana.com.mx\/oficial\/wp-content\/uploads\/2025\/09\/columna-ivan-Trevino.png"},"0":null,"1":"","2":"","3":"","4":"","5":"","6":"","7":"","8":""}],"_links":{"self":[{"href":"https:\/\/visionciudadana.com.mx\/oficial\/wp-json\/wp\/v2\/posts\/17918","targetHints":{"allow":["GET"]}}],"collection":[{"href":"https:\/\/visionciudadana.com.mx\/oficial\/wp-json\/wp\/v2\/posts"}],"about":[{"href":"https:\/\/visionciudadana.com.mx\/oficial\/wp-json\/wp\/v2\/types\/post"}],"author":[{"embeddable":true,"href":"https:\/\/visionciudadana.com.mx\/oficial\/wp-json\/wp\/v2\/users\/1"}],"replies":[{"embeddable":true,"href":"https:\/\/visionciudadana.com.mx\/oficial\/wp-json\/wp\/v2\/comments?post=17918"}],"version-history":[{"count":1,"href":"https:\/\/visionciudadana.com.mx\/oficial\/wp-json\/wp\/v2\/posts\/17918\/revisions"}],"predecessor-version":[{"id":30436,"href":"https:\/\/visionciudadana.com.mx\/oficial\/wp-json\/wp\/v2\/posts\/17918\/revisions\/30436"}],"wp:featuredmedia":[{"embeddable":true,"href":"https:\/\/visionciudadana.com.mx\/oficial\/wp-json\/wp\/v2\/posts\/2236"}],"wp:attachment":[{"href":"https:\/\/visionciudadana.com.mx\/oficial\/wp-json\/wp\/v2\/media?parent=17918"}],"wp:term":[{"taxonomy":"category","embeddable":true,"href":"https:\/\/visionciudadana.com.mx\/oficial\/wp-json\/wp\/v2\/categories?post=17918"},{"taxonomy":"post_tag","embeddable":true,"href":"https:\/\/visionciudadana.com.mx\/oficial\/wp-json\/wp\/v2\/tags?post=17918"},{"taxonomy":"author","embeddable":true,"href":"https:\/\/visionciudadana.com.mx\/oficial\/wp-json\/wp\/v2\/ppma_author?post=17918"}],"curies":[{"name":"wp","href":"https:\/\/api.w.org\/{rel}","templated":true}]}}