{"id":17916,"date":"2021-11-17T15:50:57","date_gmt":"2021-11-17T15:50:57","guid":{"rendered":"https:\/\/visionciudadana.com.mx\/chio\/2021\/11\/17\/la-vacunacion-es-un-acto-de-amor-y-solidaridad-hacia-los-demas-cuen-ojeda\/"},"modified":"2025-06-24T23:30:53","modified_gmt":"2025-06-24T23:30:53","slug":"la-vacunacion-es-un-acto-de-amor-y-solidaridad-hacia-los-demas-cuen-ojeda","status":"publish","type":"post","link":"https:\/\/visionciudadana.com.mx\/oficial\/2021\/11\/17\/la-vacunacion-es-un-acto-de-amor-y-solidaridad-hacia-los-demas-cuen-ojeda\/","title":{"rendered":"La vacunaci\u00f3n es un acto de amor y solidaridad hacia los dem\u00e1s: Cu\u00e9n Ojeda"},"content":{"rendered":"<p style=\"text-align: justify;\">&nbsp;<\/p>\n<div dir=\"ltr\"><img fetchpriority=\"high\" decoding=\"async\" src=\"images\/2021\/nov21\/vacuna12.jpg\" alt=\"vacuna12\" width=\"780\" height=\"420\" style=\"display: block; margin: 20px auto;\" \/><\/p>\n<div style=\"text-align: justify;\"><span style=\"font-size: 14pt;\">El Secretario de Salud de Sinaloa, M.C. H\u00e9ctor Melesio Cu\u00e9n Ojeda, inform\u00f3 que actualmente se registra un total de 4 mil 600 adolescentes de 12 a 17 a\u00f1os de edad con alguna comorbilidad vacunados en el estado, sin embargo, insisti\u00f3 que es vital llegar al 100% de ellos para que cuenten con protecci\u00f3n ante el Covid \u2013 19.<\/span><\/div>\n<div style=\"text-align: justify;\"><span style=\"font-size: 14pt;\"><\/span><\/div>\n<div style=\"text-align: justify;\"><span style=\"font-size: 14pt;\">Convencido de que la vacunaci\u00f3n es la mejor estrategia para no poner en riesgo la salud de las y los sinaloenses, en especial la del sector vulnerable, el titular de la Salud en la entidad, detall\u00f3 que se establecieron las siguientes sedes:<\/span><\/div>\n<div style=\"text-align: justify;\">&nbsp;<\/div>\n<div style=\"text-align: justify;\"><span style=\"font-size: 14pt;\"><\/span><\/div>\n<div style=\"text-align: justify;\"><span style=\"font-size: 14pt;\">Culiac\u00e1n para primera y segunda dosis, en el Hospital Regional 1 IMSS, a partir del martes 16 al 19 de noviembre; Ahome, para primera y segunda dosis, en el Hospital Ginecopedi\u00e1trico N2 IMSS, del martes 16 al 19 de noviembre; Mazatl\u00e1n, para primera y segunda dosis, Hospital General Zona N3 IMSS, del martes 16 al 19 de noviembre y en Guasave en el Hospital General de zona #32 IMSS de la farmac\u00e9utica Pfizer el 16 de noviembre.<\/span><\/div>\n<div style=\"text-align: justify;\">&nbsp;<\/div>\n<div style=\"text-align: justify;\"><span style=\"font-size: 14pt;\"><\/span><\/div>\n<div style=\"text-align: justify;\"><span style=\"font-size: 14pt;\">\u201cEl llamado es que estamos de manera permanente ahorita vacunando a menores de edad con comorbilidad de 11 a 17 a\u00f1os, es cuesti\u00f3n de que vean la programaci\u00f3n y todos aquellos que est\u00e9n rezagados el problema es que no \u00fanicamente los vamos a inmunizar a ellos sino que vamos a defender tambi\u00e9n con quienes conviven, la vacunaci\u00f3n es un acto de amor es un acto de solidaridad as\u00ed hay que retomarlo y ahorita es el principal problema, que recuerde la gente cuando no pod\u00edamos salir hace un a\u00f1o, cuando est\u00e1bamos enclaustrados con tanto miedo, hoy ya no tenemos tanto miedo pero es por la vacunaci\u00f3n\u201d, manifest\u00f3.&nbsp;<\/span><\/div>\n<div style=\"text-align: justify;\">&nbsp;<\/div>\n<div style=\"text-align: justify;\"><span style=\"font-size: 14pt;\"><\/span><\/div>\n<div style=\"text-align: justify;\"><span style=\"font-size: 14pt;\">Finalmente reiter\u00f3 a la poblaci\u00f3n en general, que la pandemia a\u00fan no se ha terminado y aunque se sigue avanzando en Sinaloa en el tema de la vacunaci\u00f3n hizo un llamado a no bajar la guardia en las medidas de sanidad ya establecidas; uso de cubre bocas, sana distancia y continuo lavado de manos.<\/span><\/div>\n<div style=\"text-align: justify;\">&nbsp;<\/div>\n<div style=\"text-align: justify;\">&nbsp;<\/div>\n<div style=\"text-align: justify;\">&nbsp;<\/div>\n<div style=\"text-align: justify;\">&nbsp;<\/div>\n<div style=\"text-align: justify;\"><span style=\"font-size: 14pt;\">REDACCI\u00d3N\/VISI\u00d3N CIUDADANA.<\/span><\/div>\n<\/div>\n","protected":false},"excerpt":{"rendered":"<p>&nbsp; El Secretario de Salud de Sinaloa, M.C. H\u00e9ctor Melesio Cu\u00e9n Ojeda, inform\u00f3 que actualmente se registra un total de 4 mil 600 adolescentes de 12 a 17 a\u00f1os de edad con alguna comorbilidad vacunados en el estado, sin embargo, insisti\u00f3 que es vital llegar al 100% de ellos para que cuenten con protecci\u00f3n ante [&hellip;]<\/p>\n","protected":false},"author":1,"featured_media":2233,"comment_status":"closed","ping_status":"closed","sticky":false,"template":"","format":"standard","meta":{"footnotes":""},"categories":[24],"tags":[],"ppma_author":[31],"class_list":["post-17916","post","type-post","status-publish","format-standard","has-post-thumbnail","hentry","category-relevantes"],"aioseo_notices":[],"authors":[{"term_id":31,"user_id":1,"is_guest":0,"slug":"ivan3vino","display_name":"Iv\u00e1n Trevi\u00f1o","avatar_url":{"url":"https:\/\/visionciudadana.com.mx\/oficial\/wp-content\/uploads\/2025\/09\/columna-ivan-Trevino.png","url2x":"https:\/\/visionciudadana.com.mx\/oficial\/wp-content\/uploads\/2025\/09\/columna-ivan-Trevino.png"},"0":null,"1":"","2":"","3":"","4":"","5":"","6":"","7":"","8":""}],"_links":{"self":[{"href":"https:\/\/visionciudadana.com.mx\/oficial\/wp-json\/wp\/v2\/posts\/17916","targetHints":{"allow":["GET"]}}],"collection":[{"href":"https:\/\/visionciudadana.com.mx\/oficial\/wp-json\/wp\/v2\/posts"}],"about":[{"href":"https:\/\/visionciudadana.com.mx\/oficial\/wp-json\/wp\/v2\/types\/post"}],"author":[{"embeddable":true,"href":"https:\/\/visionciudadana.com.mx\/oficial\/wp-json\/wp\/v2\/users\/1"}],"replies":[{"embeddable":true,"href":"https:\/\/visionciudadana.com.mx\/oficial\/wp-json\/wp\/v2\/comments?post=17916"}],"version-history":[{"count":1,"href":"https:\/\/visionciudadana.com.mx\/oficial\/wp-json\/wp\/v2\/posts\/17916\/revisions"}],"predecessor-version":[{"id":30437,"href":"https:\/\/visionciudadana.com.mx\/oficial\/wp-json\/wp\/v2\/posts\/17916\/revisions\/30437"}],"wp:featuredmedia":[{"embeddable":true,"href":"https:\/\/visionciudadana.com.mx\/oficial\/wp-json\/wp\/v2\/media\/2233"}],"wp:attachment":[{"href":"https:\/\/visionciudadana.com.mx\/oficial\/wp-json\/wp\/v2\/media?parent=17916"}],"wp:term":[{"taxonomy":"category","embeddable":true,"href":"https:\/\/visionciudadana.com.mx\/oficial\/wp-json\/wp\/v2\/categories?post=17916"},{"taxonomy":"post_tag","embeddable":true,"href":"https:\/\/visionciudadana.com.mx\/oficial\/wp-json\/wp\/v2\/tags?post=17916"},{"taxonomy":"author","embeddable":true,"href":"https:\/\/visionciudadana.com.mx\/oficial\/wp-json\/wp\/v2\/ppma_author?post=17916"}],"curies":[{"name":"wp","href":"https:\/\/api.w.org\/{rel}","templated":true}]}}